{"id":66604,"date":"2019-10-03T11:52:05","date_gmt":"2019-10-03T14:52:05","guid":{"rendered":"https:\/\/www.cordobatimes.com\/showup\/?p=66604"},"modified":"2019-10-03T11:52:05","modified_gmt":"2019-10-03T14:52:05","slug":"de-blanco-y-negro-los-looks-de-los-famosos-en-la-fiesta-de-revista-gente","status":"publish","type":"post","link":"https:\/\/www.cordobatimes.com\/showup\/moda-y-estilos\/2019\/10\/03\/de-blanco-y-negro-los-looks-de-los-famosos-en-la-fiesta-de-revista-gente\/","title":{"rendered":"De blanco y negro, los looks de los famosos en la fiesta de Revista Gente"},"content":{"rendered":"<h3><strong>Revista Gente realiz\u00f3 una gran fiesta en el Hip\u00f3dromo de San Isidro a la que acudieron las figuras m\u00e1s importantes de la televisi\u00f3n<\/strong><\/h3>\n<p><img alt=\"\" loading=\"lazy\" decoding=\"async\" class=\"alignnone size-full wp-image-66606\" src=\"https:\/\/www.cordobatimes.com\/showup\/wp-content\/uploads\/2019\/10\/5.jpg\" alt=\"\" width=\"390\" height=\"561\" srcset=\"https:\/\/www.cordobatimes.com\/showup\/wp-content\/uploads\/2019\/10\/5.jpg 390w, https:\/\/www.cordobatimes.com\/showup\/wp-content\/uploads\/2019\/10\/5-292x420.jpg 292w\" sizes=\"auto, (max-width: 390px) 100vw, 390px\" \/> <img alt=\"\" loading=\"lazy\" decoding=\"async\" class=\"alignnone size-full wp-image-66607\" src=\"https:\/\/www.cordobatimes.com\/showup\/wp-content\/uploads\/2019\/10\/6.jpg\" alt=\"\" width=\"395\" height=\"548\" srcset=\"https:\/\/www.cordobatimes.com\/showup\/wp-content\/uploads\/2019\/10\/6.jpg 395w, https:\/\/www.cordobatimes.com\/showup\/wp-content\/uploads\/2019\/10\/6-303x420.jpg 303w\" sizes=\"auto, (max-width: 395px) 100vw, 395px\" \/> <img alt=\"\" loading=\"lazy\" decoding=\"async\" class=\"alignnone size-full wp-image-66608\" src=\"https:\/\/www.cordobatimes.com\/showup\/wp-content\/uploads\/2019\/10\/7.jpg\" alt=\"\" width=\"381\" height=\"560\" srcset=\"https:\/\/www.cordobatimes.com\/showup\/wp-content\/uploads\/2019\/10\/7.jpg 381w, https:\/\/www.cordobatimes.com\/showup\/wp-content\/uploads\/2019\/10\/7-286x420.jpg 286w\" sizes=\"auto, (max-width: 381px) 100vw, 381px\" \/> <img alt=\"\" loading=\"lazy\" decoding=\"async\" class=\"alignnone size-full wp-image-66609\" src=\"https:\/\/www.cordobatimes.com\/showup\/wp-content\/uploads\/2019\/10\/8.jpg\" alt=\"\" width=\"367\" height=\"553\" srcset=\"https:\/\/www.cordobatimes.com\/showup\/wp-content\/uploads\/2019\/10\/8.jpg 367w, https:\/\/www.cordobatimes.com\/showup\/wp-content\/uploads\/2019\/10\/8-279x420.jpg 279w\" sizes=\"auto, (max-width: 367px) 100vw, 367px\" \/> <img alt=\"\" loading=\"lazy\" decoding=\"async\" class=\"alignnone size-full wp-image-66610\" src=\"https:\/\/www.cordobatimes.com\/showup\/wp-content\/uploads\/2019\/10\/9.jpg\" alt=\"\" width=\"491\" height=\"565\" srcset=\"https:\/\/www.cordobatimes.com\/showup\/wp-content\/uploads\/2019\/10\/9.jpg 491w, https:\/\/www.cordobatimes.com\/showup\/wp-content\/uploads\/2019\/10\/9-365x420.jpg 365w\" sizes=\"auto, (max-width: 491px) 100vw, 491px\" \/> <img alt=\"\" loading=\"lazy\" decoding=\"async\" class=\"alignnone size-full wp-image-66611\" src=\"https:\/\/www.cordobatimes.com\/showup\/wp-content\/uploads\/2019\/10\/10.jpg\" alt=\"\" width=\"408\" height=\"543\" srcset=\"https:\/\/www.cordobatimes.com\/showup\/wp-content\/uploads\/2019\/10\/10.jpg 408w, https:\/\/www.cordobatimes.com\/showup\/wp-content\/uploads\/2019\/10\/10-316x420.jpg 316w\" sizes=\"auto, (max-width: 408px) 100vw, 408px\" \/> <img alt=\"\" loading=\"lazy\" decoding=\"async\" class=\"alignnone size-full wp-image-66612\" src=\"https:\/\/www.cordobatimes.com\/showup\/wp-content\/uploads\/2019\/10\/11.jpg\" alt=\"\" width=\"371\" height=\"549\" srcset=\"https:\/\/www.cordobatimes.com\/showup\/wp-content\/uploads\/2019\/10\/11.jpg 371w, https:\/\/www.cordobatimes.com\/showup\/wp-content\/uploads\/2019\/10\/11-284x420.jpg 284w\" sizes=\"auto, (max-width: 371px) 100vw, 371px\" \/> <img alt=\"\" loading=\"lazy\" decoding=\"async\" class=\"alignnone size-full wp-image-66613\" src=\"https:\/\/www.cordobatimes.com\/showup\/wp-content\/uploads\/2019\/10\/12.jpg\" alt=\"\" width=\"402\" height=\"551\" srcset=\"https:\/\/www.cordobatimes.com\/showup\/wp-content\/uploads\/2019\/10\/12.jpg 402w, https:\/\/www.cordobatimes.com\/showup\/wp-content\/uploads\/2019\/10\/12-306x420.jpg 306w\" sizes=\"auto, (max-width: 402px) 100vw, 402px\" \/> <img alt=\"\" loading=\"lazy\" decoding=\"async\" class=\"alignnone size-full wp-image-66614\" src=\"https:\/\/www.cordobatimes.com\/showup\/wp-content\/uploads\/2019\/10\/13.jpg\" alt=\"\" width=\"371\" height=\"531\" srcset=\"https:\/\/www.cordobatimes.com\/showup\/wp-content\/uploads\/2019\/10\/13.jpg 371w, https:\/\/www.cordobatimes.com\/showup\/wp-content\/uploads\/2019\/10\/13-293x420.jpg 293w\" sizes=\"auto, (max-width: 371px) 100vw, 371px\" \/> <img alt=\"\" loading=\"lazy\" decoding=\"async\" class=\"alignnone size-full wp-image-66615\" src=\"https:\/\/www.cordobatimes.com\/showup\/wp-content\/uploads\/2019\/10\/14.jpg\" alt=\"\" width=\"331\" height=\"531\" srcset=\"https:\/\/www.cordobatimes.com\/showup\/wp-content\/uploads\/2019\/10\/14.jpg 331w, https:\/\/www.cordobatimes.com\/showup\/wp-content\/uploads\/2019\/10\/14-262x420.jpg 262w\" sizes=\"auto, (max-width: 331px) 100vw, 331px\" \/> <img alt=\"\" loading=\"lazy\" decoding=\"async\" class=\"alignnone size-full wp-image-66616\" src=\"https:\/\/www.cordobatimes.com\/showup\/wp-content\/uploads\/2019\/10\/15.jpg\" alt=\"\" width=\"397\" height=\"542\" srcset=\"https:\/\/www.cordobatimes.com\/showup\/wp-content\/uploads\/2019\/10\/15.jpg 397w, https:\/\/www.cordobatimes.com\/showup\/wp-content\/uploads\/2019\/10\/15-308x420.jpg 308w\" sizes=\"auto, (max-width: 397px) 100vw, 397px\" \/> <img alt=\"\" loading=\"lazy\" decoding=\"async\" class=\"alignnone size-full wp-image-66617\" src=\"https:\/\/www.cordobatimes.com\/showup\/wp-content\/uploads\/2019\/10\/16.jpg\" alt=\"\" width=\"412\" height=\"552\" srcset=\"https:\/\/www.cordobatimes.com\/showup\/wp-content\/uploads\/2019\/10\/16.jpg 412w, https:\/\/www.cordobatimes.com\/showup\/wp-content\/uploads\/2019\/10\/16-313x420.jpg 313w\" sizes=\"auto, (max-width: 412px) 100vw, 412px\" \/> <img alt=\"\" loading=\"lazy\" decoding=\"async\" class=\"alignnone size-full wp-image-66618\" src=\"https:\/\/www.cordobatimes.com\/showup\/wp-content\/uploads\/2019\/10\/17.jpg\" alt=\"\" width=\"391\" height=\"540\" srcset=\"https:\/\/www.cordobatimes.com\/showup\/wp-content\/uploads\/2019\/10\/17.jpg 391w, https:\/\/www.cordobatimes.com\/showup\/wp-content\/uploads\/2019\/10\/17-304x420.jpg 304w\" sizes=\"auto, (max-width: 391px) 100vw, 391px\" \/> <img alt=\"\" loading=\"lazy\" decoding=\"async\" class=\"alignnone size-full wp-image-66619\" src=\"https:\/\/www.cordobatimes.com\/showup\/wp-content\/uploads\/2019\/10\/18.jpg\" alt=\"\" width=\"384\" height=\"519\" srcset=\"https:\/\/www.cordobatimes.com\/showup\/wp-content\/uploads\/2019\/10\/18.jpg 384w, https:\/\/www.cordobatimes.com\/showup\/wp-content\/uploads\/2019\/10\/18-311x420.jpg 311w\" sizes=\"auto, (max-width: 384px) 100vw, 384px\" \/> <img alt=\"\" loading=\"lazy\" decoding=\"async\" class=\"alignnone size-full wp-image-66620\" src=\"https:\/\/www.cordobatimes.com\/showup\/wp-content\/uploads\/2019\/10\/19.jpg\" alt=\"\" width=\"382\" height=\"527\" srcset=\"https:\/\/www.cordobatimes.com\/showup\/wp-content\/uploads\/2019\/10\/19.jpg 382w, https:\/\/www.cordobatimes.com\/showup\/wp-content\/uploads\/2019\/10\/19-304x420.jpg 304w\" sizes=\"auto, (max-width: 382px) 100vw, 382px\" \/> <img alt=\"\" loading=\"lazy\" decoding=\"async\" class=\"alignnone size-full wp-image-66621\" src=\"https:\/\/www.cordobatimes.com\/showup\/wp-content\/uploads\/2019\/10\/20.jpg\" alt=\"\" width=\"496\" height=\"562\" srcset=\"https:\/\/www.cordobatimes.com\/showup\/wp-content\/uploads\/2019\/10\/20.jpg 496w, https:\/\/www.cordobatimes.com\/showup\/wp-content\/uploads\/2019\/10\/20-371x420.jpg 371w\" sizes=\"auto, (max-width: 496px) 100vw, 496px\" \/> <img alt=\"\" loading=\"lazy\" decoding=\"async\" class=\"alignnone size-full wp-image-66622\" src=\"https:\/\/www.cordobatimes.com\/showup\/wp-content\/uploads\/2019\/10\/21.jpg\" alt=\"\" width=\"434\" height=\"554\" srcset=\"https:\/\/www.cordobatimes.com\/showup\/wp-content\/uploads\/2019\/10\/21.jpg 434w, https:\/\/www.cordobatimes.com\/showup\/wp-content\/uploads\/2019\/10\/21-329x420.jpg 329w\" sizes=\"auto, (max-width: 434px) 100vw, 434px\" \/> <img alt=\"\" loading=\"lazy\" decoding=\"async\" class=\"alignnone size-full wp-image-66623\" src=\"https:\/\/www.cordobatimes.com\/showup\/wp-content\/uploads\/2019\/10\/22.jpg\" alt=\"\" width=\"504\" height=\"573\" srcset=\"https:\/\/www.cordobatimes.com\/showup\/wp-content\/uploads\/2019\/10\/22.jpg 504w, https:\/\/www.cordobatimes.com\/showup\/wp-content\/uploads\/2019\/10\/22-369x420.jpg 369w\" sizes=\"auto, (max-width: 504px) 100vw, 504px\" \/> <img alt=\"\" loading=\"lazy\" decoding=\"async\" class=\"alignnone size-full wp-image-66624\" src=\"https:\/\/www.cordobatimes.com\/showup\/wp-content\/uploads\/2019\/10\/23.jpg\" alt=\"\" width=\"467\" height=\"575\" srcset=\"https:\/\/www.cordobatimes.com\/showup\/wp-content\/uploads\/2019\/10\/23.jpg 467w, https:\/\/www.cordobatimes.com\/showup\/wp-content\/uploads\/2019\/10\/23-341x420.jpg 341w, https:\/\/www.cordobatimes.com\/showup\/wp-content\/uploads\/2019\/10\/23-324x400.jpg 324w\" sizes=\"auto, (max-width: 467px) 100vw, 467px\" \/><\/p>\n","protected":false},"excerpt":{"rendered":"<p>Revista Gente realiz\u00f3 una gran fiesta en el Hip\u00f3dromo de San Isidro a la que acudieron las figuras m\u00e1s importantes de la televisi\u00f3n<\/p>\n","protected":false},"author":1,"featured_media":66605,"comment_status":"closed","ping_status":"closed","sticky":false,"template":"","format":"standard","meta":{"_seopress_robots_primary_cat":"","_seopress_titles_title":"","_seopress_titles_desc":"","_seopress_robots_index":"","footnotes":""},"categories":[228],"tags":[24579,24580,20387],"class_list":{"0":"post-66604","1":"post","2":"type-post","3":"status-publish","4":"format-standard","5":"has-post-thumbnail","7":"category-moda-y-estilos","8":"tag-famosos-en-la-fiesta-de-revista-gente","9":"tag-fiesta-de-revista-gente","10":"tag-looks-de-los-famosos"},"_links":{"self":[{"href":"https:\/\/www.cordobatimes.com\/showup\/wp-json\/wp\/v2\/posts\/66604","targetHints":{"allow":["GET"]}}],"collection":[{"href":"https:\/\/www.cordobatimes.com\/showup\/wp-json\/wp\/v2\/posts"}],"about":[{"href":"https:\/\/www.cordobatimes.com\/showup\/wp-json\/wp\/v2\/types\/post"}],"author":[{"embeddable":true,"href":"https:\/\/www.cordobatimes.com\/showup\/wp-json\/wp\/v2\/users\/1"}],"replies":[{"embeddable":true,"href":"https:\/\/www.cordobatimes.com\/showup\/wp-json\/wp\/v2\/comments?post=66604"}],"version-history":[{"count":0,"href":"https:\/\/www.cordobatimes.com\/showup\/wp-json\/wp\/v2\/posts\/66604\/revisions"}],"wp:featuredmedia":[{"embeddable":true,"href":"https:\/\/www.cordobatimes.com\/showup\/wp-json\/wp\/v2\/media\/66605"}],"wp:attachment":[{"href":"https:\/\/www.cordobatimes.com\/showup\/wp-json\/wp\/v2\/media?parent=66604"}],"wp:term":[{"taxonomy":"category","embeddable":true,"href":"https:\/\/www.cordobatimes.com\/showup\/wp-json\/wp\/v2\/categories?post=66604"},{"taxonomy":"post_tag","embeddable":true,"href":"https:\/\/www.cordobatimes.com\/showup\/wp-json\/wp\/v2\/tags?post=66604"}],"curies":[{"name":"wp","href":"https:\/\/api.w.org\/{rel}","templated":true}]}}