{"id":66572,"date":"2019-09-27T10:56:25","date_gmt":"2019-09-27T13:56:25","guid":{"rendered":"https:\/\/www.cordobatimes.com\/showup\/?p=66572"},"modified":"2019-09-27T10:56:29","modified_gmt":"2019-09-27T13:56:29","slug":"pablo-echarri-protagonizara-una-pelicula-sobre-el-trafico-de-personas","status":"publish","type":"post","link":"https:\/\/www.cordobatimes.com\/showup\/cine-y-series\/2019\/09\/27\/pablo-echarri-protagonizara-una-pelicula-sobre-el-trafico-de-personas\/","title":{"rendered":"Pablo Echarri protagonizar\u00e1 una pel\u00edcula sobre el tr\u00e1fico de personas"},"content":{"rendered":"<h3><strong>El actor ser\u00e1 protagonista de\u00a0Muralla, una producci\u00f3n boliviana sobre el tr\u00e1fico de personas.<\/strong><\/h3>\n<p>Pablo Echarri participa del filme Muralla, \u00f3pera prima del cineasta boliviano Gory Pati\u00f1o que hace foco en el tema de la trata de personas y que el jueves 3 de octubre tendr\u00e1 su estreno en las salas de cine argentinas.<\/p>\n<p>\u00abSe trata de un policial que habla de una tem\u00e1tica muy dura y muy profunda, pero a la vez muy necesaria para entender el entramado del tr\u00e1fico de personas\u00bb, coment\u00f3 en charla con T\u00e9lam el actor Pablo Echarri, quien en el 2018 viaj\u00f3 a La Paz, Bolivia, para rodar este largometraje.<\/p>\n<p>En\u00a0Muralla, Echarri encarna a un m\u00e9dico argentino. \u00abEs uno de los eslabones de la trata de j\u00f3venes, Es una realidad mundial, las v\u00edctimas han terminado en distintas partes del mundo y est\u00e1 ligada a la problem\u00e1tica a trav\u00e9s de la pobreza\u00bb.<\/p>\n<p>El elenco lo completan Juan Carlos Aduviri, Quispe Luis Aduviri, Aparapita, Fernando Arze Echalar y Jorge Freddy Chipana.<\/p>\n<p>La trama se centra en Coco \u00abMuralla\u00bb Rivera, quien fue un gran arquero de f\u00fatbol en los 90. Hoy es un chofer de minib\u00fas alcoh\u00f3lico, que vende una ni\u00f1a a una red de trata para pagar la operaci\u00f3n de su hijo enfermo. El ni\u00f1o muere y su fantasma atormenta al \u00abMuralla\u00bb, quien en busca de redenci\u00f3n decide recuperar a la ni\u00f1a, aunque esto implique su propia condena.<\/p>\n<p><iframe loading=\"lazy\" width=\"560\" height=\"315\" src=\"https:\/\/www.youtube.com\/embed\/6ylHERHdtDo\" frameborder=\"0\" allow=\"accelerometer; autoplay; encrypted-media; gyroscope; picture-in-picture\" allowfullscreen><\/iframe><\/p>\n","protected":false},"excerpt":{"rendered":"<p>El actor ser\u00e1 protagonista de\u00a0Muralla, una producci\u00f3n boliviana sobre el tr\u00e1fico de personas. Pablo Echarri participa del filme Muralla, \u00f3pera prima del cineasta boliviano Gory Pati\u00f1o que hace foco en el tema de la trata de personas y que el jueves 3 de octubre tendr\u00e1 su estreno en las salas de cine argentinas. \u00abSe trata [&hellip;]<\/p>\n","protected":false},"author":1,"featured_media":66573,"comment_status":"closed","ping_status":"closed","sticky":false,"template":"","format":"standard","meta":{"_seopress_robots_primary_cat":"","_seopress_titles_title":"","_seopress_titles_desc":"","_seopress_robots_index":"","footnotes":""},"categories":[3],"tags":[24562,24563],"class_list":{"0":"post-66572","1":"post","2":"type-post","3":"status-publish","4":"format-standard","5":"has-post-thumbnail","7":"category-cine-y-series","8":"tag-pablo-echarri-trafico-de-personas","9":"tag-trafico-de-personas-muralla"},"_links":{"self":[{"href":"https:\/\/www.cordobatimes.com\/showup\/wp-json\/wp\/v2\/posts\/66572","targetHints":{"allow":["GET"]}}],"collection":[{"href":"https:\/\/www.cordobatimes.com\/showup\/wp-json\/wp\/v2\/posts"}],"about":[{"href":"https:\/\/www.cordobatimes.com\/showup\/wp-json\/wp\/v2\/types\/post"}],"author":[{"embeddable":true,"href":"https:\/\/www.cordobatimes.com\/showup\/wp-json\/wp\/v2\/users\/1"}],"replies":[{"embeddable":true,"href":"https:\/\/www.cordobatimes.com\/showup\/wp-json\/wp\/v2\/comments?post=66572"}],"version-history":[{"count":0,"href":"https:\/\/www.cordobatimes.com\/showup\/wp-json\/wp\/v2\/posts\/66572\/revisions"}],"wp:featuredmedia":[{"embeddable":true,"href":"https:\/\/www.cordobatimes.com\/showup\/wp-json\/wp\/v2\/media\/66573"}],"wp:attachment":[{"href":"https:\/\/www.cordobatimes.com\/showup\/wp-json\/wp\/v2\/media?parent=66572"}],"wp:term":[{"taxonomy":"category","embeddable":true,"href":"https:\/\/www.cordobatimes.com\/showup\/wp-json\/wp\/v2\/categories?post=66572"},{"taxonomy":"post_tag","embeddable":true,"href":"https:\/\/www.cordobatimes.com\/showup\/wp-json\/wp\/v2\/tags?post=66572"}],"curies":[{"name":"wp","href":"https:\/\/api.w.org\/{rel}","templated":true}]}}