{"id":66559,"date":"2019-09-24T10:29:38","date_gmt":"2019-09-24T13:29:38","guid":{"rendered":"https:\/\/www.cordobatimes.com\/showup\/?p=66559"},"modified":"2019-09-24T10:29:38","modified_gmt":"2019-09-24T13:29:38","slug":"el-trailer-de-la-segunda-temporada-de-la-casa-de-las-flores","status":"publish","type":"post","link":"https:\/\/www.cordobatimes.com\/showup\/cine-y-series\/2019\/09\/24\/el-trailer-de-la-segunda-temporada-de-la-casa-de-las-flores\/","title":{"rendered":"El tr\u00e1iler de la segunda temporada de \u00abLa casa de las flores\u00bb"},"content":{"rendered":"<h3><strong>La serie de Netflix que hizo tan popular a la familia De La Mora.<\/strong><\/h3>\n<p>Despu\u00e9s de quedarse sin florer\u00eda, sin dinero y sin mam\u00e1, los De La Mora est\u00e1n listos para levantarse y vengar a su familia: llega el tan angustiante como gracioso tr\u00e1iler de la segunda temporada de La casa de las flores, la exitosa serie espa\u00f1ola de Netflix.<\/p>\n<p>Reza la sinopsis: \u00abTras la inesperada muerte de la matriarca Virginia de La Mora, la familia De La Mora se est\u00e1 cayendo a pedazos. Paulina, quien ahora vive en Madrid con Mar\u00eda Jos\u00e9 y su hijo Bruno, se ve obligada a volver a M\u00e9xico cuando se entera que el testamento de su madre ha sido impugnado\u00bb.<\/p>\n<p>La segunda temporada de\u00a0La casa de las flores\u00a0se estrena el 18 de octubre en la popular plataforma.<\/p>\n<p><iframe loading=\"lazy\" src=\"https:\/\/api.vodgc.net\/player\/v2\/embed\/playerId\/1FMX3V1500998386\/contentId\/815889#amp=1\" frameborder=\"0\" allowfullscreen width=\"650\" height=\"390\" scrolling=\"no\"><\/iframe><\/p>\n","protected":false},"excerpt":{"rendered":"<p>La serie de Netflix que hizo tan popular a la familia De La Mora. Despu\u00e9s de quedarse sin florer\u00eda, sin dinero y sin mam\u00e1, los De La Mora est\u00e1n listos para levantarse y vengar a su familia: llega el tan angustiante como gracioso tr\u00e1iler de la segunda temporada de La casa de las flores, la [&hellip;]<\/p>\n","protected":false},"author":1,"featured_media":66560,"comment_status":"closed","ping_status":"closed","sticky":false,"template":"","format":"standard","meta":{"_seopress_robots_primary_cat":"","_seopress_titles_title":"","_seopress_titles_desc":"","_seopress_robots_index":"","footnotes":""},"categories":[3],"tags":[23019,24553],"class_list":{"0":"post-66559","1":"post","2":"type-post","3":"status-publish","4":"format-standard","5":"has-post-thumbnail","7":"category-cine-y-series","8":"tag-segunda-temporada-de-la-casa-de-las-flores","9":"tag-trailer-la-casa-de-las-flores-2"},"_links":{"self":[{"href":"https:\/\/www.cordobatimes.com\/showup\/wp-json\/wp\/v2\/posts\/66559","targetHints":{"allow":["GET"]}}],"collection":[{"href":"https:\/\/www.cordobatimes.com\/showup\/wp-json\/wp\/v2\/posts"}],"about":[{"href":"https:\/\/www.cordobatimes.com\/showup\/wp-json\/wp\/v2\/types\/post"}],"author":[{"embeddable":true,"href":"https:\/\/www.cordobatimes.com\/showup\/wp-json\/wp\/v2\/users\/1"}],"replies":[{"embeddable":true,"href":"https:\/\/www.cordobatimes.com\/showup\/wp-json\/wp\/v2\/comments?post=66559"}],"version-history":[{"count":0,"href":"https:\/\/www.cordobatimes.com\/showup\/wp-json\/wp\/v2\/posts\/66559\/revisions"}],"wp:featuredmedia":[{"embeddable":true,"href":"https:\/\/www.cordobatimes.com\/showup\/wp-json\/wp\/v2\/media\/66560"}],"wp:attachment":[{"href":"https:\/\/www.cordobatimes.com\/showup\/wp-json\/wp\/v2\/media?parent=66559"}],"wp:term":[{"taxonomy":"category","embeddable":true,"href":"https:\/\/www.cordobatimes.com\/showup\/wp-json\/wp\/v2\/categories?post=66559"},{"taxonomy":"post_tag","embeddable":true,"href":"https:\/\/www.cordobatimes.com\/showup\/wp-json\/wp\/v2\/tags?post=66559"}],"curies":[{"name":"wp","href":"https:\/\/api.w.org\/{rel}","templated":true}]}}