{"id":66556,"date":"2019-09-24T10:03:17","date_gmt":"2019-09-24T13:03:17","guid":{"rendered":"https:\/\/www.cordobatimes.com\/showup\/?p=66556"},"modified":"2019-09-24T10:03:17","modified_gmt":"2019-09-24T13:03:17","slug":"la-odisea-de-los-giles-competira-en-los-premios-oscar","status":"publish","type":"post","link":"https:\/\/www.cordobatimes.com\/showup\/cine-y-series\/2019\/09\/24\/la-odisea-de-los-giles-competira-en-los-premios-oscar\/","title":{"rendered":"\u00abLa odisea de los giles\u00bb competir\u00e1 en los Premios  Oscar"},"content":{"rendered":"<h3><strong>La Academia de Artes y Ciencias Cinematogr\u00e1ficas de la Argentina decidi\u00f3 enviar a su par en Hollywood la exitosa pel\u00edcula dirigida por Sebasti\u00e1n Borensztein<\/strong>.<\/h3>\n<p>La odisea de los giles ser\u00e1 la representante nacional a los premios Oscar. En una ceremonia realizada en la noche de este lunes en el Centro Cultural 25 de Mayo, la Academia de Artes y Ciencias Cinematogr\u00e1ficas de la Argentina, conformada por integrantes de la industria local y organizadora de los Premios Sur, decidi\u00f3 enviar a su par en Hollywood la exitosa pel\u00edcula dirigida por Sebasti\u00e1n Borensztein y protagonizada por Ricardo Dar\u00edn, Luis Brandoni, Chino Dar\u00edn, Ver\u00f3nica Llin\u00e1s, Daniel Ar\u00e1oz, Carlos Belloso y Rita Cortese. La producci\u00f3n de K&amp;S &#8211;que ya super\u00f3 largamente el mill\u00f3n de espectadores en la cartelera local&#8211; ser\u00e1 pre-candidata y competir\u00e1 en una primera ronda con otras 80 pel\u00edculas del mundo, que luego de un primer filtro pasar\u00e1n a ser apenas nueve para finalmente conformar las cinco candidatas en el rubro Mejor pel\u00edcula extranjera, en una ceremonia que se llevar\u00e1 a cabo el 9 de febrero de 2020 en el Dolby Theatre de Los \u00c1ngeles.<\/p>\n<p>Pero atenci\u00f3n: para llegar a esa \u00faltima instancia, la pel\u00edcula inspirada en la novela\u00a0La noche de la usina\u00a0de Eduardo Sacheri deber\u00e1 medirse con realizaciones de alt\u00edsimo nivel art\u00edstico, como la espa\u00f1ola\u00a0Dolor y gloria, de Pedro Almod\u00f3var, la coreana\u00a0Parasite, de Boon Jong-ho, la palestina\u00a0It Must Be Heaven, de Elia Suleiman, y la rumana\u00a0La gomera, del rumano Cornelio Porumboiu, todas presentadas en competencia oficial en el \u00faltimo Festival de Cannes, en mayo pasado, donde la producci\u00f3n coreana obtuvo la Palma de Oro.<\/p>\n<p>Hace apenas diez d\u00edas, la misma Academia de Artes y Ciencias Cinematogr\u00e1ficas de la Argentina ya hab\u00eda determinado que\u00a0La odisea de los giles, que tuvo su lanzamiento internacional en el Toronto International Film Festival y actualmente participa del Festival de San Sebasti\u00e1n, en el Pa\u00eds Vasco, fuera la\u00a0representante argentina al Premio Goya, en el rubro Mejor Pel\u00edcula Iberoamericana. Ese es un escenario mucho m\u00e1s amable para el cine nacional, donde ya ha ganado en numerosas oportunidades.<\/p>\n<p>Por su parte,\u00a0en los Premios Sur destinados a destacar la producci\u00f3n cinematogr\u00e1fica argentina 2018, la gran ganadora de la noche fue\u00a0Rojo, de Benjam\u00edn Naishtat, que se llev\u00f3 los premios a la mejor pel\u00edcula, mejor director, mejor guion original (tambi\u00e9n Naishtat), mejor actor protag\u00f3nico (Dar\u00edo Grandinetti), mejor sonido y mejor montaje.<\/p>\n<p>El Angel, la pel\u00edcula dirigida por Luis Ortega, se llev\u00f3 a su vez siete galardones, dejando rezagadas a sus competidoras Joel, dirigida por Carlos Sor\u00edn, y La noche de 12 a\u00f1os, de Alvaro Brechner, que se quedaron sin premios. El retrato pop del m\u00faltiple asesino Carlos Robledo Puch acapar\u00f3 los premios a la revelaci\u00f3n masculina (el debutante Lorenzo Ferro), al mejor actor secundario (Daniel Fanego), mejor direcci\u00f3n art\u00edstica, mejor dise\u00f1o de vestuario, mejor maquillaje y caracterizaci\u00f3n y mejor fotograf\u00eda. Un caso curioso fue el de Mercedes Mor\u00e1n, doblemente premiada como mejor actriz secundaria por El \u00c1ngel y mejor actriz protag\u00f3nica, por Familia sumergida.<\/p>\n<p>Como mejor documental, fue votado\u00a0Piazzolla, los a\u00f1os del Tibur\u00f3n, de Daniel Rosenfeld.\u00a0El premio a la mejor opera prima fue para\u00a0El motoarrebatador, del tucumano Agust\u00edn Toscano, y hubo distinciones de honor para Manuel Ant\u00edn y Norma Aleandro.<\/p>\n","protected":false},"excerpt":{"rendered":"<p>La Academia de Artes y Ciencias Cinematogr\u00e1ficas de la Argentina decidi\u00f3 enviar a su par en Hollywood la exitosa pel\u00edcula dirigida por Sebasti\u00e1n Borensztein. La odisea de los giles ser\u00e1 la representante nacional a los premios Oscar. En una ceremonia realizada en la noche de este lunes en el Centro Cultural 25 de Mayo, la [&hellip;]<\/p>\n","protected":false},"author":1,"featured_media":66557,"comment_status":"closed","ping_status":"closed","sticky":false,"template":"","format":"standard","meta":{"_seopress_robots_primary_cat":"","_seopress_titles_title":"","_seopress_titles_desc":"","_seopress_robots_index":"","footnotes":""},"categories":[3],"tags":[22330,24552],"class_list":{"0":"post-66556","1":"post","2":"type-post","3":"status-publish","4":"format-standard","5":"has-post-thumbnail","7":"category-cine-y-series","8":"tag-academia-de-artes-y-ciencias-cinematograficas","9":"tag-la-odisea-de-los-giles-premios-oscar"},"_links":{"self":[{"href":"https:\/\/www.cordobatimes.com\/showup\/wp-json\/wp\/v2\/posts\/66556","targetHints":{"allow":["GET"]}}],"collection":[{"href":"https:\/\/www.cordobatimes.com\/showup\/wp-json\/wp\/v2\/posts"}],"about":[{"href":"https:\/\/www.cordobatimes.com\/showup\/wp-json\/wp\/v2\/types\/post"}],"author":[{"embeddable":true,"href":"https:\/\/www.cordobatimes.com\/showup\/wp-json\/wp\/v2\/users\/1"}],"replies":[{"embeddable":true,"href":"https:\/\/www.cordobatimes.com\/showup\/wp-json\/wp\/v2\/comments?post=66556"}],"version-history":[{"count":0,"href":"https:\/\/www.cordobatimes.com\/showup\/wp-json\/wp\/v2\/posts\/66556\/revisions"}],"wp:featuredmedia":[{"embeddable":true,"href":"https:\/\/www.cordobatimes.com\/showup\/wp-json\/wp\/v2\/media\/66557"}],"wp:attachment":[{"href":"https:\/\/www.cordobatimes.com\/showup\/wp-json\/wp\/v2\/media?parent=66556"}],"wp:term":[{"taxonomy":"category","embeddable":true,"href":"https:\/\/www.cordobatimes.com\/showup\/wp-json\/wp\/v2\/categories?post=66556"},{"taxonomy":"post_tag","embeddable":true,"href":"https:\/\/www.cordobatimes.com\/showup\/wp-json\/wp\/v2\/tags?post=66556"}],"curies":[{"name":"wp","href":"https:\/\/api.w.org\/{rel}","templated":true}]}}