{"id":66522,"date":"2019-09-18T13:02:17","date_gmt":"2019-09-18T16:02:17","guid":{"rendered":"https:\/\/www.cordobatimes.com\/showup\/?p=66522"},"modified":"2019-09-18T13:02:17","modified_gmt":"2019-09-18T16:02:17","slug":"pablo-echarri-hablo-sobre-el-apodo-de-gato-el-personaje-de-su-nueva-serie","status":"publish","type":"post","link":"https:\/\/www.cordobatimes.com\/showup\/cine-y-series\/2019\/09\/18\/pablo-echarri-hablo-sobre-el-apodo-de-gato-el-personaje-de-su-nueva-serie\/","title":{"rendered":"Pablo Echarri habl\u00f3 sobre el apodo de \u00abGato\u00bb el personaje de su nueva serie"},"content":{"rendered":"<h3><strong>El actor protagoniza la miniserie Atrapa a un ladr\u00f3n, coproducci\u00f3n argentino-espa\u00f1ola que se estrenar\u00e1 por Telefe.<\/strong><\/h3>\n<p>La miniserie Atrapa a un ladr\u00f3n, que adapta un cl\u00e1sico cinematogr\u00e1fico de Alfred Hitchcok (To Catch A Thief, 1955), est\u00e1 protagonizada por Pablo Echarri y la espa\u00f1ola Alexandra Jim\u00e9nez. Entrevistado por la revista Miradas, de Cablevisi\u00f3n, se refiri\u00f3 al curioso apodo que tiene su personaje de Juan Robles, un famoso ladr\u00f3n de obras de arte.<\/p>\n<p>Es que en esta producci\u00f3n que estrenar\u00e1n Telefe y la plataforma a demanda Flow, a Juan lo llaman \u00abGato\u00bb, el mismo apodo que se utiliza para referirse al presidente Mauricio Macri (que no es de la simpat\u00eda de Echarri).<\/p>\n<p>En la entrevista de Miriam Caputo, la periodista le pregunta si sabe todo lo que se va a decir al respecto. \u00abS\u00ed, pero cualquier similitud con la realidad, es pura coincidencia\u00bb, asegura Pablo Echarri.<\/p>\n<p>\u00abDebo reconocer que es una coincidencia bastante particular. Con los a\u00f1os uno termina aceptando esto de que uno propone y Dios dispone. En este caso, pongo a la opini\u00f3n p\u00fablica en lugar de Dios\u2026 (risas). Siempre se buscan las aristas m\u00e1s jugosas como para destacar de un hecho en s\u00ed. Yo me quedo ausente de eso, no le doy importancia\u00bb.<\/p>\n<p>Finalmente, agreg\u00f3: \u00abLo \u00fanico que voy a decir es que me crean que no fui yo, es el apodo original de la pel\u00edcula. Como dec\u00eda, la realidad es que me quedo ausente de eso y me divierto\u00bb.<\/p>\n<p>La serie fue rodada entre Barcelona y Buenos Aires, y ser\u00e1 estrenada pronto en Telefe y al d\u00eda siguiente completa en Flow.<\/p>\n<p><iframe loading=\"lazy\" src=\"https:\/\/www.youtube.com\/embed\/bFuFZCBJamY\" width=\"560\" height=\"315\" frameborder=\"0\" allowfullscreen=\"allowfullscreen\"><\/iframe><\/p>\n","protected":false},"excerpt":{"rendered":"<p>El actor protagoniza la miniserie Atrapa a un ladr\u00f3n, coproducci\u00f3n argentino-espa\u00f1ola que se estrenar\u00e1 por Telefe. La miniserie Atrapa a un ladr\u00f3n, que adapta un cl\u00e1sico cinematogr\u00e1fico de Alfred Hitchcok (To Catch A Thief, 1955), est\u00e1 protagonizada por Pablo Echarri y la espa\u00f1ola Alexandra Jim\u00e9nez. Entrevistado por la revista Miradas, de Cablevisi\u00f3n, se refiri\u00f3 al [&hellip;]<\/p>\n","protected":false},"author":1,"featured_media":66523,"comment_status":"closed","ping_status":"closed","sticky":false,"template":"","format":"standard","meta":{"_seopress_robots_primary_cat":"","_seopress_titles_title":"","_seopress_titles_desc":"","_seopress_robots_index":"","footnotes":""},"categories":[3],"tags":[24529,24528,24530],"class_list":{"0":"post-66522","1":"post","2":"type-post","3":"status-publish","4":"format-standard","5":"has-post-thumbnail","7":"category-cine-y-series","8":"tag-atrapa-a-un-ladron","9":"tag-pablo-echarri-alexandra-jimenez","10":"tag-serie-de-pablo-echarri"},"_links":{"self":[{"href":"https:\/\/www.cordobatimes.com\/showup\/wp-json\/wp\/v2\/posts\/66522","targetHints":{"allow":["GET"]}}],"collection":[{"href":"https:\/\/www.cordobatimes.com\/showup\/wp-json\/wp\/v2\/posts"}],"about":[{"href":"https:\/\/www.cordobatimes.com\/showup\/wp-json\/wp\/v2\/types\/post"}],"author":[{"embeddable":true,"href":"https:\/\/www.cordobatimes.com\/showup\/wp-json\/wp\/v2\/users\/1"}],"replies":[{"embeddable":true,"href":"https:\/\/www.cordobatimes.com\/showup\/wp-json\/wp\/v2\/comments?post=66522"}],"version-history":[{"count":0,"href":"https:\/\/www.cordobatimes.com\/showup\/wp-json\/wp\/v2\/posts\/66522\/revisions"}],"wp:featuredmedia":[{"embeddable":true,"href":"https:\/\/www.cordobatimes.com\/showup\/wp-json\/wp\/v2\/media\/66523"}],"wp:attachment":[{"href":"https:\/\/www.cordobatimes.com\/showup\/wp-json\/wp\/v2\/media?parent=66522"}],"wp:term":[{"taxonomy":"category","embeddable":true,"href":"https:\/\/www.cordobatimes.com\/showup\/wp-json\/wp\/v2\/categories?post=66522"},{"taxonomy":"post_tag","embeddable":true,"href":"https:\/\/www.cordobatimes.com\/showup\/wp-json\/wp\/v2\/tags?post=66522"}],"curies":[{"name":"wp","href":"https:\/\/api.w.org\/{rel}","templated":true}]}}