{"id":66504,"date":"2019-09-17T12:37:59","date_gmt":"2019-09-17T15:37:59","guid":{"rendered":"https:\/\/www.cordobatimes.com\/showup\/?p=66504"},"modified":"2019-09-17T12:37:59","modified_gmt":"2019-09-17T15:37:59","slug":"woody-allen-eligio-a-una-actriz-argentina-para-su-proxima-pelicula","status":"publish","type":"post","link":"https:\/\/www.cordobatimes.com\/showup\/cine-y-series\/2019\/09\/17\/woody-allen-eligio-a-una-actriz-argentina-para-su-proxima-pelicula\/","title":{"rendered":"Woody Allen eligi\u00f3 a una actriz argentina para su pr\u00f3xima pel\u00edcula"},"content":{"rendered":"<h3><strong>La propia actriz lo confirm\u00f3 en sus redes con mucha alegr\u00eda.<\/strong><\/h3>\n<p>Pese a todas las idas y vueltas que surgieron en la carrera del cineasta\u00a0 Woody Allen tras reafirmarse las denuncias en su contra por parte de Dylan Farrow, la hija de Mia Farrow, el director sigue teniendo proyectos.<\/p>\n<p>Algunas productoras decidieron no acompa\u00f1ar sus pel\u00edculas debido a la p\u00e9sima imagen que se construy\u00f3 de Allen gracias a los movimientos de mujeres #MeToo que denunciaron acosos y abusos en el ambiente de Hollywood.<\/p>\n<p>La \u00fanica que sali\u00f3 a respaldar al director fue una de sus actrices fetiches: Scarlett Johansson quien dijo que seguir\u00eda trabajando junto a Allen.<\/p>\n<p>Ahora la que participar\u00e1 de un proyecto del director neoyorkino es la actriz argentina Luz Cipriota, quien desde hace un tiempo est\u00e1 radicada en Espa\u00f1a.<\/p>\n<p>\u201cEsta semana en Revista Gente les cuento algo que hace mucho quer\u00eda gritar a los cuatro vientos. \u00a1Si! Voy a participar de la pr\u00f3xima pel\u00edcula de Woody Allen. Si bien a\u00fan no me dejan contar mucho y es una participaci\u00f3n muy peque\u00f1a, me estalla el coraz\u00f3n de felicidad y lo comparto con ustedes. \u00a1Porque sin el apoyo de cada uno de ustedes, nada ser\u00eda posible! Cada like, cada comentario, cada emotic\u00f3n o mensaje es un impulso a ir por m\u00e1s. Los leo a todos, \u00a1Gracias!\u201d, escribi\u00f3 la actriz junto a una foto de su rostro.<\/p>\n<blockquote class=\"instagram-media\" style=\"background: #FFF; border: 0; border-radius: 3px; box-shadow: 0 0 1px 0 rgba(0,0,0,0.5),0 1px 10px 0 rgba(0,0,0,0.15); margin: 1px; max-width: 540px; min-width: 326px; padding: 0; width: calc(100% - 2px);\" data-instgrm-captioned=\"\" data-instgrm-permalink=\"https:\/\/www.instagram.com\/p\/B2e5Bg-ieqj\/?utm_source=ig_embed&amp;utm_campaign=loading\" data-instgrm-version=\"12\">\n<div style=\"padding: 16px;\">\n<p>&nbsp;<\/p>\n<div style=\"display: flex; flex-direction: row; align-items: center;\">\n<div style=\"background-color: #f4f4f4; border-radius: 50%; flex-grow: 0; height: 40px; margin-right: 14px; width: 40px;\"><\/div>\n<div style=\"display: flex; flex-direction: column; flex-grow: 1; justify-content: center;\">\n<div style=\"background-color: #f4f4f4; border-radius: 4px; flex-grow: 0; height: 14px; margin-bottom: 6px; width: 100px;\"><\/div>\n<div style=\"background-color: #f4f4f4; border-radius: 4px; flex-grow: 0; height: 14px; width: 60px;\"><\/div>\n<\/div>\n<\/div>\n<div style=\"padding: 19% 0;\"><\/div>\n<div style=\"display: block; height: 50px; margin: 0 auto 12px; width: 50px;\"><\/div>\n<div style=\"padding-top: 8px;\">\n<div style=\"color: #3897f0; font-family: Arial,sans-serif; font-size: 14px; font-style: normal; font-weight: 550; line-height: 18px;\">Ver esta publicaci\u00f3n en Instagram<\/div>\n<\/div>\n<div style=\"padding: 12.5% 0;\"><\/div>\n<div style=\"display: flex; flex-direction: row; margin-bottom: 14px; align-items: center;\">\n<div>\n<div style=\"background-color: #f4f4f4; border-radius: 50%; height: 12.5px; width: 12.5px; transform: translateX(0px) translateY(7px);\"><\/div>\n<div style=\"background-color: #f4f4f4; height: 12.5px; transform: rotate(-45deg) translateX(3px) translateY(1px); width: 12.5px; flex-grow: 0; margin-right: 14px; margin-left: 2px;\"><\/div>\n<div style=\"background-color: #f4f4f4; border-radius: 50%; height: 12.5px; width: 12.5px; transform: translateX(9px) translateY(-18px);\"><\/div>\n<\/div>\n<div style=\"margin-left: 8px;\">\n<div style=\"background-color: #f4f4f4; border-radius: 50%; flex-grow: 0; height: 20px; width: 20px;\"><\/div>\n<div style=\"width: 0; height: 0; border-top: 2px solid transparent; border-left: 6px solid #f4f4f4; border-bottom: 2px solid transparent; transform: translateX(16px) translateY(-4px) rotate(30deg);\"><\/div>\n<\/div>\n<div style=\"margin-left: auto;\">\n<div style=\"width: 0px; border-top: 8px solid #F4F4F4; border-right: 8px solid transparent; transform: translateY(16px);\"><\/div>\n<div style=\"background-color: #f4f4f4; flex-grow: 0; height: 12px; width: 16px; transform: translateY(-4px);\"><\/div>\n<div style=\"width: 0; height: 0; border-top: 8px solid #F4F4F4; border-left: 8px solid transparent; transform: translateY(-4px) translateX(8px);\"><\/div>\n<\/div>\n<\/div>\n<p>&nbsp;<\/p>\n<p style=\"margin: 8px 0 0 0; padding: 0 4px;\"><a style=\"color: #000; font-family: Arial,sans-serif; font-size: 14px; font-style: normal; font-weight: normal; line-height: 17px; text-decoration: none; word-wrap: break-word;\" href=\"https:\/\/www.instagram.com\/p\/B2e5Bg-ieqj\/?utm_source=ig_embed&amp;utm_campaign=loading\" target=\"_blank\" rel=\"noopener noreferrer\">Esta semana en Revista Gente @revistagenteok les cuento algo que hace mucho quer\u00eda gritar a los cuatro vientos. Si! Voy a participar de la pr\u00f3xima pel\u00edcula de Woody Allen!! \ud83d\ude0d\u2665\ufe0f\ud83c\udfac. Si bien a\u00fan no me dejan contar mucho y es una participaci\u00f3n muy peque\u00f1a, me estalla el coraz\u00f3n de felicidad y lo comparto con ustedes. Porque sin el apoyo de cada uno de ustedes, nada ser\u00eda posible! Cada like, cada comentario, cada emotic\u00f3n o mensaje es un impulso a ir por mas! Los leo a todos!! Gracias!! \u2665\ufe0f\u2728. . Y gracias a mi equipo preferido en Madrid! Foto: @guille_sola makeup @pedrocedeno1 style @capelliercapellier con @anellestudio @nurbrain \u2665\ufe0f\ud83c\udf38. Los quiero! . #Actress #Dreams #WoodyAllen #Cinema #international #argentinean #dreamscometrue #NewProject #emocion #alegria #sisepuede #siguetuluz #sansebastian #spain #espa\u00f1a<\/a><\/p>\n<p style=\"color: #c9c8cd; font-family: Arial,sans-serif; font-size: 14px; line-height: 17px; margin-bottom: 0; margin-top: 8px; overflow: hidden; padding: 8px 0 7px; text-align: center; text-overflow: ellipsis; white-space: nowrap;\">Una publicaci\u00f3n compartida de <a style=\"color: #c9c8cd; font-family: Arial,sans-serif; font-size: 14px; font-style: normal; font-weight: normal; line-height: 17px;\" href=\"https:\/\/www.instagram.com\/cipriotaluz\/?utm_source=ig_embed&amp;utm_campaign=loading\" target=\"_blank\" rel=\"noopener noreferrer\"> Luz<\/a> (@cipriotaluz) el <time style=\"font-family: Arial,sans-serif; font-size: 14px; line-height: 17px;\" datetime=\"2019-09-16T18:47:01+00:00\">16 Sep, 2019 a las 11:47 PDT<\/time><\/p>\n<\/div>\n<\/blockquote>\n<p><script async src=\"\/\/www.instagram.com\/embed.js\"><\/script><\/p>\n","protected":false},"excerpt":{"rendered":"<p>La propia actriz lo confirm\u00f3 en sus redes con mucha alegr\u00eda. Pese a todas las idas y vueltas que surgieron en la carrera del cineasta\u00a0 Woody Allen tras reafirmarse las denuncias en su contra por parte de Dylan Farrow, la hija de Mia Farrow, el director sigue teniendo proyectos. Algunas productoras decidieron no acompa\u00f1ar sus [&hellip;]<\/p>\n","protected":false},"author":1,"featured_media":66505,"comment_status":"closed","ping_status":"closed","sticky":false,"template":"","format":"standard","meta":{"_seopress_robots_primary_cat":"","_seopress_titles_title":"","_seopress_titles_desc":"","_seopress_robots_index":"","footnotes":""},"categories":[3],"tags":[24521,24522],"class_list":{"0":"post-66504","1":"post","2":"type-post","3":"status-publish","4":"format-standard","5":"has-post-thumbnail","7":"category-cine-y-series","8":"tag-woody-allen-actriz-argentina","9":"tag-woody-allen-luz-cipriota"},"_links":{"self":[{"href":"https:\/\/www.cordobatimes.com\/showup\/wp-json\/wp\/v2\/posts\/66504","targetHints":{"allow":["GET"]}}],"collection":[{"href":"https:\/\/www.cordobatimes.com\/showup\/wp-json\/wp\/v2\/posts"}],"about":[{"href":"https:\/\/www.cordobatimes.com\/showup\/wp-json\/wp\/v2\/types\/post"}],"author":[{"embeddable":true,"href":"https:\/\/www.cordobatimes.com\/showup\/wp-json\/wp\/v2\/users\/1"}],"replies":[{"embeddable":true,"href":"https:\/\/www.cordobatimes.com\/showup\/wp-json\/wp\/v2\/comments?post=66504"}],"version-history":[{"count":0,"href":"https:\/\/www.cordobatimes.com\/showup\/wp-json\/wp\/v2\/posts\/66504\/revisions"}],"wp:featuredmedia":[{"embeddable":true,"href":"https:\/\/www.cordobatimes.com\/showup\/wp-json\/wp\/v2\/media\/66505"}],"wp:attachment":[{"href":"https:\/\/www.cordobatimes.com\/showup\/wp-json\/wp\/v2\/media?parent=66504"}],"wp:term":[{"taxonomy":"category","embeddable":true,"href":"https:\/\/www.cordobatimes.com\/showup\/wp-json\/wp\/v2\/categories?post=66504"},{"taxonomy":"post_tag","embeddable":true,"href":"https:\/\/www.cordobatimes.com\/showup\/wp-json\/wp\/v2\/tags?post=66504"}],"curies":[{"name":"wp","href":"https:\/\/api.w.org\/{rel}","templated":true}]}}