{"id":66494,"date":"2019-09-16T20:49:27","date_gmt":"2019-09-16T23:49:27","guid":{"rendered":"https:\/\/www.cordobatimes.com\/showup\/?p=66494"},"modified":"2019-09-16T20:49:27","modified_gmt":"2019-09-16T23:49:27","slug":"ricardo-montaner-confirmo-su-show-en-cordoba","status":"publish","type":"post","link":"https:\/\/www.cordobatimes.com\/showup\/musica\/2019\/09\/16\/ricardo-montaner-confirmo-su-show-en-cordoba\/","title":{"rendered":"Ricardo Montaner confirm\u00f3 su show en C\u00f3rdoba"},"content":{"rendered":"<h3><strong>El cantante se suma a la cartelera de Orfeo Superdomo.\u00a0<\/strong><\/h3>\n<p>Ricardo Montaner vuelve a C\u00f3rdoba. El cantante rom\u00e1ntico, uno de los m\u00e1s populares en su estilo, volver\u00e1 a actuar en un escenario ya conocido por \u00e9l como es el Orfeo Superdomo.<\/p>\n<p>La presentaci\u00f3n ser\u00e1 el mi\u00e9rcoles 27 de noviembre, pero los tickets saldr\u00e1n a la venta este martes 17 de setiembre.<\/p>\n<p>Los tickets saldr\u00e1n a la venta a los siguientes valores:<\/p>\n<p>Sector rojo: $ 1500 + 180 (visi\u00f3n restringida); $ 2200 + 264; $ 2700 + 324 y $3200 + 384.<\/p>\n<p>Pista: $ 3000 + $ 360; $ 3600 + 432; $ 4000 + 480 y $ 4300 + 516.<\/p>\n<p>Las entradas saldr\u00e1n a la venta a trav\u00e9s de orfeosuperdomo.com y en las boleter\u00edas de Tiendas Vesta.<\/p>\n<p><img alt=\"\" loading=\"lazy\" decoding=\"async\" class=\"alignnone size-full wp-image-66496\" src=\"https:\/\/www.cordobatimes.com\/showup\/wp-content\/uploads\/2019\/09\/Montaner_1568653643.jpg\" alt=\"\" width=\"1020\" height=\"560\" srcset=\"https:\/\/www.cordobatimes.com\/showup\/wp-content\/uploads\/2019\/09\/Montaner_1568653643.jpg 1020w, https:\/\/www.cordobatimes.com\/showup\/wp-content\/uploads\/2019\/09\/Montaner_1568653643-760x417.jpg 760w, https:\/\/www.cordobatimes.com\/showup\/wp-content\/uploads\/2019\/09\/Montaner_1568653643-750x412.jpg 750w, https:\/\/www.cordobatimes.com\/showup\/wp-content\/uploads\/2019\/09\/Montaner_1568653643-768x422.jpg 768w, https:\/\/www.cordobatimes.com\/showup\/wp-content\/uploads\/2019\/09\/Montaner_1568653643-696x382.jpg 696w, https:\/\/www.cordobatimes.com\/showup\/wp-content\/uploads\/2019\/09\/Montaner_1568653643-765x420.jpg 765w\" sizes=\"auto, (max-width: 1020px) 100vw, 1020px\" \/><\/p>\n","protected":false},"excerpt":{"rendered":"<p>El cantante se suma a la cartelera de Orfeo Superdomo.\u00a0 Ricardo Montaner vuelve a C\u00f3rdoba. El cantante rom\u00e1ntico, uno de los m\u00e1s populares en su estilo, volver\u00e1 a actuar en un escenario ya conocido por \u00e9l como es el Orfeo Superdomo. La presentaci\u00f3n ser\u00e1 el mi\u00e9rcoles 27 de noviembre, pero los tickets saldr\u00e1n a la [&hellip;]<\/p>\n","protected":false},"author":1,"featured_media":66495,"comment_status":"closed","ping_status":"closed","sticky":false,"template":"","format":"standard","meta":{"_seopress_robots_primary_cat":"","_seopress_titles_title":"","_seopress_titles_desc":"","_seopress_robots_index":"","footnotes":""},"categories":[5],"tags":[24516,24515],"class_list":{"0":"post-66494","1":"post","2":"type-post","3":"status-publish","4":"format-standard","5":"has-post-thumbnail","7":"category-musica","8":"tag-ricardo-montaner-en-cordoba","9":"tag-show-de-ricardo-montaner-en-cordoba"},"_links":{"self":[{"href":"https:\/\/www.cordobatimes.com\/showup\/wp-json\/wp\/v2\/posts\/66494","targetHints":{"allow":["GET"]}}],"collection":[{"href":"https:\/\/www.cordobatimes.com\/showup\/wp-json\/wp\/v2\/posts"}],"about":[{"href":"https:\/\/www.cordobatimes.com\/showup\/wp-json\/wp\/v2\/types\/post"}],"author":[{"embeddable":true,"href":"https:\/\/www.cordobatimes.com\/showup\/wp-json\/wp\/v2\/users\/1"}],"replies":[{"embeddable":true,"href":"https:\/\/www.cordobatimes.com\/showup\/wp-json\/wp\/v2\/comments?post=66494"}],"version-history":[{"count":0,"href":"https:\/\/www.cordobatimes.com\/showup\/wp-json\/wp\/v2\/posts\/66494\/revisions"}],"wp:featuredmedia":[{"embeddable":true,"href":"https:\/\/www.cordobatimes.com\/showup\/wp-json\/wp\/v2\/media\/66495"}],"wp:attachment":[{"href":"https:\/\/www.cordobatimes.com\/showup\/wp-json\/wp\/v2\/media?parent=66494"}],"wp:term":[{"taxonomy":"category","embeddable":true,"href":"https:\/\/www.cordobatimes.com\/showup\/wp-json\/wp\/v2\/categories?post=66494"},{"taxonomy":"post_tag","embeddable":true,"href":"https:\/\/www.cordobatimes.com\/showup\/wp-json\/wp\/v2\/tags?post=66494"}],"curies":[{"name":"wp","href":"https:\/\/api.w.org\/{rel}","templated":true}]}}