{"id":66489,"date":"2019-09-16T19:12:11","date_gmt":"2019-09-16T22:12:11","guid":{"rendered":"https:\/\/www.cordobatimes.com\/showup\/?p=66489"},"modified":"2019-09-16T19:12:11","modified_gmt":"2019-09-16T22:12:11","slug":"luisana-lopilato-recordo-rebelde-way-con-un-divertido-momento","status":"publish","type":"post","link":"https:\/\/www.cordobatimes.com\/showup\/famosos\/2019\/09\/16\/luisana-lopilato-recordo-rebelde-way-con-un-divertido-momento\/","title":{"rendered":"Luisana Lopilato record\u00f3 Rebelde Way con un divertido momento"},"content":{"rendered":"<h3><strong>La actriz que est\u00e1 en Canad\u00e1, comparti\u00f3 un video en el que recuerda el \u00e9xito de Cris Morena.<\/strong><\/h3>\n<p>Luisana Lopilato\u00a0realiz\u00f3 un divertido video cantando los temas de la novela\u00a0Rebelde Way,\u00a0que protagoniz\u00f3 en el 2002 e inst\u00f3 a uno de sus compa\u00f1eros a sumarse al desaf\u00edo musical.<\/p>\n<p>\u00abPara ustedes, que lo pidieron\u00bb,\u00a0dijo la actriz en una historia que public\u00f3 desde su auto a la vez que arrob\u00f3 a su amigo Benjam\u00edn Rojas, que en la tira de Cris Morena interpret\u00f3 a Pablo: \u00ab\u00bfTe cop\u00e1s? Te desaf\u00edo a cantar unos temitas\u00bb.<\/p>\n<p><iframe loading=\"lazy\" src=\"https:\/\/www.youtube.com\/embed\/91wkotKX-1k\" width=\"560\" height=\"315\" frameborder=\"0\" allowfullscreen=\"allowfullscreen\"><\/iframe><\/p>\n","protected":false},"excerpt":{"rendered":"<p>La actriz que est\u00e1 en Canad\u00e1, comparti\u00f3 un video en el que recuerda el \u00e9xito de Cris Morena. Luisana Lopilato\u00a0realiz\u00f3 un divertido video cantando los temas de la novela\u00a0Rebelde Way,\u00a0que protagoniz\u00f3 en el 2002 e inst\u00f3 a uno de sus compa\u00f1eros a sumarse al desaf\u00edo musical. \u00abPara ustedes, que lo pidieron\u00bb,\u00a0dijo la actriz en una [&hellip;]<\/p>\n","protected":false},"author":1,"featured_media":66490,"comment_status":"closed","ping_status":"closed","sticky":false,"template":"","format":"standard","meta":{"_seopress_robots_primary_cat":"","_seopress_titles_title":"","_seopress_titles_desc":"","_seopress_robots_index":"","footnotes":""},"categories":[4],"tags":[24514,24513],"class_list":{"0":"post-66489","1":"post","2":"type-post","3":"status-publish","4":"format-standard","5":"has-post-thumbnail","7":"category-famosos","8":"tag-luisana-lopilato-rebelde-way","9":"tag-luisana-lopilato-recordo-rebelde-way"},"_links":{"self":[{"href":"https:\/\/www.cordobatimes.com\/showup\/wp-json\/wp\/v2\/posts\/66489","targetHints":{"allow":["GET"]}}],"collection":[{"href":"https:\/\/www.cordobatimes.com\/showup\/wp-json\/wp\/v2\/posts"}],"about":[{"href":"https:\/\/www.cordobatimes.com\/showup\/wp-json\/wp\/v2\/types\/post"}],"author":[{"embeddable":true,"href":"https:\/\/www.cordobatimes.com\/showup\/wp-json\/wp\/v2\/users\/1"}],"replies":[{"embeddable":true,"href":"https:\/\/www.cordobatimes.com\/showup\/wp-json\/wp\/v2\/comments?post=66489"}],"version-history":[{"count":0,"href":"https:\/\/www.cordobatimes.com\/showup\/wp-json\/wp\/v2\/posts\/66489\/revisions"}],"wp:featuredmedia":[{"embeddable":true,"href":"https:\/\/www.cordobatimes.com\/showup\/wp-json\/wp\/v2\/media\/66490"}],"wp:attachment":[{"href":"https:\/\/www.cordobatimes.com\/showup\/wp-json\/wp\/v2\/media?parent=66489"}],"wp:term":[{"taxonomy":"category","embeddable":true,"href":"https:\/\/www.cordobatimes.com\/showup\/wp-json\/wp\/v2\/categories?post=66489"},{"taxonomy":"post_tag","embeddable":true,"href":"https:\/\/www.cordobatimes.com\/showup\/wp-json\/wp\/v2\/tags?post=66489"}],"curies":[{"name":"wp","href":"https:\/\/api.w.org\/{rel}","templated":true}]}}