{"id":66471,"date":"2019-09-14T10:15:26","date_gmt":"2019-09-14T13:15:26","guid":{"rendered":"https:\/\/www.cordobatimes.com\/showup\/?p=66471"},"modified":"2019-09-14T10:15:26","modified_gmt":"2019-09-14T13:15:26","slug":"el-trailer-del-documental-argentino-sobre-el-aborto-legal-que-fue-ovacionado-en-cannes","status":"publish","type":"post","link":"https:\/\/www.cordobatimes.com\/showup\/cine-y-series\/2019\/09\/14\/el-trailer-del-documental-argentino-sobre-el-aborto-legal-que-fue-ovacionado-en-cannes\/","title":{"rendered":"El trailer del documental argentino sobre el aborto legal que fue ovacionado en Cannes"},"content":{"rendered":"<h3><strong>El 3 de octubre estrena la pel\u00edcula ovacionada en\u00a0Cannes\u00a0y que participar\u00e1 en la pr\u00f3xima edici\u00f3n del festival de San Sebasti\u00e1n.<\/strong><\/h3>\n<p>En Am\u00e9rica latina,\u00a0300 millones de personas gestantes no tienen derecho a interrumpir su embarazo, deben hacerlo en la clandestinidad y, en ese intento, muere al menos una mujer cada d\u00eda.\u00a0\u201cQue sea ley\u201dcuenta la lucha por el aborto legal en la Argentina, donde mil mujeres abortan por d\u00eda.\u00a0Durante el 2018, cuando se present\u00f3 por s\u00e9ptima vez el Proyecto de Ley de la Campa\u00f1a por el\u00a0Derecho al Aborto Legal, Seguro y Gratuito\u00a0se gener\u00f3 un debate sin precedentes que dividi\u00f3 y atraves\u00f3 a toda la sociedad sin distinguir las clases sociales ni las pertenencias partidarias.<\/p>\n<p>\u201cEl a\u00f1o pasado, cuando se di\u00f3 por s\u00e9ptima vez el debate sobre la Ley por un aborto legal, seguro y gratuito, sent\u00ed que esta vez era posible y segu\u00ed muy de cerca todo el proceso legislativo hasta el voto hist\u00f3rico de la media sanci\u00f3n. Esa ma\u00f1ana me emocion\u00e9 y sent\u00ed la necesidad imperiosa de agarrar una camara y hacer lo que s\u00e9 hacer: filmar. A los pocos d\u00edas estaba en la plaza del congreso filmando un pa\u00f1uelazo. Primero pens\u00e9 que ser\u00eda una semana, que se transform\u00f3 en casi dos meses entre los votos de las dos c\u00e1maras\u201d, cuenta Juan Solanas -hijo de Pino Solanas- quien empez\u00f3 ah\u00ed a dirigir el documental Que sea ley, que particip\u00f3 del Festival de Cannes: Selecci\u00f3n oficial \u201cSpecial Screening\u201d.<\/p>\n<p>Juan Solanas\u00a0acompa\u00f1\u00f3 todo el debate en Senadores hasta la noche del rechazo de la ley por el Senado. Esa noche no le qued\u00f3 ninguna duda de que ten\u00eda que ir al fondo de este proyecto. Fueron en total ocho meses de filmaci\u00f3n y as\u00ed naci\u00f3:\u00a0Que Sea Ley. Pel\u00edcula 100% auto financiada y gestionada. B\u00e1sicamente fueron tres personas las que hicieron la pel\u00edcula:\u00a0Victoria Solanas, Laura Caniggia y Nicolas\u00a0Sulcis, y recorrieron en auto 4000 Km a lo largo y ancho de Argentina, donde filmaron decenas y decenas de testimonios, de v\u00edctimas, de sobrevivientes, de militantes y de la calle: fueron al encuentro de la realidad.<\/p>\n<blockquote class=\"instagram-media\" style=\"background: #FFF; border: 0; border-radius: 3px; box-shadow: 0 0 1px 0 rgba(0,0,0,0.5),0 1px 10px 0 rgba(0,0,0,0.15); margin: 1px; max-width: 540px; min-width: 326px; padding: 0; width: calc(100% - 2px);\" data-instgrm-captioned=\"\" data-instgrm-permalink=\"https:\/\/www.instagram.com\/p\/B2CgbQ9gHro\/?utm_source=ig_embed&amp;utm_campaign=loading\" data-instgrm-version=\"12\">\n<div style=\"padding: 16px;\">\n<p>&nbsp;<\/p>\n<div style=\"display: flex; flex-direction: row; align-items: center;\">\n<div style=\"background-color: #f4f4f4; border-radius: 50%; flex-grow: 0; height: 40px; margin-right: 14px; width: 40px;\"><\/div>\n<div style=\"display: flex; flex-direction: column; flex-grow: 1; justify-content: center;\">\n<div style=\"background-color: #f4f4f4; border-radius: 4px; flex-grow: 0; height: 14px; margin-bottom: 6px; width: 100px;\"><\/div>\n<div style=\"background-color: #f4f4f4; border-radius: 4px; flex-grow: 0; height: 14px; width: 60px;\"><\/div>\n<\/div>\n<\/div>\n<div style=\"padding: 19% 0;\"><\/div>\n<div style=\"display: block; height: 50px; margin: 0 auto 12px; width: 50px;\"><\/div>\n<div style=\"padding-top: 8px;\">\n<div style=\"color: #3897f0; font-family: Arial,sans-serif; font-size: 14px; font-style: normal; font-weight: 550; line-height: 18px;\">Ver esta publicaci\u00f3n en Instagram<\/div>\n<\/div>\n<div style=\"padding: 12.5% 0;\"><\/div>\n<div style=\"display: flex; flex-direction: row; margin-bottom: 14px; align-items: center;\">\n<div>\n<div style=\"background-color: #f4f4f4; border-radius: 50%; height: 12.5px; width: 12.5px; transform: translateX(0px) translateY(7px);\"><\/div>\n<div style=\"background-color: #f4f4f4; height: 12.5px; transform: rotate(-45deg) translateX(3px) translateY(1px); width: 12.5px; flex-grow: 0; margin-right: 14px; margin-left: 2px;\"><\/div>\n<div style=\"background-color: #f4f4f4; border-radius: 50%; height: 12.5px; width: 12.5px; transform: translateX(9px) translateY(-18px);\"><\/div>\n<\/div>\n<div style=\"margin-left: 8px;\">\n<div style=\"background-color: #f4f4f4; border-radius: 50%; flex-grow: 0; height: 20px; width: 20px;\"><\/div>\n<div style=\"width: 0; height: 0; border-top: 2px solid transparent; border-left: 6px solid #f4f4f4; border-bottom: 2px solid transparent; transform: translateX(16px) translateY(-4px) rotate(30deg);\"><\/div>\n<\/div>\n<div style=\"margin-left: auto;\">\n<div style=\"width: 0px; border-top: 8px solid #F4F4F4; border-right: 8px solid transparent; transform: translateY(16px);\"><\/div>\n<div style=\"background-color: #f4f4f4; flex-grow: 0; height: 12px; width: 16px; transform: translateY(-4px);\"><\/div>\n<div style=\"width: 0; height: 0; border-top: 8px solid #F4F4F4; border-left: 8px solid transparent; transform: translateY(-4px) translateX(8px);\"><\/div>\n<\/div>\n<\/div>\n<p>&nbsp;<\/p>\n<p style=\"margin: 8px 0 0 0; padding: 0 4px;\"><a style=\"color: #000; font-family: Arial,sans-serif; font-size: 14px; font-style: normal; font-weight: normal; line-height: 17px; text-decoration: none; word-wrap: break-word;\" href=\"https:\/\/www.instagram.com\/p\/B2CgbQ9gHro\/?utm_source=ig_embed&amp;utm_campaign=loading\" target=\"_blank\" rel=\"noopener noreferrer\">Trailer &#8211; Que sea Ley \ud83d\udc9a 3 de octubre Solo en cines \ud83c\udfac #quesealeypelicula #abortolegalya<\/a><\/p>\n<p style=\"color: #c9c8cd; font-family: Arial,sans-serif; font-size: 14px; line-height: 17px; margin-bottom: 0; margin-top: 8px; overflow: hidden; padding: 8px 0 7px; text-align: center; text-overflow: ellipsis; white-space: nowrap;\">Una publicaci\u00f3n compartida de <a style=\"color: #c9c8cd; font-family: Arial,sans-serif; font-size: 14px; font-style: normal; font-weight: normal; line-height: 17px;\" href=\"https:\/\/www.instagram.com\/quesealeypelicula\/?utm_source=ig_embed&amp;utm_campaign=loading\" target=\"_blank\" rel=\"noopener noreferrer\"> Que sea Ley &#8211; La pel\u00edcula<\/a> (@quesealeypelicula) el <time style=\"font-family: Arial,sans-serif; font-size: 14px; line-height: 17px;\" datetime=\"2019-09-05T18:18:19+00:00\">5 Sep, 2019 a las 11:18 PDT<\/time><\/p>\n<\/div>\n<\/blockquote>\n<p><script async src=\"\/\/www.instagram.com\/embed.js\"><\/script><\/p>\n","protected":false},"excerpt":{"rendered":"<p>El 3 de octubre estrena la pel\u00edcula ovacionada en\u00a0Cannes\u00a0y que participar\u00e1 en la pr\u00f3xima edici\u00f3n del festival de San Sebasti\u00e1n. En Am\u00e9rica latina,\u00a0300 millones de personas gestantes no tienen derecho a interrumpir su embarazo, deben hacerlo en la clandestinidad y, en ese intento, muere al menos una mujer cada d\u00eda.\u00a0\u201cQue sea ley\u201dcuenta la lucha por [&hellip;]<\/p>\n","protected":false},"author":1,"featured_media":66472,"comment_status":"closed","ping_status":"closed","sticky":false,"template":"","format":"standard","meta":{"_seopress_robots_primary_cat":"","_seopress_titles_title":"","_seopress_titles_desc":"","_seopress_robots_index":"","footnotes":""},"categories":[3],"tags":[24503,24504,24505],"class_list":{"0":"post-66471","1":"post","2":"type-post","3":"status-publish","4":"format-standard","5":"has-post-thumbnail","7":"category-cine-y-series","8":"tag-documental-argentino-sobre-el-aborto-legal","9":"tag-documental-que-sea-ley","10":"tag-documental-sobre-el-aborto-legal"},"_links":{"self":[{"href":"https:\/\/www.cordobatimes.com\/showup\/wp-json\/wp\/v2\/posts\/66471","targetHints":{"allow":["GET"]}}],"collection":[{"href":"https:\/\/www.cordobatimes.com\/showup\/wp-json\/wp\/v2\/posts"}],"about":[{"href":"https:\/\/www.cordobatimes.com\/showup\/wp-json\/wp\/v2\/types\/post"}],"author":[{"embeddable":true,"href":"https:\/\/www.cordobatimes.com\/showup\/wp-json\/wp\/v2\/users\/1"}],"replies":[{"embeddable":true,"href":"https:\/\/www.cordobatimes.com\/showup\/wp-json\/wp\/v2\/comments?post=66471"}],"version-history":[{"count":0,"href":"https:\/\/www.cordobatimes.com\/showup\/wp-json\/wp\/v2\/posts\/66471\/revisions"}],"wp:featuredmedia":[{"embeddable":true,"href":"https:\/\/www.cordobatimes.com\/showup\/wp-json\/wp\/v2\/media\/66472"}],"wp:attachment":[{"href":"https:\/\/www.cordobatimes.com\/showup\/wp-json\/wp\/v2\/media?parent=66471"}],"wp:term":[{"taxonomy":"category","embeddable":true,"href":"https:\/\/www.cordobatimes.com\/showup\/wp-json\/wp\/v2\/categories?post=66471"},{"taxonomy":"post_tag","embeddable":true,"href":"https:\/\/www.cordobatimes.com\/showup\/wp-json\/wp\/v2\/tags?post=66471"}],"curies":[{"name":"wp","href":"https:\/\/api.w.org\/{rel}","templated":true}]}}