{"id":66468,"date":"2019-09-14T09:35:44","date_gmt":"2019-09-14T12:35:44","guid":{"rendered":"https:\/\/www.cordobatimes.com\/showup\/?p=66468"},"modified":"2019-09-14T09:35:44","modified_gmt":"2019-09-14T12:35:44","slug":"la-pelicula-argentina-la-odisea-de-los-giles-fue-elegida-para-competir-en-los-premios-goya","status":"publish","type":"post","link":"https:\/\/www.cordobatimes.com\/showup\/cine-y-series\/2019\/09\/14\/la-pelicula-argentina-la-odisea-de-los-giles-fue-elegida-para-competir-en-los-premios-goya\/","title":{"rendered":"La pel\u00edcula argentina \u00abLa odisea de los giles\u00bb fue elegida para competir en los Premios Goya"},"content":{"rendered":"<h3><strong>La odisea de los giles, que super\u00f3 el mill\u00f3n de espectadores, fue elegida para representar a Argentina como Mejor Pel\u00edcula Iberoamericana en los Goya.<\/strong><\/h3>\n<p>La odisea de los giles, la cinta dirigida por Sebasti\u00e1n Borensztein sobre un grupo de argentinos perjudicados por \u00abel corralito\u00bb que se unen para conseguir su revancha, fue elegida para representar a Argentina en la categor\u00eda Mejor Pel\u00edcula Iberoamericana de los pr\u00f3ximos premios Goya de la Academia de Cine de Espa\u00f1a.<\/p>\n<p>La cinta protagonizada por Luis Brandoni y Ricardo Dar\u00edn, que ya super\u00f3 el mill\u00f3n de espectadores, deber\u00e1 esperar para saber si tambi\u00e9n ser\u00e1 la seleccionada para representar al pa\u00eds en los Oscar de la Academia de Hollywood.<\/p>\n<p>El anuncio de la pel\u00edcula argentina para el Oscar se har\u00e1 al t\u00e9rmino de la XIII Ceremonia de Entrega de los Premios SUR, que se llevar\u00e1 a cabo el 23 de septiembre a las 20.<\/p>\n<p><iframe loading=\"lazy\" width=\"560\" height=\"315\" src=\"https:\/\/www.youtube.com\/embed\/ZP_o6GQaFW8\" frameborder=\"0\" allow=\"accelerometer; autoplay; encrypted-media; gyroscope; picture-in-picture\" allowfullscreen><\/iframe><\/p>\n","protected":false},"excerpt":{"rendered":"<p>La odisea de los giles, que super\u00f3 el mill\u00f3n de espectadores, fue elegida para representar a Argentina como Mejor Pel\u00edcula Iberoamericana en los Goya. La odisea de los giles, la cinta dirigida por Sebasti\u00e1n Borensztein sobre un grupo de argentinos perjudicados por \u00abel corralito\u00bb que se unen para conseguir su revancha, fue elegida para representar [&hellip;]<\/p>\n","protected":false},"author":1,"featured_media":66469,"comment_status":"closed","ping_status":"closed","sticky":false,"template":"","format":"standard","meta":{"_seopress_robots_primary_cat":"","_seopress_titles_title":"","_seopress_titles_desc":"","_seopress_robots_index":"","footnotes":""},"categories":[3],"tags":[24502,24501],"class_list":{"0":"post-66468","1":"post","2":"type-post","3":"status-publish","4":"format-standard","5":"has-post-thumbnail","7":"category-cine-y-series","8":"tag-la-odisea-de-los-giles-cine-argentino","9":"tag-premios-goya-la-odisea-de-los-giles"},"_links":{"self":[{"href":"https:\/\/www.cordobatimes.com\/showup\/wp-json\/wp\/v2\/posts\/66468","targetHints":{"allow":["GET"]}}],"collection":[{"href":"https:\/\/www.cordobatimes.com\/showup\/wp-json\/wp\/v2\/posts"}],"about":[{"href":"https:\/\/www.cordobatimes.com\/showup\/wp-json\/wp\/v2\/types\/post"}],"author":[{"embeddable":true,"href":"https:\/\/www.cordobatimes.com\/showup\/wp-json\/wp\/v2\/users\/1"}],"replies":[{"embeddable":true,"href":"https:\/\/www.cordobatimes.com\/showup\/wp-json\/wp\/v2\/comments?post=66468"}],"version-history":[{"count":0,"href":"https:\/\/www.cordobatimes.com\/showup\/wp-json\/wp\/v2\/posts\/66468\/revisions"}],"wp:featuredmedia":[{"embeddable":true,"href":"https:\/\/www.cordobatimes.com\/showup\/wp-json\/wp\/v2\/media\/66469"}],"wp:attachment":[{"href":"https:\/\/www.cordobatimes.com\/showup\/wp-json\/wp\/v2\/media?parent=66468"}],"wp:term":[{"taxonomy":"category","embeddable":true,"href":"https:\/\/www.cordobatimes.com\/showup\/wp-json\/wp\/v2\/categories?post=66468"},{"taxonomy":"post_tag","embeddable":true,"href":"https:\/\/www.cordobatimes.com\/showup\/wp-json\/wp\/v2\/tags?post=66468"}],"curies":[{"name":"wp","href":"https:\/\/api.w.org\/{rel}","templated":true}]}}