{"id":66456,"date":"2019-09-13T10:51:43","date_gmt":"2019-09-13T13:51:43","guid":{"rendered":"https:\/\/www.cordobatimes.com\/showup\/?p=66456"},"modified":"2019-09-13T10:51:43","modified_gmt":"2019-09-13T13:51:43","slug":"camila-cabello-la-rompe-con-el-videoclip-del-tema-mentirosa","status":"publish","type":"post","link":"https:\/\/www.cordobatimes.com\/showup\/musica\/2019\/09\/13\/camila-cabello-la-rompe-con-el-videoclip-del-tema-mentirosa\/","title":{"rendered":"Camila Cabello la rompe con el videoclip del tema \u00abMentirosa\u00bb"},"content":{"rendered":"<h3><strong>En pocas horas suma m\u00e1s de 11 millones de visitas.<\/strong><\/h3>\n<p>Con 100.00 fans conectados esperando el lanzamiento a tiempo real y el resto del mundo a\u00fan digiriendo la sorpresa por los dos sencillos simult\u00e1neos lanzados la semana pasada, Liar y Shameless, Camila Cabello lanz\u00f3 en la ma\u00f1ana del jueves su nuevo videoclip de para el primero de ellos.<\/p>\n<p>Realizada por Dave Meyers (Ariana Grande, Jay-Z), el clip de\u00a0Liar\u00a0(Mentirosa) es un divertido film de enredo, en el que Cabello interpreta varios personajes de un gui\u00f3n que entremezcla la realidad -quiz\u00e1s- con la ficci\u00f3n&#8230;<\/p>\n<p>De esta manera, Camila sigue anticipando su segundo \u00e1lbum, que llevar\u00e1 por t\u00edtulo &#8216;Romance&#8217; y ser\u00e1 su obra m\u00e1s \u00edntima hasta la fecha, \u00edntegramente inspirada en experiencias autobiogr\u00e1ficas.<\/p>\n<p>En sus propias palabras: \u00abEstas canciones cuentan la historia de mi vida durante estos dos \u00faltimos a\u00f1os. Hace ya tiempo que decid\u00ed titularlo\u00a0Romance, porque en ellas hablo de enamorarse\u00bb.<\/p>\n<p>Estas letras bien podr\u00edan estar inspiradas en su relaci\u00f3n con Shawn Mendes, con quien conforma la pareja pop del momento y con quien acaba de protagonizar un curioso v\u00eddeo bes\u00e1ndose en Instagram.<\/p>\n<blockquote class=\"instagram-media\" style=\"background: #FFF; border: 0; border-radius: 3px; box-shadow: 0 0 1px 0 rgba(0,0,0,0.5),0 1px 10px 0 rgba(0,0,0,0.15); margin: 1px; max-width: 540px; min-width: 326px; padding: 0; width: calc(100% - 2px);\" data-instgrm-captioned=\"\" data-instgrm-permalink=\"https:\/\/www.instagram.com\/p\/B2VEs1Cnnsb\/?utm_source=ig_embed&amp;utm_campaign=loading\" data-instgrm-version=\"12\">\n<div style=\"padding: 16px;\">\n<p>&nbsp;<\/p>\n<div style=\"display: flex; flex-direction: row; align-items: center;\">\n<div style=\"background-color: #f4f4f4; border-radius: 50%; flex-grow: 0; height: 40px; margin-right: 14px; width: 40px;\"><\/div>\n<div style=\"display: flex; flex-direction: column; flex-grow: 1; justify-content: center;\">\n<div style=\"background-color: #f4f4f4; border-radius: 4px; flex-grow: 0; height: 14px; margin-bottom: 6px; width: 100px;\"><\/div>\n<div style=\"background-color: #f4f4f4; border-radius: 4px; flex-grow: 0; height: 14px; width: 60px;\"><\/div>\n<\/div>\n<\/div>\n<div style=\"padding: 19% 0;\"><\/div>\n<div style=\"display: block; height: 50px; margin: 0 auto 12px; width: 50px;\"><\/div>\n<div style=\"padding-top: 8px;\">\n<div style=\"color: #3897f0; font-family: Arial,sans-serif; font-size: 14px; font-style: normal; font-weight: 550; line-height: 18px;\">Ver esta publicaci\u00f3n en Instagram<\/div>\n<\/div>\n<div style=\"padding: 12.5% 0;\"><\/div>\n<div style=\"display: flex; flex-direction: row; margin-bottom: 14px; align-items: center;\">\n<div>\n<div style=\"background-color: #f4f4f4; border-radius: 50%; height: 12.5px; width: 12.5px; transform: translateX(0px) translateY(7px);\"><\/div>\n<div style=\"background-color: #f4f4f4; height: 12.5px; transform: rotate(-45deg) translateX(3px) translateY(1px); width: 12.5px; flex-grow: 0; margin-right: 14px; margin-left: 2px;\"><\/div>\n<div style=\"background-color: #f4f4f4; border-radius: 50%; height: 12.5px; width: 12.5px; transform: translateX(9px) translateY(-18px);\"><\/div>\n<\/div>\n<div style=\"margin-left: 8px;\">\n<div style=\"background-color: #f4f4f4; border-radius: 50%; flex-grow: 0; height: 20px; width: 20px;\"><\/div>\n<div style=\"width: 0; height: 0; border-top: 2px solid transparent; border-left: 6px solid #f4f4f4; border-bottom: 2px solid transparent; transform: translateX(16px) translateY(-4px) rotate(30deg);\"><\/div>\n<\/div>\n<div style=\"margin-left: auto;\">\n<div style=\"width: 0px; border-top: 8px solid #F4F4F4; border-right: 8px solid transparent; transform: translateY(16px);\"><\/div>\n<div style=\"background-color: #f4f4f4; flex-grow: 0; height: 12px; width: 16px; transform: translateY(-4px);\"><\/div>\n<div style=\"width: 0; height: 0; border-top: 8px solid #F4F4F4; border-left: 8px solid transparent; transform: translateY(-4px) translateX(8px);\"><\/div>\n<\/div>\n<\/div>\n<p>&nbsp;<\/p>\n<p style=\"margin: 8px 0 0 0; padding: 0 4px;\"><a style=\"color: #000; font-family: Arial,sans-serif; font-size: 14px; font-style: normal; font-weight: normal; line-height: 17px; text-decoration: none; word-wrap: break-word;\" href=\"https:\/\/www.instagram.com\/p\/B2VEs1Cnnsb\/?utm_source=ig_embed&amp;utm_campaign=loading\" target=\"_blank\" rel=\"noopener noreferrer\">shoutout to @davemeyers cause every time I work with you I leave set so so inspired, your passion for what you do and your tirelessness for wanting to keep dreaming and make it better is so FUN- I seriously have so much fun making these videos with you- I love you Dave!<\/a><\/p>\n<p style=\"color: #c9c8cd; font-family: Arial,sans-serif; font-size: 14px; line-height: 17px; margin-bottom: 0; margin-top: 8px; overflow: hidden; padding: 8px 0 7px; text-align: center; text-overflow: ellipsis; white-space: nowrap;\">Una publicaci\u00f3n compartida de <a style=\"color: #c9c8cd; font-family: Arial,sans-serif; font-size: 14px; font-style: normal; font-weight: normal; line-height: 17px;\" href=\"https:\/\/www.instagram.com\/camila_cabello\/?utm_source=ig_embed&amp;utm_campaign=loading\" target=\"_blank\" rel=\"noopener noreferrer\"> camila<\/a> (@camila_cabello) el <time style=\"font-family: Arial,sans-serif; font-size: 14px; line-height: 17px;\" datetime=\"2019-09-12T23:16:39+00:00\">12 Sep, 2019 a las 4:16 PDT<\/time><\/p>\n<\/div>\n<\/blockquote>\n<p><script async src=\"\/\/www.instagram.com\/embed.js\"><\/script><\/p>\n<p><iframe loading=\"lazy\" src=\"https:\/\/www.youtube.com\/embed\/KsDZix4ZSlU\" width=\"560\" height=\"315\" frameborder=\"0\" allowfullscreen=\"allowfullscreen\"><\/iframe><\/p>\n","protected":false},"excerpt":{"rendered":"<p>En pocas horas suma m\u00e1s de 11 millones de visitas. Con 100.00 fans conectados esperando el lanzamiento a tiempo real y el resto del mundo a\u00fan digiriendo la sorpresa por los dos sencillos simult\u00e1neos lanzados la semana pasada, Liar y Shameless, Camila Cabello lanz\u00f3 en la ma\u00f1ana del jueves su nuevo videoclip de para el [&hellip;]<\/p>\n","protected":false},"author":1,"featured_media":66457,"comment_status":"closed","ping_status":"closed","sticky":false,"template":"","format":"standard","meta":{"_seopress_robots_primary_cat":"","_seopress_titles_title":"","_seopress_titles_desc":"","_seopress_robots_index":"","footnotes":""},"categories":[5],"tags":[24494,24493],"class_list":{"0":"post-66456","1":"post","2":"type-post","3":"status-publish","4":"format-standard","5":"has-post-thumbnail","7":"category-musica","8":"tag-camila-cabello-mentirosa","9":"tag-videoclip-del-tema-mentirosa"},"_links":{"self":[{"href":"https:\/\/www.cordobatimes.com\/showup\/wp-json\/wp\/v2\/posts\/66456","targetHints":{"allow":["GET"]}}],"collection":[{"href":"https:\/\/www.cordobatimes.com\/showup\/wp-json\/wp\/v2\/posts"}],"about":[{"href":"https:\/\/www.cordobatimes.com\/showup\/wp-json\/wp\/v2\/types\/post"}],"author":[{"embeddable":true,"href":"https:\/\/www.cordobatimes.com\/showup\/wp-json\/wp\/v2\/users\/1"}],"replies":[{"embeddable":true,"href":"https:\/\/www.cordobatimes.com\/showup\/wp-json\/wp\/v2\/comments?post=66456"}],"version-history":[{"count":0,"href":"https:\/\/www.cordobatimes.com\/showup\/wp-json\/wp\/v2\/posts\/66456\/revisions"}],"wp:featuredmedia":[{"embeddable":true,"href":"https:\/\/www.cordobatimes.com\/showup\/wp-json\/wp\/v2\/media\/66457"}],"wp:attachment":[{"href":"https:\/\/www.cordobatimes.com\/showup\/wp-json\/wp\/v2\/media?parent=66456"}],"wp:term":[{"taxonomy":"category","embeddable":true,"href":"https:\/\/www.cordobatimes.com\/showup\/wp-json\/wp\/v2\/categories?post=66456"},{"taxonomy":"post_tag","embeddable":true,"href":"https:\/\/www.cordobatimes.com\/showup\/wp-json\/wp\/v2\/tags?post=66456"}],"curies":[{"name":"wp","href":"https:\/\/api.w.org\/{rel}","templated":true}]}}