{"id":66424,"date":"2019-09-12T10:13:23","date_gmt":"2019-09-12T13:13:23","guid":{"rendered":"https:\/\/www.cordobatimes.com\/showup\/?p=66424"},"modified":"2019-09-12T10:15:00","modified_gmt":"2019-09-12T13:15:00","slug":"no-puedo-el-nuevo-videoclip-de-paulo-londra-filmado-en-cordoba","status":"publish","type":"post","link":"https:\/\/www.cordobatimes.com\/showup\/musica\/2019\/09\/12\/no-puedo-el-nuevo-videoclip-de-paulo-londra-filmado-en-cordoba\/","title":{"rendered":"\u201cNo puedo\u201d el nuevo videoclip de Paulo Londra filmado en C\u00f3rdoba"},"content":{"rendered":"<h3><strong>Este mi\u00e9rcoles, Paulo Londra estren\u00f3 el video de No puedo, una de las canciones m\u00e1s \u201ctraperas\u201d de Homerun.<\/strong><\/h3>\n<p>Este mi\u00e9rcoles, Paulo Londra estren\u00f3 el video de No puedo, una de las canciones m\u00e1s \u201ctraperas\u201d de Homerun, el disco que el cordob\u00e9s edit\u00f3 en mayo pasado. En el clip se lo puede ver adentro de una cabina telef\u00f3nica, hablando con alguien a quien le rapea la letra.<\/p>\n<p>Al igual que el video de\u00a0Para eso vine, esta nueva pieza fue filmada en C\u00f3rdoba, su ciudad de origen, y realizada por un equipo que incluye a varios cordobeses. De hecho, algunos de los que aparecen rodeando la cabina son amigos personales de Londra.<\/p>\n<p>El clip fue filmado en una playa de estacionamiento de la calle Humberto Primo en una jornada de rodaje. \u201cFue un muy buen lugar para laburar. Pudimos armar la puesta para ver d\u00f3nde iba la cabina y c\u00f3mo iba a ser la puesta de luz, porque es una escena de noche. Tambi\u00e9n hubo que tener en cuenta el movimiento de c\u00e1mara\u201d coment\u00f3\u00a0 Jonatan Magario, productor del video.<\/p>\n<p>\u201cPara este clip potenciamos la idea de rebeld\u00eda\u201d, explica Magario, quien previamente realiz\u00f3 videos para artistas de la escuder\u00eda ZZK Records, como La Yegros, Nicola Cruz y Chancha V\u00eda Circuito. \u201cSe quer\u00eda contar que \u00e9l estaba en un rollo, discutiendo o cant\u00e1ndole a alguien, y se ve todo ese mundo externo alrededor. Despu\u00e9s todo explota y Paulo se une a su grupo de amigos. Laburar con \u00e9l est\u00e1 buen\u00edsimo, se nota que es joven y est\u00e1 aprendiendo mucho\u201d.<\/p>\n<p>Una curiosidad del video es que la cabina telef\u00f3nica fue intervenida art\u00edsticamente por Elian Chali, el muralista cordob\u00e9s reconocido mundialmente. \u201cLlamamos a Elian para invitarlo a pintar la cabina, somos amigos hace muchos a\u00f1os. Y se mand\u00f3 su magia, una onda m\u00e1s\u00a0old school. Pudo taggear la cabina, as\u00ed que nos queda el recuerdo. Que durante un instante todos hayamos sido parte, desde la t\u00e9cnica a los actores, fue una gran alegr\u00eda. Ponemos a C\u00f3rdoba en lo m\u00e1s alto. Eso es muy importante porque siempre supimos que ac\u00e1 hay muy buen nivel y lo estamos demostrando\u201d.<\/p>\n<p><iframe loading=\"lazy\" width=\"560\" height=\"315\" src=\"https:\/\/www.youtube.com\/embed\/OEvPda1oSYQ\" frameborder=\"0\" allow=\"accelerometer; autoplay; encrypted-media; gyroscope; picture-in-picture\" allowfullscreen><\/iframe><\/p>\n","protected":false},"excerpt":{"rendered":"<p>Este mi\u00e9rcoles, Paulo Londra estren\u00f3 el video de No puedo, una de las canciones m\u00e1s \u201ctraperas\u201d de Homerun. Este mi\u00e9rcoles, Paulo Londra estren\u00f3 el video de No puedo, una de las canciones m\u00e1s \u201ctraperas\u201d de Homerun, el disco que el cordob\u00e9s edit\u00f3 en mayo pasado. En el clip se lo puede ver adentro de una [&hellip;]<\/p>\n","protected":false},"author":1,"featured_media":66425,"comment_status":"closed","ping_status":"closed","sticky":false,"template":"","format":"standard","meta":{"_seopress_robots_primary_cat":"","_seopress_titles_title":"","_seopress_titles_desc":"","_seopress_robots_index":"","footnotes":""},"categories":[5],"tags":[24476,24477],"class_list":{"0":"post-66424","1":"post","2":"type-post","3":"status-publish","4":"format-standard","5":"has-post-thumbnail","7":"category-musica","8":"tag-no-puedo-paulo-londra","9":"tag-videoclip-de-paulo-londra"},"_links":{"self":[{"href":"https:\/\/www.cordobatimes.com\/showup\/wp-json\/wp\/v2\/posts\/66424","targetHints":{"allow":["GET"]}}],"collection":[{"href":"https:\/\/www.cordobatimes.com\/showup\/wp-json\/wp\/v2\/posts"}],"about":[{"href":"https:\/\/www.cordobatimes.com\/showup\/wp-json\/wp\/v2\/types\/post"}],"author":[{"embeddable":true,"href":"https:\/\/www.cordobatimes.com\/showup\/wp-json\/wp\/v2\/users\/1"}],"replies":[{"embeddable":true,"href":"https:\/\/www.cordobatimes.com\/showup\/wp-json\/wp\/v2\/comments?post=66424"}],"version-history":[{"count":0,"href":"https:\/\/www.cordobatimes.com\/showup\/wp-json\/wp\/v2\/posts\/66424\/revisions"}],"wp:featuredmedia":[{"embeddable":true,"href":"https:\/\/www.cordobatimes.com\/showup\/wp-json\/wp\/v2\/media\/66425"}],"wp:attachment":[{"href":"https:\/\/www.cordobatimes.com\/showup\/wp-json\/wp\/v2\/media?parent=66424"}],"wp:term":[{"taxonomy":"category","embeddable":true,"href":"https:\/\/www.cordobatimes.com\/showup\/wp-json\/wp\/v2\/categories?post=66424"},{"taxonomy":"post_tag","embeddable":true,"href":"https:\/\/www.cordobatimes.com\/showup\/wp-json\/wp\/v2\/tags?post=66424"}],"curies":[{"name":"wp","href":"https:\/\/api.w.org\/{rel}","templated":true}]}}