{"id":66421,"date":"2019-09-12T09:44:00","date_gmt":"2019-09-12T12:44:00","guid":{"rendered":"https:\/\/www.cordobatimes.com\/showup\/?p=66421"},"modified":"2019-09-12T09:44:00","modified_gmt":"2019-09-12T12:44:00","slug":"trailer-de-el-robo-del-siglo-la-pelicula-sobre-el-asalto-al-banco-rio-con-peretti-y-francella","status":"publish","type":"post","link":"https:\/\/www.cordobatimes.com\/showup\/cine-y-series\/2019\/09\/12\/trailer-de-el-robo-del-siglo-la-pelicula-sobre-el-asalto-al-banco-rio-con-peretti-y-francella\/","title":{"rendered":"Tr\u00e1iler de \u00abEl robo del siglo\u00bb, la pel\u00edcula sobre el asalto al Banco R\u00edo con Peretti y Francella"},"content":{"rendered":"<h3><strong>Se lanz\u00f3 el primer tr\u00e1iler de El robo del siglo, recreaci\u00f3n del legendario robo al Banco R\u00edo.<\/strong><\/h3>\n<p>Con producci\u00f3n de AZ Films, MarVista Entertainment, Viacom International Studios y Telefe, El robo del siglo promete ser el pr\u00f3ximo suceso del cine argentino, que ahora tiene su primer tr\u00e1iler.<\/p>\n<p>La pel\u00edcula con direcci\u00f3n de\u00a0Ariel Winograd\u00a0y protag\u00f3nicos de\u00a0Guillermo Francella,\u00a0Diego Peretti, Luis Luque, Pablo Rago, Rafael Ferro y Mariano Argento recrea el famoso saqueo al Banco R\u00edo de Acasusso (San Isidro, Buenos Aires) llevado a cabo en 2006.<\/p>\n<p>\u00abLlueve copiosamente y en la calle no hay un alma. Araujo est\u00e1 refugiado bajo el alero de un local cerrado. Sobre la avenida se han formado varios charcos; en ese fragmentado espejo de agua se distingue, deformado, un cartel luminoso. Araujo levanta la vista y descubre, delante suyo, la fachada del Banco R\u00edo\u00bb. As\u00ed reza la sinopsis del filme, a estrenarse el 16 de enero de 2020.<\/p>\n<p><iframe loading=\"lazy\" src=\"https:\/\/www.youtube.com\/embed\/C_CD4q-ntwI\" width=\"560\" height=\"315\" frameborder=\"0\" allowfullscreen=\"allowfullscreen\"><\/iframe><\/p>\n","protected":false},"excerpt":{"rendered":"<p>Se lanz\u00f3 el primer tr\u00e1iler de El robo del siglo, recreaci\u00f3n del legendario robo al Banco R\u00edo. Con producci\u00f3n de AZ Films, MarVista Entertainment, Viacom International Studios y Telefe, El robo del siglo promete ser el pr\u00f3ximo suceso del cine argentino, que ahora tiene su primer tr\u00e1iler. La pel\u00edcula con direcci\u00f3n de\u00a0Ariel Winograd\u00a0y protag\u00f3nicos de\u00a0Guillermo [&hellip;]<\/p>\n","protected":false},"author":1,"featured_media":66422,"comment_status":"closed","ping_status":"closed","sticky":false,"template":"","format":"standard","meta":{"_seopress_robots_primary_cat":"","_seopress_titles_title":"","_seopress_titles_desc":"","_seopress_robots_index":"","footnotes":""},"categories":[3],"tags":[24473,24475,24474],"class_list":{"0":"post-66421","1":"post","2":"type-post","3":"status-publish","4":"format-standard","5":"has-post-thumbnail","7":"category-cine-y-series","8":"tag-el-robo-del-siglo","9":"tag-guillermo-francella-y-diego-peretti","10":"tag-pelicula-sobre-el-asalto-al-banco-rio"},"_links":{"self":[{"href":"https:\/\/www.cordobatimes.com\/showup\/wp-json\/wp\/v2\/posts\/66421","targetHints":{"allow":["GET"]}}],"collection":[{"href":"https:\/\/www.cordobatimes.com\/showup\/wp-json\/wp\/v2\/posts"}],"about":[{"href":"https:\/\/www.cordobatimes.com\/showup\/wp-json\/wp\/v2\/types\/post"}],"author":[{"embeddable":true,"href":"https:\/\/www.cordobatimes.com\/showup\/wp-json\/wp\/v2\/users\/1"}],"replies":[{"embeddable":true,"href":"https:\/\/www.cordobatimes.com\/showup\/wp-json\/wp\/v2\/comments?post=66421"}],"version-history":[{"count":0,"href":"https:\/\/www.cordobatimes.com\/showup\/wp-json\/wp\/v2\/posts\/66421\/revisions"}],"wp:featuredmedia":[{"embeddable":true,"href":"https:\/\/www.cordobatimes.com\/showup\/wp-json\/wp\/v2\/media\/66422"}],"wp:attachment":[{"href":"https:\/\/www.cordobatimes.com\/showup\/wp-json\/wp\/v2\/media?parent=66421"}],"wp:term":[{"taxonomy":"category","embeddable":true,"href":"https:\/\/www.cordobatimes.com\/showup\/wp-json\/wp\/v2\/categories?post=66421"},{"taxonomy":"post_tag","embeddable":true,"href":"https:\/\/www.cordobatimes.com\/showup\/wp-json\/wp\/v2\/tags?post=66421"}],"curies":[{"name":"wp","href":"https:\/\/api.w.org\/{rel}","templated":true}]}}