{"id":66359,"date":"2019-09-10T11:46:16","date_gmt":"2019-09-10T14:46:16","guid":{"rendered":"https:\/\/www.cordobatimes.com\/showup\/?p=66359"},"modified":"2019-09-10T11:46:16","modified_gmt":"2019-09-10T14:46:16","slug":"los-looks-de-la-alfombra-roja-de-los-martin-fierro-de-cable","status":"publish","type":"post","link":"https:\/\/www.cordobatimes.com\/showup\/moda-y-estilos\/2019\/09\/10\/los-looks-de-la-alfombra-roja-de-los-martin-fierro-de-cable\/","title":{"rendered":"Los looks de la alfombra roja de los Mart\u00edn Fierro de Cable"},"content":{"rendered":"<h3>\u00a0<strong>Antes de la ceremonia, nominados e invitados pasaron por la red carpet<\/strong><\/h3>\n<h3><strong>Florencia de la V\u00a0<\/strong><\/h3>\n<p><img alt=\"\" loading=\"lazy\" decoding=\"async\" class=\"alignnone size-full wp-image-66361\" src=\"https:\/\/www.cordobatimes.com\/showup\/wp-content\/uploads\/2019\/09\/Nombre1.jpg\" alt=\"\" width=\"439\" height=\"622\" srcset=\"https:\/\/www.cordobatimes.com\/showup\/wp-content\/uploads\/2019\/09\/Nombre1.jpg 439w, https:\/\/www.cordobatimes.com\/showup\/wp-content\/uploads\/2019\/09\/Nombre1-296x420.jpg 296w\" sizes=\"auto, (max-width: 439px) 100vw, 439px\" \/><\/p>\n<h3><strong>Nico Occhiato<\/strong><\/h3>\n<p><img alt=\"\" loading=\"lazy\" decoding=\"async\" class=\"alignnone size-full wp-image-66362\" src=\"https:\/\/www.cordobatimes.com\/showup\/wp-content\/uploads\/2019\/09\/Nombre2.jpg\" alt=\"\" width=\"376\" height=\"557\" srcset=\"https:\/\/www.cordobatimes.com\/showup\/wp-content\/uploads\/2019\/09\/Nombre2.jpg 376w, https:\/\/www.cordobatimes.com\/showup\/wp-content\/uploads\/2019\/09\/Nombre2-284x420.jpg 284w\" sizes=\"auto, (max-width: 376px) 100vw, 376px\" \/><\/p>\n<h3><strong>Luis Novaresio<\/strong><\/h3>\n<p><img alt=\"\" loading=\"lazy\" decoding=\"async\" class=\"alignnone size-full wp-image-66363\" src=\"https:\/\/www.cordobatimes.com\/showup\/wp-content\/uploads\/2019\/09\/Nombre3.jpg\" alt=\"\" width=\"449\" height=\"613\" srcset=\"https:\/\/www.cordobatimes.com\/showup\/wp-content\/uploads\/2019\/09\/Nombre3.jpg 449w, https:\/\/www.cordobatimes.com\/showup\/wp-content\/uploads\/2019\/09\/Nombre3-308x420.jpg 308w\" sizes=\"auto, (max-width: 449px) 100vw, 449px\" \/><\/p>\n<h3><strong>\u00c1ngeles Balbiani<\/strong><\/h3>\n<p><img alt=\"\" loading=\"lazy\" decoding=\"async\" class=\"alignnone size-full wp-image-66364\" src=\"https:\/\/www.cordobatimes.com\/showup\/wp-content\/uploads\/2019\/09\/Nombre4.jpg\" alt=\"\" width=\"441\" height=\"615\" srcset=\"https:\/\/www.cordobatimes.com\/showup\/wp-content\/uploads\/2019\/09\/Nombre4.jpg 441w, https:\/\/www.cordobatimes.com\/showup\/wp-content\/uploads\/2019\/09\/Nombre4-301x420.jpg 301w\" sizes=\"auto, (max-width: 441px) 100vw, 441px\" \/><\/p>\n<h3><strong>Vero Lozano<\/strong><\/h3>\n<p><img alt=\"\" loading=\"lazy\" decoding=\"async\" class=\"alignnone size-full wp-image-66365\" src=\"https:\/\/www.cordobatimes.com\/showup\/wp-content\/uploads\/2019\/09\/Nombre5.jpg\" alt=\"\" width=\"408\" height=\"618\" srcset=\"https:\/\/www.cordobatimes.com\/showup\/wp-content\/uploads\/2019\/09\/Nombre5.jpg 408w, https:\/\/www.cordobatimes.com\/showup\/wp-content\/uploads\/2019\/09\/Nombre5-277x420.jpg 277w\" sizes=\"auto, (max-width: 408px) 100vw, 408px\" \/><\/p>\n<h3><strong>Teffi Ruso y el Pollo \u00c1lvarez<\/strong><\/h3>\n<p><img alt=\"\" loading=\"lazy\" decoding=\"async\" class=\"alignnone size-full wp-image-66366\" src=\"https:\/\/www.cordobatimes.com\/showup\/wp-content\/uploads\/2019\/09\/Nombre6.jpg\" alt=\"\" width=\"421\" height=\"620\" srcset=\"https:\/\/www.cordobatimes.com\/showup\/wp-content\/uploads\/2019\/09\/Nombre6.jpg 421w, https:\/\/www.cordobatimes.com\/showup\/wp-content\/uploads\/2019\/09\/Nombre6-285x420.jpg 285w\" sizes=\"auto, (max-width: 421px) 100vw, 421px\" \/><\/p>\n<h3><strong>Sol P\u00e9rez<\/strong><\/h3>\n<p><img alt=\"\" loading=\"lazy\" decoding=\"async\" class=\"alignnone size-full wp-image-66367\" src=\"https:\/\/www.cordobatimes.com\/showup\/wp-content\/uploads\/2019\/09\/Nombre7.jpg\" alt=\"\" width=\"432\" height=\"614\" srcset=\"https:\/\/www.cordobatimes.com\/showup\/wp-content\/uploads\/2019\/09\/Nombre7.jpg 432w, https:\/\/www.cordobatimes.com\/showup\/wp-content\/uploads\/2019\/09\/Nombre7-296x420.jpg 296w\" sizes=\"auto, (max-width: 432px) 100vw, 432px\" \/><\/p>\n<h3><strong>Guillermo Andino y Carolina Prat<\/strong><\/h3>\n<p><img alt=\"\" loading=\"lazy\" decoding=\"async\" class=\"alignnone size-full wp-image-66368\" src=\"https:\/\/www.cordobatimes.com\/showup\/wp-content\/uploads\/2019\/09\/Nombre9.jpg\" alt=\"\" width=\"453\" height=\"627\" srcset=\"https:\/\/www.cordobatimes.com\/showup\/wp-content\/uploads\/2019\/09\/Nombre9.jpg 453w, https:\/\/www.cordobatimes.com\/showup\/wp-content\/uploads\/2019\/09\/Nombre9-303x420.jpg 303w\" sizes=\"auto, (max-width: 453px) 100vw, 453px\" \/><\/p>\n<h3><strong>Evelyn von Brocke<\/strong><\/h3>\n<p><img alt=\"\" loading=\"lazy\" decoding=\"async\" class=\"alignnone size-full wp-image-66369\" src=\"https:\/\/www.cordobatimes.com\/showup\/wp-content\/uploads\/2019\/09\/Nombre1215.jpg\" alt=\"\" width=\"446\" height=\"625\" srcset=\"https:\/\/www.cordobatimes.com\/showup\/wp-content\/uploads\/2019\/09\/Nombre1215.jpg 446w, https:\/\/www.cordobatimes.com\/showup\/wp-content\/uploads\/2019\/09\/Nombre1215-300x420.jpg 300w\" sizes=\"auto, (max-width: 446px) 100vw, 446px\" \/><\/p>\n","protected":false},"excerpt":{"rendered":"<p>\u00a0Antes de la ceremonia, nominados e invitados pasaron por la red carpet Florencia de la V\u00a0 Nico Occhiato Luis Novaresio \u00c1ngeles Balbiani Vero Lozano Teffi Ruso y el Pollo \u00c1lvarez Sol P\u00e9rez Guillermo Andino y Carolina Prat Evelyn von Brocke<\/p>\n","protected":false},"author":1,"featured_media":66360,"comment_status":"closed","ping_status":"closed","sticky":false,"template":"","format":"standard","meta":{"_seopress_robots_primary_cat":"","_seopress_titles_title":"","_seopress_titles_desc":"","_seopress_robots_index":"","footnotes":""},"categories":[228],"tags":[24453,24454],"class_list":{"0":"post-66359","1":"post","2":"type-post","3":"status-publish","4":"format-standard","5":"has-post-thumbnail","7":"category-moda-y-estilos","8":"tag-looks-martin-fierro-de-cable","9":"tag-moda-martin-fierro-de-cable"},"_links":{"self":[{"href":"https:\/\/www.cordobatimes.com\/showup\/wp-json\/wp\/v2\/posts\/66359","targetHints":{"allow":["GET"]}}],"collection":[{"href":"https:\/\/www.cordobatimes.com\/showup\/wp-json\/wp\/v2\/posts"}],"about":[{"href":"https:\/\/www.cordobatimes.com\/showup\/wp-json\/wp\/v2\/types\/post"}],"author":[{"embeddable":true,"href":"https:\/\/www.cordobatimes.com\/showup\/wp-json\/wp\/v2\/users\/1"}],"replies":[{"embeddable":true,"href":"https:\/\/www.cordobatimes.com\/showup\/wp-json\/wp\/v2\/comments?post=66359"}],"version-history":[{"count":0,"href":"https:\/\/www.cordobatimes.com\/showup\/wp-json\/wp\/v2\/posts\/66359\/revisions"}],"wp:featuredmedia":[{"embeddable":true,"href":"https:\/\/www.cordobatimes.com\/showup\/wp-json\/wp\/v2\/media\/66360"}],"wp:attachment":[{"href":"https:\/\/www.cordobatimes.com\/showup\/wp-json\/wp\/v2\/media?parent=66359"}],"wp:term":[{"taxonomy":"category","embeddable":true,"href":"https:\/\/www.cordobatimes.com\/showup\/wp-json\/wp\/v2\/categories?post=66359"},{"taxonomy":"post_tag","embeddable":true,"href":"https:\/\/www.cordobatimes.com\/showup\/wp-json\/wp\/v2\/tags?post=66359"}],"curies":[{"name":"wp","href":"https:\/\/api.w.org\/{rel}","templated":true}]}}