{"id":66326,"date":"2019-09-08T11:44:12","date_gmt":"2019-09-08T14:44:12","guid":{"rendered":"https:\/\/www.cordobatimes.com\/showup\/?p=66326"},"modified":"2019-09-08T11:44:12","modified_gmt":"2019-09-08T14:44:12","slug":"murio-el-cantante-camilo-sesto","status":"publish","type":"post","link":"https:\/\/www.cordobatimes.com\/showup\/musica\/2019\/09\/08\/murio-el-cantante-camilo-sesto\/","title":{"rendered":"Muri\u00f3 el cantante Camilo Sesto"},"content":{"rendered":"<h3><b>Muri\u00f3 en la madrugada de este s\u00e1bado en Madrid a los 72 a\u00f1os de edad.<\/b><\/h3>\n<p>Con dificultad para hablar y caminar,\u00a0Camilo Sesto\u00a0se present\u00f3\u00a0el 20 de noviembre de 2018 en Florida Park, Madrid, para presentar el que era\u00a0su\u00a0\u00faltimo\u00a0disco.\u00a0Un d\u00eda antes, hab\u00eda estado internado en el hospital\u00a0por\u00a0problemas renales, pero el cantante de \u00abVivir as\u00ed es morir de amor\u00bb no quiso perderse el emocionante acto.<\/p>\n<p>\u00abEstoy bien. Un poco mareado\u00bb, cont\u00f3 a su llegada el artista,\u00a0que llevaba dos a\u00f1os alejado de los reflectores, de los eventos sociales, y de la vida p\u00fablica en general.<\/p>\n<p>Durante toda la noche, permaneci\u00f3 sentado en un taburete. Una persona que le hizo de gu\u00eda entre el tumulto no se separ\u00f3 de \u00e9l ni un instante. Tras proyectar el documental que mostraba\u00a0escenas de\u00a0la grabaci\u00f3n del disco,\u00a0el m\u00fasico no pudo retener las l\u00e1grimas.<\/p>\n<p>\u00abGracias a todos por estar aqu\u00ed. Y que la m\u00fasica siga siendo nuestro \u00fanico mundo.\u00a0Estoy de pie\u00bb, dijo a los reporteros, tratando de mostrarse fuerte, antes de marcharse.<\/p>\n<p>Pocos meses despu\u00e9s, sali\u00f3 a la luz que Camilo Sesto hab\u00eda regresado al hospital por fallas renales. Y este s\u00e1bado 7 de septiembre, se anunci\u00f3 su fallecimiento en un comunicado a trav\u00e9s de Twitter.<\/p>\n<p>\u00abQueridos amigos &amp; amigas. Lamentamos mucho comunicaros que nuestro gran y querido artista Camilo Sesto nos acaba de dejar. Descanse en paz\u00bb, anunciaba el twit.<\/p>\n<blockquote class=\"twitter-tweet\" data-lang=\"es\">\n<p lang=\"es\" dir=\"ltr\">Queridos amigos &amp; amigas <br \/>Lamentamos mucho comunicaros que nuestro gran y querido artista Camilo Sesto nos acaba de dejar.<br \/>Descanse en paz<\/p>\n<p>&mdash; Camilo Sesto (@CamiloSesto) <a href=\"https:\/\/twitter.com\/CamiloSesto\/status\/1170539507709554688?ref_src=twsrc%5Etfw\">8 de septiembre de 2019<\/a><\/p><\/blockquote>\n<p><script async src=\"https:\/\/platform.twitter.com\/widgets.js\" charset=\"utf-8\"><\/script><\/p>\n<blockquote class=\"twitter-tweet\" data-lang=\"es\">\n<p lang=\"es\" dir=\"ltr\">Comunicado:<br \/>Se informa que ma\u00f1ana lunes 9 de septiembre <br \/>ser\u00e1 instalada la capilla ardiente en S.G.A.E. calle Fernando VI n\u00b04 en Madrid  de 11:00 a 20:00 horas.<br \/>Para todos aquellos que quieran darle el \u00faltimo adi\u00f3s.<\/p>\n<p>&mdash; Camilo Sesto (@CamiloSesto) <a href=\"https:\/\/twitter.com\/CamiloSesto\/status\/1170644781497802752?ref_src=twsrc%5Etfw\">8 de septiembre de 2019<\/a><\/p><\/blockquote>\n<p><script async src=\"https:\/\/platform.twitter.com\/widgets.js\" charset=\"utf-8\"><\/script><\/p>\n<p>La noticia, difundida en la cuenta personal del artista, fue confirmada por Ornelas y por su hijo, quien dio las gracias a su padre por inspirar su carrera musical.<\/p>\n<p>\u00abAlgo de m\u00ed muere tambi\u00e9n. Gracias por ense\u00f1arme a amar la m\u00fasica\u00bb, escribi\u00f3 en Facebook.<\/p>\n<p>En un comunicado reciente, los allegados del cantante informaron que el lunes 9 de septiembre se instalar\u00e1 en Madrid la capilla ardiente, \u00abpara todos aquellos que quieran darle el \u00faltimo adi\u00f3s\u00bb.<\/p>\n<p><iframe loading=\"lazy\" width=\"560\" height=\"315\" src=\"https:\/\/www.youtube.com\/embed\/-sFyAQyt6sc\" frameborder=\"0\" allow=\"accelerometer; autoplay; encrypted-media; gyroscope; picture-in-picture\" allowfullscreen><\/iframe><\/p>\n<p><iframe loading=\"lazy\" width=\"560\" height=\"315\" src=\"https:\/\/www.youtube.com\/embed\/-uI3TLSNp6c\" frameborder=\"0\" allow=\"accelerometer; autoplay; encrypted-media; gyroscope; picture-in-picture\" allowfullscreen><\/iframe><\/p>\n<p><iframe loading=\"lazy\" width=\"560\" height=\"315\" src=\"https:\/\/www.youtube.com\/embed\/e76XFKM1GMU\" frameborder=\"0\" allow=\"accelerometer; autoplay; encrypted-media; gyroscope; picture-in-picture\" allowfullscreen><\/iframe><\/p>\n","protected":false},"excerpt":{"rendered":"<p>Muri\u00f3 en la madrugada de este s\u00e1bado en Madrid a los 72 a\u00f1os de edad. Con dificultad para hablar y caminar,\u00a0Camilo Sesto\u00a0se present\u00f3\u00a0el 20 de noviembre de 2018 en Florida Park, Madrid, para presentar el que era\u00a0su\u00a0\u00faltimo\u00a0disco.\u00a0Un d\u00eda antes, hab\u00eda estado internado en el hospital\u00a0por\u00a0problemas renales, pero el cantante de \u00abVivir as\u00ed es morir de [&hellip;]<\/p>\n","protected":false},"author":1,"featured_media":66327,"comment_status":"closed","ping_status":"closed","sticky":false,"template":"","format":"standard","meta":{"_seopress_robots_primary_cat":"","_seopress_titles_title":"","_seopress_titles_desc":"","_seopress_robots_index":"","footnotes":""},"categories":[5],"tags":[24438,24436,24437],"class_list":{"0":"post-66326","1":"post","2":"type-post","3":"status-publish","4":"format-standard","5":"has-post-thumbnail","7":"category-musica","8":"tag-cantante-camilo-sesto","9":"tag-muerte-de-camilo-sesto","10":"tag-murio-camilo-sesto"},"_links":{"self":[{"href":"https:\/\/www.cordobatimes.com\/showup\/wp-json\/wp\/v2\/posts\/66326","targetHints":{"allow":["GET"]}}],"collection":[{"href":"https:\/\/www.cordobatimes.com\/showup\/wp-json\/wp\/v2\/posts"}],"about":[{"href":"https:\/\/www.cordobatimes.com\/showup\/wp-json\/wp\/v2\/types\/post"}],"author":[{"embeddable":true,"href":"https:\/\/www.cordobatimes.com\/showup\/wp-json\/wp\/v2\/users\/1"}],"replies":[{"embeddable":true,"href":"https:\/\/www.cordobatimes.com\/showup\/wp-json\/wp\/v2\/comments?post=66326"}],"version-history":[{"count":0,"href":"https:\/\/www.cordobatimes.com\/showup\/wp-json\/wp\/v2\/posts\/66326\/revisions"}],"wp:featuredmedia":[{"embeddable":true,"href":"https:\/\/www.cordobatimes.com\/showup\/wp-json\/wp\/v2\/media\/66327"}],"wp:attachment":[{"href":"https:\/\/www.cordobatimes.com\/showup\/wp-json\/wp\/v2\/media?parent=66326"}],"wp:term":[{"taxonomy":"category","embeddable":true,"href":"https:\/\/www.cordobatimes.com\/showup\/wp-json\/wp\/v2\/categories?post=66326"},{"taxonomy":"post_tag","embeddable":true,"href":"https:\/\/www.cordobatimes.com\/showup\/wp-json\/wp\/v2\/tags?post=66326"}],"curies":[{"name":"wp","href":"https:\/\/api.w.org\/{rel}","templated":true}]}}