{"id":66321,"date":"2019-09-03T09:36:39","date_gmt":"2019-09-03T12:36:39","guid":{"rendered":"https:\/\/www.cordobatimes.com\/showup\/?p=66321"},"modified":"2019-09-03T09:36:39","modified_gmt":"2019-09-03T12:36:39","slug":"la-grilla-de-la-fiesta-de-la-primavera-carlos-paz-2019","status":"publish","type":"post","link":"https:\/\/www.cordobatimes.com\/showup\/musica\/2019\/09\/03\/la-grilla-de-la-fiesta-de-la-primavera-carlos-paz-2019\/","title":{"rendered":"La grilla de la Fiesta de la Primavera Carlos Paz 2019"},"content":{"rendered":"<h3><strong>El evento ser\u00e1 el s\u00e1bado 21 de septiembre en el Parque del Rally en la costanera de Carlos Paz. Adem\u00e1s\u00a0 habr\u00e1 un escenario alternativo y un espacio de electr\u00f3nica.<\/strong><\/h3>\n<p>Se conoci\u00f3 la grilla de artistas que actuar\u00e1n el pr\u00f3ximo 21 de septiembre en el Parque del Rally en la costanera de Carlos Paz. Los n\u00fameros centrales de la tradicional Fiesta de la Primavera ser\u00e1n J&#8217;Mena, Las Pelotas, Los Caligaris y Dami\u00e1n C\u00f3rdoba.<\/p>\n<p>Tambi\u00e9n se presentar\u00e1n Dale que va, SER, J\u00f3venes pordioseros (20 a\u00f1os), Paty Cant\u00fa y bandas locales. Adem\u00e1s del escenario principal, habr\u00e1 un escenario alternativo y un espacio dedicado a la m\u00fasica electr\u00f3nica. <\/p>\n<p>El evento, que cae d\u00eda s\u00e1bado, se realizar\u00e1 desde las 13 y se espera que se trasladen hasta Carlos Paz miles de j\u00f3venes de diferentes puntos de la provincia. <\/p>\n<p><img alt=\"\" loading=\"lazy\" decoding=\"async\" src=\"https:\/\/www.cordobatimes.com\/showup\/wp-content\/uploads\/2019\/09\/\u00f1klmk.jpeg\" alt=\"\" width=\"680\" height=\"680\" class=\"alignnone size-full wp-image-66323\" srcset=\"https:\/\/www.cordobatimes.com\/showup\/wp-content\/uploads\/2019\/09\/\u00f1klmk.jpeg 680w, https:\/\/www.cordobatimes.com\/showup\/wp-content\/uploads\/2019\/09\/\u00f1klmk-420x420.jpeg 420w\" sizes=\"auto, (max-width: 680px) 100vw, 680px\" \/><\/p>\n","protected":false},"excerpt":{"rendered":"<p>El evento ser\u00e1 el s\u00e1bado 21 de septiembre en el Parque del Rally en la costanera de Carlos Paz. Adem\u00e1s\u00a0 habr\u00e1 un escenario alternativo y un espacio de electr\u00f3nica. Se conoci\u00f3 la grilla de artistas que actuar\u00e1n el pr\u00f3ximo 21 de septiembre en el Parque del Rally en la costanera de Carlos Paz. Los n\u00fameros [&hellip;]<\/p>\n","protected":false},"author":1,"featured_media":66322,"comment_status":"closed","ping_status":"closed","sticky":false,"template":"","format":"standard","meta":{"_seopress_robots_primary_cat":"","_seopress_titles_title":"","_seopress_titles_desc":"","_seopress_robots_index":"","footnotes":""},"categories":[5],"tags":[24435,24434],"class_list":{"0":"post-66321","1":"post","2":"type-post","3":"status-publish","4":"format-standard","5":"has-post-thumbnail","7":"category-musica","8":"tag-fiesta-de-la-primavera","9":"tag-fiesta-de-la-primavera-carlos-paz-2019"},"_links":{"self":[{"href":"https:\/\/www.cordobatimes.com\/showup\/wp-json\/wp\/v2\/posts\/66321","targetHints":{"allow":["GET"]}}],"collection":[{"href":"https:\/\/www.cordobatimes.com\/showup\/wp-json\/wp\/v2\/posts"}],"about":[{"href":"https:\/\/www.cordobatimes.com\/showup\/wp-json\/wp\/v2\/types\/post"}],"author":[{"embeddable":true,"href":"https:\/\/www.cordobatimes.com\/showup\/wp-json\/wp\/v2\/users\/1"}],"replies":[{"embeddable":true,"href":"https:\/\/www.cordobatimes.com\/showup\/wp-json\/wp\/v2\/comments?post=66321"}],"version-history":[{"count":0,"href":"https:\/\/www.cordobatimes.com\/showup\/wp-json\/wp\/v2\/posts\/66321\/revisions"}],"wp:featuredmedia":[{"embeddable":true,"href":"https:\/\/www.cordobatimes.com\/showup\/wp-json\/wp\/v2\/media\/66322"}],"wp:attachment":[{"href":"https:\/\/www.cordobatimes.com\/showup\/wp-json\/wp\/v2\/media?parent=66321"}],"wp:term":[{"taxonomy":"category","embeddable":true,"href":"https:\/\/www.cordobatimes.com\/showup\/wp-json\/wp\/v2\/categories?post=66321"},{"taxonomy":"post_tag","embeddable":true,"href":"https:\/\/www.cordobatimes.com\/showup\/wp-json\/wp\/v2\/tags?post=66321"}],"curies":[{"name":"wp","href":"https:\/\/api.w.org\/{rel}","templated":true}]}}