{"id":66285,"date":"2019-08-30T17:12:21","date_gmt":"2019-08-30T20:12:21","guid":{"rendered":"https:\/\/www.cordobatimes.com\/showup\/?p=66285"},"modified":"2019-08-30T17:12:21","modified_gmt":"2019-08-30T20:12:21","slug":"metalizados-textiles-innovadores-y-colores-en-las-ultimas-tendencias","status":"publish","type":"post","link":"https:\/\/www.cordobatimes.com\/showup\/moda-y-estilos\/2019\/08\/30\/metalizados-textiles-innovadores-y-colores-en-las-ultimas-tendencias\/","title":{"rendered":"Metalizados, textiles innovadores y colores en las \u00faltimas tendencias"},"content":{"rendered":"<h3><strong>Los dise\u00f1adores argentinos presentaron sus colecciones de verano.<\/strong><\/h3>\n<p>Fabi\u00e1n Zitta fue el dise\u00f1ador encargado de abrir la semana de la moda del Designers BA primavera verano 2020 y su colecci\u00f3n se llam\u00f3 Deliq.<\/p>\n<p><img alt=\"\" loading=\"lazy\" decoding=\"async\" class=\"alignnone size-full wp-image-66287\" src=\"https:\/\/www.cordobatimes.com\/showup\/wp-content\/uploads\/2019\/08\/Nombre1-2.jpg\" alt=\"\" width=\"405\" height=\"617\" srcset=\"https:\/\/www.cordobatimes.com\/showup\/wp-content\/uploads\/2019\/08\/Nombre1-2.jpg 405w, https:\/\/www.cordobatimes.com\/showup\/wp-content\/uploads\/2019\/08\/Nombre1-2-276x420.jpg 276w\" sizes=\"auto, (max-width: 405px) 100vw, 405px\" \/><\/p>\n<p>Zitta present\u00f3 conjuntos de haute couture con siluetas inspiradas en los a\u00f1os 5o y 60 en tonalidades rosados, amarillos y metalizados que impactaron a todos los asistentes al primer desfile que abri\u00f3 la grilla del Designers.<\/p>\n<p><img alt=\"\" loading=\"lazy\" decoding=\"async\" class=\"alignnone size-full wp-image-66288\" src=\"https:\/\/www.cordobatimes.com\/showup\/wp-content\/uploads\/2019\/08\/6-5.jpg\" alt=\"\" width=\"410\" height=\"619\" srcset=\"https:\/\/www.cordobatimes.com\/showup\/wp-content\/uploads\/2019\/08\/6-5.jpg 410w, https:\/\/www.cordobatimes.com\/showup\/wp-content\/uploads\/2019\/08\/6-5-278x420.jpg 278w\" sizes=\"auto, (max-width: 410px) 100vw, 410px\" \/><\/p>\n<p>Los g\u00e9neros que predominaron en la pasarela de Zitta fueron las sedas, las organzas y rafias en diferentes tonalidades y estructuras de dise\u00f1o.<\/p>\n<p><img alt=\"\" loading=\"lazy\" decoding=\"async\" class=\"alignnone size-full wp-image-66289\" src=\"https:\/\/www.cordobatimes.com\/showup\/wp-content\/uploads\/2019\/08\/7-2.jpg\" alt=\"\" width=\"414\" height=\"611\" srcset=\"https:\/\/www.cordobatimes.com\/showup\/wp-content\/uploads\/2019\/08\/7-2.jpg 414w, https:\/\/www.cordobatimes.com\/showup\/wp-content\/uploads\/2019\/08\/7-2-285x420.jpg 285w\" sizes=\"auto, (max-width: 414px) 100vw, 414px\" \/><\/p>\n<p>La saster\u00eda tambi\u00e9n form\u00f3 parte de la colecci\u00f3n veraniega de Fabi\u00e1n Zitta. En esta oportunidad la propuesta en plateado con saco oversized y pantal\u00f3n al tobillo<\/p>\n<h3><strong>TRAMANDO<\/strong><\/h3>\n<p><img alt=\"\" loading=\"lazy\" decoding=\"async\" class=\"alignnone size-full wp-image-66290\" src=\"https:\/\/www.cordobatimes.com\/showup\/wp-content\/uploads\/2019\/08\/8-4.jpg\" alt=\"\" width=\"407\" height=\"611\" srcset=\"https:\/\/www.cordobatimes.com\/showup\/wp-content\/uploads\/2019\/08\/8-4.jpg 407w, https:\/\/www.cordobatimes.com\/showup\/wp-content\/uploads\/2019\/08\/8-4-280x420.jpg 280w\" sizes=\"auto, (max-width: 407px) 100vw, 407px\" \/><\/p>\n<p>Para enfrentar una colecci\u00f3n veraniega, el dise\u00f1ador de Tramando, Mart\u00edn Churba present\u00f3 su colecci\u00f3n primavera-verano 2020 llamada Infrarojo. Con su sello personal, el denim fue uno de los grandes protagonistas de la tarde mezclados con tejidos metalizados.<\/p>\n<p><img alt=\"\" loading=\"lazy\" decoding=\"async\" class=\"alignnone size-full wp-image-66291\" src=\"https:\/\/www.cordobatimes.com\/showup\/wp-content\/uploads\/2019\/08\/9-2.jpg\" alt=\"\" width=\"408\" height=\"619\" srcset=\"https:\/\/www.cordobatimes.com\/showup\/wp-content\/uploads\/2019\/08\/9-2.jpg 408w, https:\/\/www.cordobatimes.com\/showup\/wp-content\/uploads\/2019\/08\/9-2-277x420.jpg 277w\" sizes=\"auto, (max-width: 408px) 100vw, 408px\" \/><\/p>\n<p>El azul, blanco y rojo no pasaron desapercibidos en la pasarela de Tramando acompa\u00f1ando a siluetas en tipolog\u00edas simples de textiles t\u00e9cnicos y deportivos. El detalle fashionista, las zapatillas con estampados metalizados en cobre<\/p>\n<p><img alt=\"\" loading=\"lazy\" decoding=\"async\" class=\"alignnone size-full wp-image-66292\" src=\"https:\/\/www.cordobatimes.com\/showup\/wp-content\/uploads\/2019\/08\/10-1.jpg\" alt=\"\" width=\"412\" height=\"617\" srcset=\"https:\/\/www.cordobatimes.com\/showup\/wp-content\/uploads\/2019\/08\/10-1.jpg 412w, https:\/\/www.cordobatimes.com\/showup\/wp-content\/uploads\/2019\/08\/10-1-280x420.jpg 280w\" sizes=\"auto, (max-width: 412px) 100vw, 412px\" \/><\/p>\n<p>Un conjunto azul noche con lentejuelas turquesa fue el protagonista de la pasarela. Ideal para un look formal. Con dise\u00f1o en diagonal, y top con escote en V, el modelo presentado es uno de los nuevos materiales que logr\u00f3 la marca de Mart\u00edn Churba<\/p>\n<h3><strong>BENITO FERN\u00c1NDEZ<\/strong><\/h3>\n<p><img alt=\"\" loading=\"lazy\" decoding=\"async\" class=\"alignnone size-full wp-image-66293\" src=\"https:\/\/www.cordobatimes.com\/showup\/wp-content\/uploads\/2019\/08\/11-1.jpg\" alt=\"\" width=\"410\" height=\"624\" srcset=\"https:\/\/www.cordobatimes.com\/showup\/wp-content\/uploads\/2019\/08\/11-1.jpg 410w, https:\/\/www.cordobatimes.com\/showup\/wp-content\/uploads\/2019\/08\/11-1-276x420.jpg 276w\" sizes=\"auto, (max-width: 410px) 100vw, 410px\" \/><\/p>\n<p>\u201cCrayons\u201d, as\u00ed bautiz\u00f3 Benito Fern\u00e1ndez su colecci\u00f3n pr\u00eat \u00e0 porter primavera verano 2020 con una propuesta llena de estampados, colores y texturas para la nueva temporada dedicada a una mujer urbana, moderna con una silueta femenina suave.<\/p>\n<p><img alt=\"\" loading=\"lazy\" decoding=\"async\" class=\"alignnone size-full wp-image-66294\" src=\"https:\/\/www.cordobatimes.com\/showup\/wp-content\/uploads\/2019\/08\/12-2.jpg\" alt=\"\" width=\"411\" height=\"613\" srcset=\"https:\/\/www.cordobatimes.com\/showup\/wp-content\/uploads\/2019\/08\/12-2.jpg 411w, https:\/\/www.cordobatimes.com\/showup\/wp-content\/uploads\/2019\/08\/12-2-282x420.jpg 282w\" sizes=\"auto, (max-width: 411px) 100vw, 411px\" \/><\/p>\n<p>El estilo sporty no falt\u00f3 en la colecci\u00f3n de Benito. Impuesto con un conjunto de bomber y pantal\u00f3n metalizado multicolor con pu\u00f1os fluorescentes fueron el detalle futurista del conjunto m\u00e1s llamativo de la pasarela de Benito.<\/p>\n<p><img alt=\"\" loading=\"lazy\" decoding=\"async\" class=\"alignnone size-full wp-image-66295\" src=\"https:\/\/www.cordobatimes.com\/showup\/wp-content\/uploads\/2019\/08\/13-1.jpg\" alt=\"\" width=\"413\" height=\"626\" srcset=\"https:\/\/www.cordobatimes.com\/showup\/wp-content\/uploads\/2019\/08\/13-1.jpg 413w, https:\/\/www.cordobatimes.com\/showup\/wp-content\/uploads\/2019\/08\/13-1-277x420.jpg 277w\" sizes=\"auto, (max-width: 413px) 100vw, 413px\" \/><\/p>\n<p>Para la pileta. La propuesta de traje de ba\u00f1o de Benito Fern\u00e1ndez lleg\u00f3 de la mano de un enterizo estampado multicolor con naranja, violeta, azul, verde, rosa y rojo, con un gran escote<\/p>\n","protected":false},"excerpt":{"rendered":"<p>Los dise\u00f1adores argentinos presentaron sus colecciones de verano. Fabi\u00e1n Zitta fue el dise\u00f1ador encargado de abrir la semana de la moda del Designers BA primavera verano 2020 y su colecci\u00f3n se llam\u00f3 Deliq. Zitta present\u00f3 conjuntos de haute couture con siluetas inspiradas en los a\u00f1os 5o y 60 en tonalidades rosados, amarillos y metalizados que [&hellip;]<\/p>\n","protected":false},"author":1,"featured_media":66286,"comment_status":"closed","ping_status":"closed","sticky":false,"template":"","format":"standard","meta":{"_seopress_robots_primary_cat":"","_seopress_titles_title":"","_seopress_titles_desc":"","_seopress_robots_index":"","footnotes":""},"categories":[228],"tags":[9627,24419,17705,24420,24421],"class_list":{"0":"post-66285","1":"post","2":"type-post","3":"status-publish","4":"format-standard","5":"has-post-thumbnail","7":"category-moda-y-estilos","8":"tag-colores","9":"tag-metalizados","10":"tag-tendencias-de-moda","11":"tag-textiles-innovadores","12":"tag-verano-2020"},"_links":{"self":[{"href":"https:\/\/www.cordobatimes.com\/showup\/wp-json\/wp\/v2\/posts\/66285","targetHints":{"allow":["GET"]}}],"collection":[{"href":"https:\/\/www.cordobatimes.com\/showup\/wp-json\/wp\/v2\/posts"}],"about":[{"href":"https:\/\/www.cordobatimes.com\/showup\/wp-json\/wp\/v2\/types\/post"}],"author":[{"embeddable":true,"href":"https:\/\/www.cordobatimes.com\/showup\/wp-json\/wp\/v2\/users\/1"}],"replies":[{"embeddable":true,"href":"https:\/\/www.cordobatimes.com\/showup\/wp-json\/wp\/v2\/comments?post=66285"}],"version-history":[{"count":0,"href":"https:\/\/www.cordobatimes.com\/showup\/wp-json\/wp\/v2\/posts\/66285\/revisions"}],"wp:featuredmedia":[{"embeddable":true,"href":"https:\/\/www.cordobatimes.com\/showup\/wp-json\/wp\/v2\/media\/66286"}],"wp:attachment":[{"href":"https:\/\/www.cordobatimes.com\/showup\/wp-json\/wp\/v2\/media?parent=66285"}],"wp:term":[{"taxonomy":"category","embeddable":true,"href":"https:\/\/www.cordobatimes.com\/showup\/wp-json\/wp\/v2\/categories?post=66285"},{"taxonomy":"post_tag","embeddable":true,"href":"https:\/\/www.cordobatimes.com\/showup\/wp-json\/wp\/v2\/tags?post=66285"}],"curies":[{"name":"wp","href":"https:\/\/api.w.org\/{rel}","templated":true}]}}