{"id":66272,"date":"2019-08-30T09:49:24","date_gmt":"2019-08-30T12:49:24","guid":{"rendered":"https:\/\/www.cordobatimes.com\/showup\/?p=66272"},"modified":"2019-08-30T09:49:24","modified_gmt":"2019-08-30T12:49:24","slug":"shakira-in-concert-el-dorado-world-tour-llega-en-noviembre","status":"publish","type":"post","link":"https:\/\/www.cordobatimes.com\/showup\/cine-y-series\/2019\/08\/30\/shakira-in-concert-el-dorado-world-tour-llega-en-noviembre\/","title":{"rendered":"\u00abShakira in Concert: El Dorado World Tour\u00bb llega en noviembre"},"content":{"rendered":"<h3>\u00a0<strong>Pel\u00edcula que recupera la \u00faltima gran gira de la estrella pop colombiana.<\/strong><\/h3>\n<p>El pr\u00f3ximo 13 de noviembre llegar\u00e1 a los cines del mundo Shakira in Concert: El Dorado World Tour. El largometraje dedicado a la diva pop colombiana se proyectar\u00e1 en unas 2.000 salas de m\u00e1s de 60 pa\u00edses.<\/p>\n<p>Despu\u00e9s del exitoso lanzamiento de su \u00e1lbum\u00a0El Dorado, que gan\u00f3 el Grammy por Mejor \u00c1lbum Vocal Pop Latino y un Latin Grammy por Mejor \u00c1lbum Vocal Pop Contempor\u00e1neo, Shakira regres\u00f3 al escenario mundial con el espect\u00e1culo m\u00e1s aclamado de su trayectoria. Ante llenos totales en recintos por todo el planeta, Shakira present\u00f3 nuevos hits como\u00a0Chantaje\u00a0y\u00a0La Bicicleta, al igual que los cl\u00e1sicos de su discograf\u00eda de m\u00e1s de 20 a\u00f1os como\u00a0Hips Don&#8217;t Lie,\u00a0Waka Waka (This Time for Africa)\u00a0y\u00a0Estoy Aqu\u00ed.<\/p>\n<p>Dirigido por Shakira y James Merryman, el filme recupera la gira para la pantalla grande, incluyendo escenas tras bambalinas y las propias palabras de Shakira. En C\u00f3rdoba se exhibir\u00e1 en Hoyts del Patio Olmos los d\u00edas 13 y 15 de noviembre, a las 20. Las entradas se pueden comprar anticipadas en\u00a0el sitio de Hoyts.<\/p>\n<p><iframe loading=\"lazy\" width=\"560\" height=\"315\" src=\"https:\/\/www.youtube.com\/embed\/tj4lIQovrnA\" frameborder=\"0\" allow=\"accelerometer; autoplay; encrypted-media; gyroscope; picture-in-picture\" allowfullscreen><\/iframe><\/p>\n","protected":false},"excerpt":{"rendered":"<p>\u00a0Pel\u00edcula que recupera la \u00faltima gran gira de la estrella pop colombiana. El pr\u00f3ximo 13 de noviembre llegar\u00e1 a los cines del mundo Shakira in Concert: El Dorado World Tour. El largometraje dedicado a la diva pop colombiana se proyectar\u00e1 en unas 2.000 salas de m\u00e1s de 60 pa\u00edses. Despu\u00e9s del exitoso lanzamiento de su [&hellip;]<\/p>\n","protected":false},"author":1,"featured_media":66273,"comment_status":"closed","ping_status":"closed","sticky":false,"template":"","format":"standard","meta":{"_seopress_robots_primary_cat":"","_seopress_titles_title":"","_seopress_titles_desc":"","_seopress_robots_index":"","footnotes":""},"categories":[3],"tags":[24415,24414,24413],"class_list":{"0":"post-66272","1":"post","2":"type-post","3":"status-publish","4":"format-standard","5":"has-post-thumbnail","7":"category-cine-y-series","8":"tag-la-pelicula-de-shakira","9":"tag-pelicula-de-shakira","10":"tag-shakira-in-concert-el-dorado-world-tour"},"_links":{"self":[{"href":"https:\/\/www.cordobatimes.com\/showup\/wp-json\/wp\/v2\/posts\/66272","targetHints":{"allow":["GET"]}}],"collection":[{"href":"https:\/\/www.cordobatimes.com\/showup\/wp-json\/wp\/v2\/posts"}],"about":[{"href":"https:\/\/www.cordobatimes.com\/showup\/wp-json\/wp\/v2\/types\/post"}],"author":[{"embeddable":true,"href":"https:\/\/www.cordobatimes.com\/showup\/wp-json\/wp\/v2\/users\/1"}],"replies":[{"embeddable":true,"href":"https:\/\/www.cordobatimes.com\/showup\/wp-json\/wp\/v2\/comments?post=66272"}],"version-history":[{"count":0,"href":"https:\/\/www.cordobatimes.com\/showup\/wp-json\/wp\/v2\/posts\/66272\/revisions"}],"wp:featuredmedia":[{"embeddable":true,"href":"https:\/\/www.cordobatimes.com\/showup\/wp-json\/wp\/v2\/media\/66273"}],"wp:attachment":[{"href":"https:\/\/www.cordobatimes.com\/showup\/wp-json\/wp\/v2\/media?parent=66272"}],"wp:term":[{"taxonomy":"category","embeddable":true,"href":"https:\/\/www.cordobatimes.com\/showup\/wp-json\/wp\/v2\/categories?post=66272"},{"taxonomy":"post_tag","embeddable":true,"href":"https:\/\/www.cordobatimes.com\/showup\/wp-json\/wp\/v2\/tags?post=66272"}],"curies":[{"name":"wp","href":"https:\/\/api.w.org\/{rel}","templated":true}]}}