{"id":66233,"date":"2019-08-27T11:17:41","date_gmt":"2019-08-27T14:17:41","guid":{"rendered":"https:\/\/www.cordobatimes.com\/showup\/?p=66233"},"modified":"2019-08-27T11:17:41","modified_gmt":"2019-08-27T14:17:41","slug":"los-ganadores-de-los-premios-condor-de-plata","status":"publish","type":"post","link":"https:\/\/www.cordobatimes.com\/showup\/cine-y-series\/2019\/08\/27\/los-ganadores-de-los-premios-condor-de-plata\/","title":{"rendered":"Los ganadores de los premios C\u00f3ndor de Plata"},"content":{"rendered":"<h3><strong>Con la conducci\u00f3n de Gabriela R\u00e1dice, la Asociaci\u00f3n de Cronistas Cinematogr\u00e1ficos de la Argentina celebr\u00f3 la 67\u00aa entrega de los premios C\u00f3ndor de Plata.<\/strong><\/h3>\n<p>El gran ganador de la noche fue\u00a0El \u00c1ngel, el filme de\u00a0Luis Ortega, que se llev\u00f3 nueve estatuillas, entre las que se destacan: mejor pel\u00edcula de ficci\u00f3n, mejor actor de reparto (Daniel Fanego) y revelaci\u00f3n masculina (Lorenzo Ferro).<\/p>\n<p>Por su parte,\u00a0Dar\u00edo Grandinetti\u00a0se llev\u00f3 el galard\u00f3n al mejor actor por su trabajo en\u00a0Rojo, mientras que\u00a0Mercedes Mor\u00e1n\u00a0hizo lo propio en la categor\u00eda femenina\u00a0 por su labor en\u00a0Familia Sumergida.<\/p>\n<p>Junto con Fanego, Diego Cremonesi fue reconocido como mejor actor de reparto por Rojo, y Graciela Borges fue la mejor actriz de reparto por La Quietud.<\/p>\n<p>Para la entrega fueron evaluados 217 largometrajes argentinos estrenados del 1 de enero al 31 de diciembre de 2018 en el circuito comercial y alternativo de la Ciudad.<\/p>\n<p><strong>A continuaci\u00f3n, la lista completa de ganadores de los premios C\u00f3ndor de Plata 2019.<\/strong><\/p>\n<div class=\"row pb-content-type-text\">\n<div class=\"col-xs-12 col-print-12\">\n<p class=\"element element-paragraph\"><strong>Mejor Pel\u00edcula de Ficci\u00f3n<\/strong><br \/>\n<strong><em>El \u00c1ngel<\/em>, de Luis Ortega \u2013 GANADOR<\/strong><br \/>\n<em>Joel<\/em>, de Carlos Sor\u00edn<br \/>\n<em>La Flor<\/em>, de Mariano Llin\u00e1s<br \/>\n<em>La reina del miedo<\/em>, de Valeria Bertuccelli y Fabiana Tiscornia<br \/>\n<em>Rojo<\/em>, de Benjam\u00edn Naishtat<\/p>\n<\/div>\n<\/div>\n<div class=\"row pb-content-type-text\">\n<div class=\"col-xs-12 col-print-12\">\n<p class=\"element element-paragraph\"><strong>Mejor \u00d3pera Prima de Ficci\u00f3n\/Documental<\/strong><br \/>\n<em>El silencio es un cuerpo que cae<\/em>, de Agustina Comedi<br \/>\n<em>El motoaarrebatador<\/em>, de Agust\u00edn Toscano<br \/>\n<strong><em>Familia sumergida<\/em>, de Mar\u00eda Alch\u00e9 \u2013 GANADORA<\/strong><br \/>\n<strong><em>La cama<\/em>, de M\u00f3nica Lairana \u2013 GANADORA<\/strong><br \/>\n<em>Marilyn<\/em>, de Mart\u00edn Rodr\u00edguez Redondo<br \/>\n<em>Mi mejor amigo<\/em>, de Mart\u00edn Deus<\/p>\n<\/div>\n<\/div>\n<div class=\"row pb-content-type-text\">\n<div class=\"col-xs-12 col-print-12\">\n<p class=\"element element-paragraph\"><strong>Mejor Pel\u00edcula Documental<\/strong><br \/>\n<strong><em>El silencio es un cuerpo que cae<\/em>, de Agustina Comedi \u2013 GANADOR<\/strong><br \/>\n<em>Mujer n\u00f3made<\/em>, de Mart\u00edn Farina<br \/>\n<em>No viajar\u00e9 escondida<\/em>, de Pablo Hern\u00e1n Zubizarreta<br \/>\n<strong><em>Piazzolla, los a\u00f1os del tibur\u00f3n<\/em>, de Daniel Rosenfeld \u2013 GANADOR<\/strong><br \/>\n<em>Teatro de guerra<\/em>, de Lola Arias<\/p>\n<\/div>\n<\/div>\n<div class=\"row pb-content-type-text\">\n<div class=\"col-xs-12 col-print-12\">\n<p class=\"element element-paragraph\"><strong>Mejor Direcci\u00f3n de Ficci\u00f3n\/Documental<\/strong><br \/>\nMar\u00eda Alch\u00e9 por<em>\u00a0Familia Sumergida<\/em><br \/>\nAgustina Comedi por\u00a0<em>El silencio es un cuerpo que cae<\/em><br \/>\nMariano Llin\u00e1s por\u00a0<em>La Flor<\/em><br \/>\n<strong>Benjam\u00edn Naishtat por<em>\u00a0Rojo \u2013\u00a0<\/em>GANADOR<\/strong><br \/>\n<strong>Luis Ortega por\u00a0<em>El \u00c1ngel \u2013\u00a0<\/em>GANADOR<\/strong><\/p>\n<\/div>\n<\/div>\n<div class=\"row pb-content-type-text\">\n<div class=\"col-xs-12 col-print-12\">\n<p class=\"element element-paragraph\"><strong>Mejor Actor<\/strong><br \/>\nLautaro Delgado por\u00a0<em>Unidad XV<\/em><br \/>\nDiego Gentile por\u00a0<em>Joel<\/em><br \/>\n<strong>Dar\u00edo Grandinetti por\u00a0<em>Rojo \u2013\u00a0<\/em>GANADOR<\/strong><br \/>\nAlejo Mango por\u00a0<em>La cama<\/em><br \/>\nSergio Prina por\u00a0<em>El motoarrebatador<\/em><br \/>\nMiguel \u00c1ngel Sol\u00e1 por\u00a0<em>El \u00faltimo traje<\/em><\/p>\n<\/div>\n<\/div>\n<div class=\"row pb-content-type-text\">\n<div class=\"col-xs-12 col-print-12\">\n<p class=\"element element-paragraph\"><strong>Mejor Actriz<\/strong><br \/>\nVictoria Almeida por\u00a0<em>Joel<\/em><br \/>\nValeria Bertuccelli por\u00a0<em>La reina del miedo<\/em><br \/>\nElisa Carricajo, Valeria Correa, Pilar Gamboa y Laura Paredes por\u00a0<em>La Flor<\/em><br \/>\n<strong>Mercedes Mor\u00e1n por\u00a0<em>Familia Sumergida \u2013\u00a0<\/em>GANADORA<\/strong><br \/>\nSandra Sandrini por\u00a0La cama<\/p>\n<\/div>\n<\/div>\n<div class=\"row pb-content-type-text\">\n<div class=\"col-xs-12 col-print-12\">\n<p class=\"element element-paragraph\"><strong>Mejor Actor de Reparto<\/strong><br \/>\n<strong>Diego Cremonesi por\u00a0<em>Rojo \u2013\u00a0<\/em>GANADOR<\/strong><br \/>\nGerm\u00e1n de Silva por\u00a0<em>La educaci\u00f3n del rey<\/em><br \/>\n<strong>Daniel Fanego por\u00a0<em>El \u00c1ngel \u2013\u00a0<\/em>GANADOR<\/strong><br \/>\nArturo Puig por\u00a0<em>Camino Sinuoso<\/em><br \/>\nDiego Vel\u00e1zquez por\u00a0<em>La reina del miedo<\/em><\/p>\n<\/div>\n<\/div>\n<div class=\"row pb-content-type-text\">\n<div class=\"col-xs-12 col-print-12\">\n<p class=\"element element-paragraph\"><strong>Mejor Actriz de Reparto<\/strong><br \/>\n<strong>Graciela Borges por\u00a0<em>La Quietud \u2013\u00a0<\/em>GANADORA<\/strong><br \/>\nAndrea Frigerio por\u00a0<em>Rojo<\/em><br \/>\nMercedes Mor\u00e1n por<em>\u00a0El \u00c1ngel<\/em><br \/>\nFlorencia Pe\u00f1a por\u00a0<em>El Potro, lo mejor del amor<\/em><br \/>\nCecilia Roth por\u00a0<em>El \u00c1ngel<\/em><\/p>\n<\/div>\n<\/div>\n<div class=\"row pb-content-type-text\">\n<div class=\"col-xs-12 col-print-12\">\n<p class=\"element element-paragraph\"><strong>Revelaci\u00f3n Masculina en Ficci\u00f3n y\/o Documental<\/strong><br \/>\nMat\u00edas Encinas por<em>\u00a0La educaci\u00f3n del rey<\/em><br \/>\n<strong>Lorenzo Ferro por\u00a0<em>El \u00c1ngel \u2013\u00a0<\/em>GANADOR<\/strong><br \/>\nAngelo Mutti Spinetta por\u00a0<em>Mi mejor amigo<\/em><br \/>\nJoel Nogueira por<em>\u00a0Joel<\/em><br \/>\nRodrigo Romero por\u00a0<em>El Potro, lo mejor del amor<\/em><br \/>\nWalter Rodr\u00edguez por\u00a0<em>Marilyn<\/em><\/p>\n<\/div>\n<\/div>\n<div class=\"row pb-content-type-text\">\n<div class=\"col-xs-12 col-print-12\">\n<p class=\"element element-paragraph\"><strong>Revelaci\u00f3n Femenina en Ficci\u00f3n y\/o Documental<\/strong><br \/>\n<strong>Esther D\u00edaz por\u00a0<em>Mujer n\u00f3made \u2013\u00a0<\/em>GANADORA<\/strong><br \/>\nMartina Garello por<em>\u00a0Hasta que me desates<\/em><br \/>\nLaura Grandinetti por\u00a0<em>Rojo<\/em><br \/>\nSary L\u00f3pez por\u00a0<em>La reina del miedo<\/em><br \/>\nHuenu Paz Paredes por\u00a0<em>Yo, ni\u00f1a<\/em><\/p>\n<\/div>\n<\/div>\n<div class=\"row pb-content-type-text\">\n<div class=\"col-xs-12 col-print-12\">\n<p class=\"element element-paragraph\"><strong>Guion Original<\/strong><br \/>\nValeria Bertuccelli por\u00a0<em>La reina del miedo<\/em><br \/>\n<strong>Mariano Llin\u00e1s por\u00a0<em>La Flor \u2013\u00a0<\/em>GANADOR<\/strong><br \/>\nBenjam\u00edn Naishtat por\u00a0<em>Rojo<\/em><br \/>\nRodolfo Palacios, Luis Ortega y Sergio Olgu\u00edn por\u00a0<em>El \u00c1ngel<\/em><br \/>\nCarlos Sor\u00edn por<em>\u00a0Joel<\/em><\/p>\n<\/div>\n<\/div>\n<div class=\"row pb-content-type-text\">\n<div class=\"col-xs-12 col-print-12\">\n<p class=\"element element-paragraph\"><strong>Guion Adaptado<\/strong><br \/>\n<strong>Lola Arias por Teatro de guerra, basado en la obra teatral Campo Minado de la misma autora \u2013 GANADORA<\/strong><br \/>\nJorge Leandro Col\u00e1s por Barrefondo, basado en la novela hom\u00f3nima de F\u00e9lix Bruzzone.<br \/>\nNicol\u00e1s Gil Lavedra y Emiliano Torres por Las grietas de Jara, basado el libro hom\u00f3nimo de Claudia Pi\u00f1eiro.<\/p>\n<\/div>\n<\/div>\n<div class=\"row pb-content-type-text\">\n<div class=\"col-xs-12 col-print-12\">\n<p class=\"element element-paragraph\"><strong>Mejor Fotograf\u00eda<\/strong><br \/>\n<strong>Juli\u00e1n Apeztegu\u00eda por\u00a0<em>El \u00c1ngel \u2013\u00a0<\/em>GANADOR<\/strong><br \/>\nKris Niklison por\u00a0<em>Vergel<\/em><br \/>\nIv\u00e1n Gierasinchuk por\u00a0<em>Joel<\/em><br \/>\nAgust\u00edn Mendilaharzu por\u00a0<em>La Flor<\/em><br \/>\nPedro Sotero por\u00a0<em>Rojo<\/em><\/p>\n<\/div>\n<\/div>\n<div class=\"row pb-content-type-text\">\n<div class=\"col-xs-12 col-print-12\">\n<p class=\"element element-paragraph\"><strong>Montaje<\/strong><br \/>\nLionel Cornistein por\u00a0<em>Aterrados<\/em><br \/>\nAlejandro Brodersohn por\u00a0<em>El Potro, lo mejor del amor<\/em><br \/>\n<strong>Guille Gatti por\u00a0<em>El \u00c1ngel \u2013\u00a0<\/em>GANADOR<\/strong><br \/>\nAlejo Moguillansky y Agust\u00edn Rolandelli por\u00a0<em>La Flor<\/em><br \/>\nAndr\u00e9s Quaranta por\u00a0<em>Rojo<\/em><\/p>\n<\/div>\n<\/div>\n<div class=\"row pb-content-type-text\">\n<div class=\"col-xs-12 col-print-12\">\n<p class=\"element element-paragraph\"><strong>Sonido<\/strong><br \/>\nLeandro de Loredo por\u00a0<em>El Potro, lo mejor del amor<\/em><br \/>\n<strong>Jos\u00e9 Luis D\u00edaz por\u00a0<em>El \u00c1ngel \u2013\u00a0<\/em>GANADOR<\/strong><br \/>\nJulia Huberman por\u00a0<em>Familia sumergida<\/em><br \/>\nFernando Ribero por\u00a0<em>Rojo<\/em><br \/>\nCatriel Vildosola por\u00a0<em>El motoarrebatador<\/em><\/p>\n<\/div>\n<\/div>\n<div class=\"row pb-content-type-text\">\n<div class=\"col-xs-12 col-print-12\">\n<p class=\"element element-paragraph\"><strong>M\u00fasica Original<\/strong><br \/>\nGabriel Chwojnik por\u00a0<em>La Flor<\/em><br \/>\nGabriel Fern\u00e1ndez Capello y H\u00e9ctor Castillo por\u00a0<em>La reina del miedo<\/em><br \/>\nMoondog por\u00a0<em>El \u00c1ngel<\/em><br \/>\n<strong>Nicol\u00e1s Sor\u00edn por\u00a0<em>Joel \u2013\u00a0<\/em>GANADOR<\/strong><br \/>\nVincent van Warmerdam por\u00a0<em>Rojo<\/em><\/p>\n<\/div>\n<\/div>\n<div class=\"row pb-content-type-text\">\n<div class=\"col-xs-12 col-print-12\">\n<p class=\"element element-paragraph\"><strong>Canci\u00f3n para pel\u00edcula<\/strong><br \/>\n\u00abEl origen de la tristeza\u00bb, de\u00a0<em>El origen de la tristeza<\/em>. Letra y M\u00fasica Walter Piancioli. Interprete Los Tipitos<br \/>\n\u00abLas ausencias\u00bb, de<em>\u00a0El camino<\/em>\u00a0de Santiago. Letra, m\u00fasica e int\u00e9rprete: Le\u00f3n Gieco<br \/>\n\u00abLo que m\u00e1s busco\u00bb, de<em>\u00a0Mi mejor amigo.<\/em>\u00a0Letra: Daniel Su\u00e1rez. M\u00fasica: Daniel Su\u00e1rez y Pepe C\u00e9spedes. Int\u00e9rprete Bersuit Vergarabat<br \/>\n<strong>\u00abReyes de la soledad\u00bb de\u00a0<em>La reina del miedo<\/em>. Letra y M\u00fasica: Gabriel Fern\u00e1ndez Capello. Int\u00e9rprete Vicentico \u2013 GANADOR<\/strong><br \/>\n\u00abYo soy el Fuego\u00bb, de\u00a0<em>La Flor<\/em>. Letra Mariano Llin\u00e1s. M\u00fasica Gabriel Chwojnik. Int\u00e9rprete: Grupo Siempreverde<\/p>\n<\/div>\n<\/div>\n<div class=\"row pb-content-type-text\">\n<div class=\"col-xs-12 col-print-12\">\n<p class=\"element element-paragraph\"><strong>Dise\u00f1o de Vestuario<\/strong><br \/>\nPatricia Conta por\u00a0<em>El Potro, lo mejor del amor<\/em><br \/>\nJam Monti por<em>\u00a0Rojo<\/em><br \/>\nCarolina Sosa Loyola y Flora Caligiuri por\u00a0<em>La Flor<\/em><br \/>\n<strong>Julio Su\u00e1rez por\u00a0<em>El \u00c1ngel \u2013\u00a0<\/em>GANADOR<\/strong><br \/>\nMarcela Vilari\u00f1o por\u00a0<em>No llores por m\u00ed, Inglaterra<\/em><\/p>\n<\/div>\n<\/div>\n<div class=\"row pb-content-type-text\">\n<div class=\"col-xs-12 col-print-12\">\n<p class=\"element element-paragraph\"><strong>Dise\u00f1o de Arte<\/strong><br \/>\nDaniela Calcagno y Eva Duarte por\u00a0<em>No llores por m\u00ed, Inglaterra<\/em><br \/>\nLaura Caligiuri por\u00a0<em>La Flor<\/em><br \/>\nJuan Cavia y Walter Corn\u00e1s por\u00a0<em>El Potro, lo mejor del amor<\/em><br \/>\nJulieta Dolinsky por\u00a0<em>Rojo<\/em><br \/>\n<strong>Julia Freid por\u00a0<em>El \u00c1ngel \u2013\u00a0<\/em>GANADOR<\/strong><\/p>\n<\/div>\n<\/div>\n<div class=\"row pb-content-type-text\">\n<div class=\"col-xs-12 col-print-12\">\n<p class=\"element element-paragraph\"><strong>Maquillaje y Peluquer\u00eda<\/strong><br \/>\n<strong>Marisa Amenta y Emanuel Mi\u00f1o por\u00a0<em>El \u00c1ngel \u2013\u00a0<\/em>GANADORES<\/strong><br \/>\nAlberto Moccia por\u00a0<em>La Flor<\/em><br \/>\nYamila Repalli por\u00a0<em>Aterrados<\/em><\/p>\n<\/div>\n<\/div>\n<div class=\"row pb-content-type-text\">\n<div class=\"col-xs-12 col-print-12\">\n<p class=\"element element-paragraph\"><strong>Mejor Cortometraje<\/strong><br \/>\n<em>El ni\u00f1o y la noche<\/em>, de Tom\u00e1s Morelli<br \/>\n<em>El liberado<\/em>, de Mart\u00edn Farina<br \/>\n<em>Las fuerzas<\/em>, de Paola Buentempo<br \/>\n<strong><em>Aquel verano sin hogar<\/em>, de Santiago Reale \u2013 GANADOR<\/strong><br \/>\n<em>Los bastardos<\/em>, de Tom\u00e1s Posse<br \/>\n<em>La de Messi<\/em>, de Mauro Iv\u00e1n Ojeda<\/p>\n<\/div>\n<\/div>\n<div class=\"row pb-content-type-text\">\n<div class=\"col-xs-12 col-print-12\">\n<p class=\"element element-paragraph\"><strong>Mejor Serie y\/o Telefilm<\/strong><br \/>\n<strong><em>El marginal 2<\/em>, de Alejandro Ciancio e Israel Adri\u00e1n Caetano (TV P\u00fablica-Netflix) \u2013 GANADORAf<\/strong><br \/>\n<em>La ca\u00edda<\/em>, de Mario Segade (TV P\u00fablica)<br \/>\n<em>La chica que limpia<\/em>, de Lucas Combina (TV P\u00fablica)<br \/>\n<em>Morir de amor<\/em>, de Anah\u00ed Berneri (Telefe-Flow)<br \/>\n<em>Un gallo para esculapio 2<\/em>, de Bruno Stagnaro (TNT-Underground-Flow)<\/p>\n<\/div>\n<\/div>\n<div class=\"row pb-content-type-text\">\n<div class=\"col-xs-12 col-print-12\">\n<p class=\"element element-paragraph\"><strong>Mejor Pel\u00edcula Iberoamericana<\/strong><br \/>\n<em>Dry Martina<\/em>, de Che Sandoval (Chile-Argentina)<br \/>\n<strong><em>La noche de 12 a\u00f1os<\/em>, de \u00c1lvaro Brechner (Uruguay-Espa\u00f1a-Argentina) \u2013 GANADORA<\/strong><br \/>\n<em>Las herederas<\/em>, de Marcelo Martinessi (Paraguay, Alemania, Uruguay, Brasil, Noruega)<br \/>\n<em>Roma<\/em>, de Alfonso Cuar\u00f3n (M\u00e9xico-EEUU)<br \/>\n<em>Una mujer fant\u00e1stica<\/em>, de Sebasti\u00e1n Lelio (Chile, Alemania, Espa\u00f1a, EEUU)<\/p>\n<\/div>\n<\/div>\n<div class=\"row pb-content-type-text\">\n<div class=\"col-xs-12 col-print-12\">\n<p class=\"element element-paragraph\"><strong>Mejor Pel\u00edcula en Lengua Extranjera<\/strong><br \/>\n<strong><em>Cold War<\/em>, de Pawel Pawlikowski (Polonia) \u2013 GANADORA<\/strong><br \/>\n<em>El hilo fantasma<\/em>, de Paul Thomas Anderson (Estados Unidos-Reino Unido)<br \/>\n<em>El infiltrado del KKKlan<\/em>, de Spike Lee (Estados Unidos)<br \/>\n<em>Proyecto Florida<\/em>, de Sean Baker (Estados Unidos)<br \/>\n<em>Visages Villages<\/em>, de Agn\u00e8s Varda y JR (Francia)<\/p>\n<\/div>\n<\/div>\n<div class=\"row pb-content-type-text\">\n<div class=\"col-xs-12 col-print-12\">\n<p class=\"element element-paragraph\">\n<\/div>\n<\/div>\n","protected":false},"excerpt":{"rendered":"<p>Con la conducci\u00f3n de Gabriela R\u00e1dice, la Asociaci\u00f3n de Cronistas Cinematogr\u00e1ficos de la Argentina celebr\u00f3 la 67\u00aa entrega de los premios C\u00f3ndor de Plata. El gran ganador de la noche fue\u00a0El \u00c1ngel, el filme de\u00a0Luis Ortega, que se llev\u00f3 nueve estatuillas, entre las que se destacan: mejor pel\u00edcula de ficci\u00f3n, mejor actor de reparto (Daniel [&hellip;]<\/p>\n","protected":false},"author":1,"featured_media":66234,"comment_status":"closed","ping_status":"closed","sticky":false,"template":"","format":"standard","meta":{"_seopress_robots_primary_cat":"","_seopress_titles_title":"","_seopress_titles_desc":"","_seopress_robots_index":"","footnotes":""},"categories":[3],"tags":[24391,24385],"class_list":{"0":"post-66233","1":"post","2":"type-post","3":"status-publish","4":"format-standard","5":"has-post-thumbnail","7":"category-cine-y-series","8":"tag-ganadores-de-los-premios-condor-de-plata","9":"tag-premios-condor-de-plata"},"_links":{"self":[{"href":"https:\/\/www.cordobatimes.com\/showup\/wp-json\/wp\/v2\/posts\/66233","targetHints":{"allow":["GET"]}}],"collection":[{"href":"https:\/\/www.cordobatimes.com\/showup\/wp-json\/wp\/v2\/posts"}],"about":[{"href":"https:\/\/www.cordobatimes.com\/showup\/wp-json\/wp\/v2\/types\/post"}],"author":[{"embeddable":true,"href":"https:\/\/www.cordobatimes.com\/showup\/wp-json\/wp\/v2\/users\/1"}],"replies":[{"embeddable":true,"href":"https:\/\/www.cordobatimes.com\/showup\/wp-json\/wp\/v2\/comments?post=66233"}],"version-history":[{"count":0,"href":"https:\/\/www.cordobatimes.com\/showup\/wp-json\/wp\/v2\/posts\/66233\/revisions"}],"wp:featuredmedia":[{"embeddable":true,"href":"https:\/\/www.cordobatimes.com\/showup\/wp-json\/wp\/v2\/media\/66234"}],"wp:attachment":[{"href":"https:\/\/www.cordobatimes.com\/showup\/wp-json\/wp\/v2\/media?parent=66233"}],"wp:term":[{"taxonomy":"category","embeddable":true,"href":"https:\/\/www.cordobatimes.com\/showup\/wp-json\/wp\/v2\/categories?post=66233"},{"taxonomy":"post_tag","embeddable":true,"href":"https:\/\/www.cordobatimes.com\/showup\/wp-json\/wp\/v2\/tags?post=66233"}],"curies":[{"name":"wp","href":"https:\/\/api.w.org\/{rel}","templated":true}]}}