{"id":66218,"date":"2019-08-26T13:07:41","date_gmt":"2019-08-26T16:07:41","guid":{"rendered":"https:\/\/www.cordobatimes.com\/showup\/?p=66218"},"modified":"2019-08-26T13:07:41","modified_gmt":"2019-08-26T16:07:41","slug":"los-nominados-a-los-premios-condor-de-plata-2","status":"publish","type":"post","link":"https:\/\/www.cordobatimes.com\/showup\/cine-y-series\/2019\/08\/26\/los-nominados-a-los-premios-condor-de-plata-2\/","title":{"rendered":"Los nominados a los Premios C\u00f3ndor de Plata"},"content":{"rendered":"<h3><strong>Este lunes la Asociaci\u00f3n de Cronistas Cinematogr\u00e1ficos Argentinos entregar\u00e1 estos galardones.<\/strong><\/h3>\n<p>Este lunes 26 de agosto se entregar\u00e1n los Premios C\u00f3ndor de Plata, galardones otorgados por la Asociaci\u00f3n de Cronistas Cinematogr\u00e1ficos Argentinos. La ceremonia se desarrollar\u00e1 desde las 20.30 en el Centro Cultural 25 de Mayo con transmisi\u00f3n televisiva desde las 22 por la Televisi\u00f3n P\u00fablica. Antes, ac\u00e1 te dejamos la lista completa con los nominados en cada categor\u00eda.<\/p>\n<p><strong>Mejor Pel\u00edcula de Ficci\u00f3n<\/strong><\/p>\n<ul>\n<li>El \u00c1ngel, de Luis Ortega<\/li>\n<li>Joel, de Carlos Sor\u00edn<\/li>\n<li>La Flor, de Mariano Llin\u00e1s<\/li>\n<li>La reina del miedo, de Valeria Bertuccelli y Fabiana Tiscornia<\/li>\n<li>Rojo, de Benjam\u00edn Naishtat<\/li>\n<\/ul>\n<p><strong>Mejor \u00d3pera Prima de Ficci\u00f3n\/Documental<\/strong><\/p>\n<ul>\n<li>El silencio es un cuerpo que cae, de Agustina Comedi<\/li>\n<li>El motoarrebatador, de Agust\u00edn Toscano<\/li>\n<li>Familia sumergida, de Mar\u00eda Alch\u00e9<\/li>\n<li>La cama, de M\u00f3nica Lairana<\/li>\n<li>Marilyn, de Mart\u00edn Rodr\u00edguez Redondo<\/li>\n<li>Mi mejor amigo, de Mart\u00edn Deus<\/li>\n<\/ul>\n<p><strong>Mejor Pel\u00edcula Documental<\/strong><\/p>\n<ul>\n<li>El silencio es un cuerpo que cae, de Agustina Comedi<\/li>\n<li>Mujer n\u00f3made, de Mart\u00edn Farina<\/li>\n<li>No viajar\u00e9 escondida, de Pablo Hern\u00e1n Zubizarreta<\/li>\n<li>Piazzolla, los a\u00f1os del tibur\u00f3n, de Daniel Rosenfeld<\/li>\n<li>Teatro de guerra, de Lola Arias<\/li>\n<\/ul>\n<p><strong>Mejor Direcci\u00f3n de Ficci\u00f3n\/Documental<\/strong><\/p>\n<ul>\n<li>Mar\u00eda Alch\u00e9 por Familia Sumergida<\/li>\n<li>Agustina Comedi por El silencio es un cuerpo que cae<\/li>\n<li>Mariano Llin\u00e1s por La Flor<\/li>\n<li>Benjam\u00edn Naishtat por Rojo<\/li>\n<li>Luis Ortega por El \u00c1ngel<\/li>\n<\/ul>\n<p><strong>Mejor Actor<\/strong><\/p>\n<ul>\n<li>Lautaro Delgado Tymruk por Unidad XV<\/li>\n<li>Diego Gentile por Joel<\/li>\n<li>Dar\u00edo Grandinetti por Rojo<\/li>\n<li>Alejo Mango por La cama<\/li>\n<li>Sergio Prina por El motoarrebatador<\/li>\n<li>Miguel \u00c1ngel Sol\u00e1 por El \u00faltimo traje<\/li>\n<\/ul>\n<div class=\"block-ad-node\">\n<div id=\"middle_3-1017516_parent\"><\/div>\n<\/div>\n<p><strong>Mejor Actriz<\/strong><\/p>\n<ul>\n<li>Victoria Almeida por Joel<\/li>\n<li>Valeria Bertuccelli por La reina del miedo<\/li>\n<li>Elisa Carricajo, Valeria Correa, Pilar Gamboa y Laura Paredes por La Flor<\/li>\n<li>Mercedes Mor\u00e1n por Familia Sumergida<\/li>\n<li>Sandra Sandrini por La cama<\/li>\n<\/ul>\n<p><strong>Mejor Actor de Reparto<\/strong><\/p>\n<ul>\n<li>Diego Cremonesi por Rojo<\/li>\n<li>Germ\u00e1n de Silva por La educaci\u00f3n del rey<\/li>\n<li>Daniel Fanego por El \u00c1ngel<\/li>\n<li>Arturo Puig por Camino Sinuoso<\/li>\n<li>Diego Vel\u00e1zquez por La reina del miedo<\/li>\n<\/ul>\n<p><strong>Mejor Actriz de Reparto<\/strong><\/p>\n<ul>\n<li>Graciela Borges por La Quietud<\/li>\n<li>Andrea Frigerio por Rojo<\/li>\n<li>Mercedes Mor\u00e1n por El \u00c1ngel<\/li>\n<li>Florencia Pe\u00f1a por El Potro, lo mejor del amor<\/li>\n<li>Cecilia Roth por El \u00c1ngel<\/li>\n<\/ul>\n<p><strong>Revelaci\u00f3n Masculina en Ficci\u00f3n y\/o Documental<\/strong><\/p>\n<ul>\n<li>Mat\u00edas Encinas por La educaci\u00f3n del rey<\/li>\n<li>Lorenzo Ferro por El \u00c1ngel<\/li>\n<li>Angelo Mutti Spinetta por Mi mejor amigo<\/li>\n<li>Joel Nogueira por Joel<\/li>\n<li>Rodrigo Romero por El Potro, lo mejor del amor<\/li>\n<li>Walter Rodr\u00edguez Pez por Marilyn<\/li>\n<\/ul>\n<p><strong>Revelaci\u00f3n Femenina en Ficci\u00f3n y\/o Documental<\/strong><\/p>\n<ul>\n<li>Esther D\u00edaz por Mujer n\u00f3made<\/li>\n<li>Martina Garello por Hasta que me desates<\/li>\n<li>Laura Grandinetti por Rojo<\/li>\n<li>Sary L\u00f3pez por La reina del miedo<\/li>\n<li>Huenu Paz Paredes por Yo, ni\u00f1a<\/li>\n<\/ul>\n<p><strong>Gui\u00f3n Original<\/strong><\/p>\n<ul>\n<li>Valeria Bertuccelli por La reina del miedo<\/li>\n<li>Mariano Llin\u00e1s por La Flor<\/li>\n<li>Benjam\u00edn Naishtat por Rojo<\/li>\n<li>Rodolfo Palacios, Luis Ortega y Sergio Olgu\u00edn por El \u00c1ngel<\/li>\n<li>Carlos Sor\u00edn por Joel<\/li>\n<\/ul>\n<p><strong>Gui\u00f3n Adaptado<\/strong><\/p>\n<ul>\n<li>Lola Arias por Teatro de guerra, basado en la obra teatral Campo Minado de la misma autora<\/li>\n<li>Jorge Leandro Col\u00e1s por Barrefondo, basado en la novela hom\u00f3nima de F\u00e9lix Bruzzone<\/li>\n<li>Nicol\u00e1s Gil Lavedra y Emiliano Torres por Las grietas de Jara, basado el libro hom\u00f3nimo de Claudia Pi\u00f1eiro<\/li>\n<\/ul>\n<p><strong>Mejor Fotograf\u00eda<\/strong><\/p>\n<ul>\n<li>Juli\u00e1n Apeztegu\u00eda por El \u00c1ngel<\/li>\n<li>Kris Niklison por Vergel<\/li>\n<li>Iv\u00e1n Gierasinchuk por Joel<\/li>\n<li>Agust\u00edn Mendilaharzu por La Flor<\/li>\n<li>Pedro Sotero por Rojo<\/li>\n<\/ul>\n<p><strong>Montaje<\/strong><\/p>\n<ul>\n<li>Lionel Cornistein por Aterrados<\/li>\n<li>Alejandro Brodersohn por El Potro, lo mejor del amor<\/li>\n<li>Guille Gatti por El \u00c1ngel<\/li>\n<li>Alejo Moguillansky y Agust\u00edn Rolandelli por La Flor<\/li>\n<li>Andr\u00e9s Quaranta por Rojo<\/li>\n<\/ul>\n<p><strong>Sonido<\/strong><\/p>\n<ul>\n<li>Leandro de Loredo por El Potro, lo mejor del amor<\/li>\n<li>Jos\u00e9 Luis D\u00edaz por El \u00c1ngel<\/li>\n<li>Julia Huberman por Familia sumergida<\/li>\n<li>Fernando Ribero por Rojo<\/li>\n<li>Catriel Vildosola por El motoarrebatador<\/li>\n<\/ul>\n<p><strong>M\u00fasica Original<\/strong><\/p>\n<ul>\n<li>Gabriel Chwojnik por La Flor<\/li>\n<li>Gabriel Fern\u00e1ndez Capello y H\u00e9ctor Castillo por La reina del miedo<\/li>\n<li>Daniel Melingo por El \u00c1ngel<\/li>\n<li>Nicol\u00e1s Sor\u00edn por Joel<\/li>\n<li>Vincent van Warmerdam por Rojo<\/li>\n<\/ul>\n<p><strong>Canci\u00f3n para pel\u00edcula<\/strong><\/p>\n<ul>\n<li>\u00abEl origen de la tristeza\u00bb, de El origen de la tristeza. Letra: Pablo Ramos. M\u00fasica Walter Piancioli.<\/li>\n<li>Interprete Los Tipitos<\/li>\n<li>\u00abLas ausencias\u00bb, de El camino de Santiago. Letra, m\u00fasica e int\u00e9rprete: Le\u00f3n Gieco<\/li>\n<li>\u00abLo que m\u00e1s busco\u00bb, de Mi mejor amigo. Letra: Daniel Su\u00e1rez. M\u00fasica: Daniel Su\u00e1rez y Pepe C\u00e9spedes. Int\u00e9rprete Bersuit Vergarabat<\/li>\n<li>\u00abReyes de la soledad\u00bb de La reina del miedo. Letra y M\u00fasica: Gabriel Fern\u00e1ndez Capello.<\/li>\n<li>Int\u00e9rprete Vicentico.<\/li>\n<li>\u00abYo soy el Fuego\u00bb, de La Flor. Letra Mariano Llin\u00e1s. M\u00fasica Gabriel Chwojnik. Int\u00e9rprete:<\/li>\n<li>Grupo Siempreverde<\/li>\n<\/ul>\n<p><strong>Dise\u00f1o de Vestuario<\/strong><\/p>\n<ul>\n<li>Patricia Conta por El Potro, lo mejor del amor<\/li>\n<li>Jam Monti por Rojo<\/li>\n<li>Carolina Sosa Loyola y Flora Caligiuri por La Flor<\/li>\n<li>Julio Su\u00e1rez por El \u00c1ngel<\/li>\n<li>Marcela Vilari\u00f1o por No llores por m\u00ed, Inglaterra<\/li>\n<\/ul>\n<p><strong>Dise\u00f1o de Arte<\/strong><\/p>\n<ul>\n<li>Daniela Calcagno y Eva Duarte por No llores por m\u00ed, Inglaterra<\/li>\n<li>Laura Caligiuri por La Flor<\/li>\n<li>Juan Cavia y Walter Corn\u00e1s por El Potro, lo mejor del amor<\/li>\n<li>Julieta Dolinsky por Rojo<\/li>\n<li>Julia Freid por El \u00c1ngel<\/li>\n<\/ul>\n<p><strong>Maquillaje y Peluquer\u00eda<\/strong><\/p>\n<ul>\n<li>Marisa Amenta y Emanuel Mi\u00f1o por El \u00c1ngel<\/li>\n<li>Alberto Moccia por La Flor<\/li>\n<li>Yamila Repalli y Marcos Berta por Aterrados<\/li>\n<\/ul>\n<p><strong>Mejor Cortometraje<\/strong><\/p>\n<ul>\n<li>El ni\u00f1o y la noche, de Claudia Ru\u00edz<\/li>\n<li>El liberado, de Mart\u00edn Farina<\/li>\n<li>Las fuerzas, de Paola Buentempo<\/li>\n<li>Aquel verano sin hogar, de Santiago Reale<\/li>\n<li>Los bastardos, de Tom\u00e1s Posse<\/li>\n<li>La de Messi, de Mauro Iv\u00e1n Ojeda<\/li>\n<\/ul>\n<p><strong>Mejor Serie y\/o Telefilm<\/strong><\/p>\n<ul>\n<li>El marginal 2, de Alejandro Ciancio e Israel Adri\u00e1n Caetano (TV P\u00fablica-Netflix)<\/li>\n<li>La ca\u00edda, de Mario Segade (TV P\u00fablica)<\/li>\n<li>La chica que limpia, de Lucas Combina (TV P\u00fablica)<\/li>\n<li>Morir de amor, de Anah\u00ed Berneri (Telefe-Flow)<\/li>\n<li>Un gallo para esculapio 2, de Bruno Stagnaro (TNT-Flow)<\/li>\n<\/ul>\n<p><strong>Mejor Pel\u00edcula Iberoamericana<\/strong><\/p>\n<ul>\n<li>Dry Martina, de Che Sandoval (Chile-Argentina)<\/li>\n<li>La noche de 12 a\u00f1os, de \u00c1lvaro Brechner (Uruguay-Espa\u00f1a-Argentina)<\/li>\n<li>Las herederas, de Marcelo Martinessi (Paraguay, Alemania, Uruguay, Brasil, Noruega)<\/li>\n<li>Roma, de Alfonso Cuar\u00f3n (M\u00e9xico-EEUU)<\/li>\n<li>Una mujer fant\u00e1stica, de Sebasti\u00e1n Lelio (Chile, Alemania, Espa\u00f1a, EEUU)<\/li>\n<\/ul>\n<p><strong>Mejor Pel\u00edcula en Lengua Extranjera<\/strong><\/p>\n<ul>\n<li>Cold War, de Pawel Pawlikowski (Polonia)<\/li>\n<li>El hilo fantasma, de Paul Thomas Anderson (Estados Unidos-Reino Unido)<\/li>\n<li>El infiltrado del KKKlan, de Spike Lee (Estados Unidos)<\/li>\n<li>Proyecto Florida, de Sean Baker (Estados Unidos)<\/li>\n<li>Visages Villages, de Agn\u00e8s Varda y JR (Francia)<\/li>\n<\/ul>\n","protected":false},"excerpt":{"rendered":"<p>Este lunes la Asociaci\u00f3n de Cronistas Cinematogr\u00e1ficos Argentinos entregar\u00e1 estos galardones. Este lunes 26 de agosto se entregar\u00e1n los Premios C\u00f3ndor de Plata, galardones otorgados por la Asociaci\u00f3n de Cronistas Cinematogr\u00e1ficos Argentinos. La ceremonia se desarrollar\u00e1 desde las 20.30 en el Centro Cultural 25 de Mayo con transmisi\u00f3n televisiva desde las 22 por la Televisi\u00f3n [&hellip;]<\/p>\n","protected":false},"author":1,"featured_media":66219,"comment_status":"closed","ping_status":"closed","sticky":false,"template":"","format":"standard","meta":{"_seopress_robots_primary_cat":"","_seopress_titles_title":"","_seopress_titles_desc":"","_seopress_robots_index":"","footnotes":""},"categories":[3],"tags":[24386,24385],"class_list":{"0":"post-66218","1":"post","2":"type-post","3":"status-publish","4":"format-standard","5":"has-post-thumbnail","7":"category-cine-y-series","8":"tag-nominados-premios-condor-de-plata","9":"tag-premios-condor-de-plata"},"_links":{"self":[{"href":"https:\/\/www.cordobatimes.com\/showup\/wp-json\/wp\/v2\/posts\/66218","targetHints":{"allow":["GET"]}}],"collection":[{"href":"https:\/\/www.cordobatimes.com\/showup\/wp-json\/wp\/v2\/posts"}],"about":[{"href":"https:\/\/www.cordobatimes.com\/showup\/wp-json\/wp\/v2\/types\/post"}],"author":[{"embeddable":true,"href":"https:\/\/www.cordobatimes.com\/showup\/wp-json\/wp\/v2\/users\/1"}],"replies":[{"embeddable":true,"href":"https:\/\/www.cordobatimes.com\/showup\/wp-json\/wp\/v2\/comments?post=66218"}],"version-history":[{"count":0,"href":"https:\/\/www.cordobatimes.com\/showup\/wp-json\/wp\/v2\/posts\/66218\/revisions"}],"wp:featuredmedia":[{"embeddable":true,"href":"https:\/\/www.cordobatimes.com\/showup\/wp-json\/wp\/v2\/media\/66219"}],"wp:attachment":[{"href":"https:\/\/www.cordobatimes.com\/showup\/wp-json\/wp\/v2\/media?parent=66218"}],"wp:term":[{"taxonomy":"category","embeddable":true,"href":"https:\/\/www.cordobatimes.com\/showup\/wp-json\/wp\/v2\/categories?post=66218"},{"taxonomy":"post_tag","embeddable":true,"href":"https:\/\/www.cordobatimes.com\/showup\/wp-json\/wp\/v2\/tags?post=66218"}],"curies":[{"name":"wp","href":"https:\/\/api.w.org\/{rel}","templated":true}]}}