{"id":66186,"date":"2019-08-25T10:59:05","date_gmt":"2019-08-25T13:59:05","guid":{"rendered":"https:\/\/www.cordobatimes.com\/showup\/?p=66186"},"modified":"2019-08-25T10:59:05","modified_gmt":"2019-08-25T13:59:05","slug":"el-camino-una-pelicula-de-breaking-bad","status":"publish","type":"post","link":"https:\/\/www.cordobatimes.com\/showup\/cine-y-series\/2019\/08\/25\/el-camino-una-pelicula-de-breaking-bad\/","title":{"rendered":"El camino: una pel\u00edcula de Breaking Bad"},"content":{"rendered":"<h3><strong>La compa\u00f1\u00eda revolucion\u00f3 las redes sociales con el avance del filme.<\/strong><\/h3>\n<p>El evento televisivo de\u00a0Netflix\u00a0\u00abEl Camino: Una pel\u00edcula de\u00a0Breaking Bad\u00bb re\u00fane a los fans con\u00a0Jesse Pinkman\u00a0(el ganador del Emmy\u00a0Aaron Paul). Tras su dram\u00e1tica fuga, Jesse debe afrontar su pasado para poder forjar un futuro lejos de Walter White, el recordado personaje de\u00a0Bryan Cranston.<\/p>\n<p>La compa\u00f1\u00eda comparti\u00f3 el trailer del filme y anunci\u00f3 su fecha de estreno para el 11 de octubre pr\u00f3ximo.<\/p>\n<p>Vince Gilligan, el creador de \u00abBreaking Bad\u00bb, escribi\u00f3 y dirigi\u00f3 este emocionante thriller. Mark Johnson, Melissa Bernstein, Charles Newirth, Diane Mercer y Aaron Paul, en asociaci\u00f3n con Sony Pictures Television, produjeron la pel\u00edcula.<\/p>\n<p><iframe loading=\"lazy\" src=\"https:\/\/www.youtube.com\/embed\/pSEiPdvRPBI\" width=\"560\" height=\"315\" frameborder=\"0\" allowfullscreen=\"allowfullscreen\"><\/iframe><\/p>\n","protected":false},"excerpt":{"rendered":"<p>La compa\u00f1\u00eda revolucion\u00f3 las redes sociales con el avance del filme. El evento televisivo de\u00a0Netflix\u00a0\u00abEl Camino: Una pel\u00edcula de\u00a0Breaking Bad\u00bb re\u00fane a los fans con\u00a0Jesse Pinkman\u00a0(el ganador del Emmy\u00a0Aaron Paul). Tras su dram\u00e1tica fuga, Jesse debe afrontar su pasado para poder forjar un futuro lejos de Walter White, el recordado personaje de\u00a0Bryan Cranston. La compa\u00f1\u00eda [&hellip;]<\/p>\n","protected":false},"author":1,"featured_media":66187,"comment_status":"closed","ping_status":"closed","sticky":false,"template":"","format":"standard","meta":{"_seopress_robots_primary_cat":"","_seopress_titles_title":"","_seopress_titles_desc":"","_seopress_robots_index":"","footnotes":""},"categories":[3],"tags":[24370,24369],"class_list":{"0":"post-66186","1":"post","2":"type-post","3":"status-publish","4":"format-standard","5":"has-post-thumbnail","7":"category-cine-y-series","8":"tag-breaking-bad-pelicula","9":"tag-el-camino-una-pelicula-de-breaking-bad"},"_links":{"self":[{"href":"https:\/\/www.cordobatimes.com\/showup\/wp-json\/wp\/v2\/posts\/66186","targetHints":{"allow":["GET"]}}],"collection":[{"href":"https:\/\/www.cordobatimes.com\/showup\/wp-json\/wp\/v2\/posts"}],"about":[{"href":"https:\/\/www.cordobatimes.com\/showup\/wp-json\/wp\/v2\/types\/post"}],"author":[{"embeddable":true,"href":"https:\/\/www.cordobatimes.com\/showup\/wp-json\/wp\/v2\/users\/1"}],"replies":[{"embeddable":true,"href":"https:\/\/www.cordobatimes.com\/showup\/wp-json\/wp\/v2\/comments?post=66186"}],"version-history":[{"count":0,"href":"https:\/\/www.cordobatimes.com\/showup\/wp-json\/wp\/v2\/posts\/66186\/revisions"}],"wp:featuredmedia":[{"embeddable":true,"href":"https:\/\/www.cordobatimes.com\/showup\/wp-json\/wp\/v2\/media\/66187"}],"wp:attachment":[{"href":"https:\/\/www.cordobatimes.com\/showup\/wp-json\/wp\/v2\/media?parent=66186"}],"wp:term":[{"taxonomy":"category","embeddable":true,"href":"https:\/\/www.cordobatimes.com\/showup\/wp-json\/wp\/v2\/categories?post=66186"},{"taxonomy":"post_tag","embeddable":true,"href":"https:\/\/www.cordobatimes.com\/showup\/wp-json\/wp\/v2\/tags?post=66186"}],"curies":[{"name":"wp","href":"https:\/\/api.w.org\/{rel}","templated":true}]}}