{"id":66144,"date":"2019-08-22T10:44:28","date_gmt":"2019-08-22T13:44:28","guid":{"rendered":"https:\/\/www.cordobatimes.com\/showup\/?p=66144"},"modified":"2019-08-22T10:44:28","modified_gmt":"2019-08-22T13:44:28","slug":"spider-man-quedo-fuera-del-universo-de-marvel","status":"publish","type":"post","link":"https:\/\/www.cordobatimes.com\/showup\/cine-y-series\/2019\/08\/22\/spider-man-quedo-fuera-del-universo-de-marvel\/","title":{"rendered":"\u00abSpider-Man\u00bb qued\u00f3 fuera del universo de Marvel"},"content":{"rendered":"<h3><strong>Peligra la continuidad del popular superh\u00e9roe en cine.\u00a0<\/strong><\/h3>\n<p>Marvel Studios y Sony Pictures no han llegado a un acuerdo para prolongar la sociedad que permit\u00eda que Spider-Man, personaje de la editorial de comics pero cuya licencia para explotaci\u00f3n cinematogr\u00e1fica es de Sony, integre el universo narrativo de los Avengers.<\/p>\n<p>Por la ruptura de las negociaciones, Kevin Feige, presidente de Marvel Studios y mente maestra detr\u00e1s del denominado Universo Cinematogr\u00e1fico de Marvel, no volver\u00e1 a producir ninguna nueva cinta del hombre ar\u00e1cnido.<\/p>\n<p>Durante los \u00faltimos meses, Disney \u2013propietaria de Marvel Studios\u2013 comenz\u00f3 a reclamarle a Sony m\u00e1s dividendos por las pel\u00edculas en solitario de Spider-Man, luego de que por\u00a0Spider-Man: De regreso a casa\u00a0(2017) y\u00a0Spider-Man: lejos de casa\u00a0(2019) rondara el 5 por ciento.<\/p>\n<p>Tras el \u00e9xito de\u00a0Lejos de casa, que recaud\u00f3 m\u00e1s de 1.000 millones de d\u00f3lares en todo el mundo y se convirti\u00f3 en la pel\u00edcula m\u00e1s vista en la historia de Sony Pictures, la compa\u00f1\u00eda del rat\u00f3n Mickey empuj\u00f3 las negociaciones pidiendo un reparto equitativo de 50\/50 de la taquilla.<\/p>\n<p>De acuerdo con los reportes, Disney incluso pretend\u00eda que el acuerdo se ampliara a otra gama de personajes del universo narrativo de Spider-Man tambi\u00e9n licenciados a Sony que hab\u00edan quedado afuera del convenio de 2015, como por ejemplo la venidera secuela de Venom.<\/p>\n<p>El asunto es uno de los m\u00e1s comentados entre el grupo de periodistas acreditados a la D23 Expo que comienza el viernes en Anaheim, California; evento bienal en el que Disney da a conocer novedades de todas sus franquicias y en donde el mism\u00edsimo Feige comparecer\u00e1 el s\u00e1bado ante la multitud de fans.<\/p>\n<p>Las preguntas de los diversos medios arreciar\u00e1n en la conferencia de prensa programada para ese d\u00eda, mientras que hasta el momento Disney no reparti\u00f3 ning\u00fan comunicado oficial pronunci\u00e1ndose sobre el asunto.<\/p>\n<p>S\u00ed lo hizo Sony a trav\u00e9s de una serie de tuits publicados en las primeras horas del d\u00eda, en el que parece dejar la puerta no del todo cerrada, ya que si bien afirmaron estar \u00abdecepcionados\u00bb por la decisi\u00f3n de Disney de remover a Feige como productor de las pel\u00edculas de Spider-Man agregaron que esperaban \u00abque esto pueda cambiar en el futuro\u00bb.<\/p>\n<p>\u00abKevin es genial y estamos agradecidos por su ayuda y gu\u00eda, y apreciamos el camino en el que ha ayudado a colocarnos, el cual continuar\u00e1\u00bb, cerr\u00f3 el escueto comunicado.<\/p>\n<p>Ante la posibilidad cierta de que Spider-Man abandone la franquicia del UCM, tambi\u00e9n est\u00e1 en duda la continuidad del realizador John Watts y el actor brit\u00e1nico Tom Holland, respectivamente el director y actor de las primeras dos \u00faltimas pel\u00edculas del personaje.<\/p>\n<p>Spider-Man hizo su entrada en el UCM con Capit\u00e1n Am\u00e9rica: Civil War (2016), y adem\u00e1s de las dos pel\u00edculas en soledad que fueron distribuidas por Sony tambi\u00e9n tuvo un rol destacado en Avengers: Infinity War (2018) y Avengers: Endgame (2019).<\/p>\n","protected":false},"excerpt":{"rendered":"<p>Peligra la continuidad del popular superh\u00e9roe en cine.\u00a0 Marvel Studios y Sony Pictures no han llegado a un acuerdo para prolongar la sociedad que permit\u00eda que Spider-Man, personaje de la editorial de comics pero cuya licencia para explotaci\u00f3n cinematogr\u00e1fica es de Sony, integre el universo narrativo de los Avengers. Por la ruptura de las negociaciones, [&hellip;]<\/p>\n","protected":false},"author":1,"featured_media":66145,"comment_status":"closed","ping_status":"closed","sticky":false,"template":"","format":"standard","meta":{"_seopress_robots_primary_cat":"","_seopress_titles_title":"","_seopress_titles_desc":"","_seopress_robots_index":"","footnotes":""},"categories":[3],"tags":[24350,22388,24349],"class_list":{"0":"post-66144","1":"post","2":"type-post","3":"status-publish","4":"format-standard","5":"has-post-thumbnail","7":"category-cine-y-series","8":"tag-marvel-studios-y-sony-pictures","9":"tag-spider-man","10":"tag-spider-man-marvel"},"_links":{"self":[{"href":"https:\/\/www.cordobatimes.com\/showup\/wp-json\/wp\/v2\/posts\/66144","targetHints":{"allow":["GET"]}}],"collection":[{"href":"https:\/\/www.cordobatimes.com\/showup\/wp-json\/wp\/v2\/posts"}],"about":[{"href":"https:\/\/www.cordobatimes.com\/showup\/wp-json\/wp\/v2\/types\/post"}],"author":[{"embeddable":true,"href":"https:\/\/www.cordobatimes.com\/showup\/wp-json\/wp\/v2\/users\/1"}],"replies":[{"embeddable":true,"href":"https:\/\/www.cordobatimes.com\/showup\/wp-json\/wp\/v2\/comments?post=66144"}],"version-history":[{"count":0,"href":"https:\/\/www.cordobatimes.com\/showup\/wp-json\/wp\/v2\/posts\/66144\/revisions"}],"wp:featuredmedia":[{"embeddable":true,"href":"https:\/\/www.cordobatimes.com\/showup\/wp-json\/wp\/v2\/media\/66145"}],"wp:attachment":[{"href":"https:\/\/www.cordobatimes.com\/showup\/wp-json\/wp\/v2\/media?parent=66144"}],"wp:term":[{"taxonomy":"category","embeddable":true,"href":"https:\/\/www.cordobatimes.com\/showup\/wp-json\/wp\/v2\/categories?post=66144"},{"taxonomy":"post_tag","embeddable":true,"href":"https:\/\/www.cordobatimes.com\/showup\/wp-json\/wp\/v2\/tags?post=66144"}],"curies":[{"name":"wp","href":"https:\/\/api.w.org\/{rel}","templated":true}]}}