{"id":66085,"date":"2019-08-18T10:45:38","date_gmt":"2019-08-18T13:45:38","guid":{"rendered":"https:\/\/www.cordobatimes.com\/showup\/?p=66085"},"modified":"2019-08-18T10:45:38","modified_gmt":"2019-08-18T13:45:38","slug":"jorge-rial-hablo-sobre-la-derrota-de-macri-la-insensibilidad-tuvo-una-respuesta-enorme-y-hermosa","status":"publish","type":"post","link":"https:\/\/www.cordobatimes.com\/showup\/famosos\/2019\/08\/18\/jorge-rial-hablo-sobre-la-derrota-de-macri-la-insensibilidad-tuvo-una-respuesta-enorme-y-hermosa\/","title":{"rendered":"Jorge Rial habl\u00f3 sobre la derrota de  Macri: \u00abLa insensibilidad tuvo una respuesta enorme y hermosa\u00bb"},"content":{"rendered":"<h3><strong>El periodista estuvo como invitado en Sobredosis de TV y se refiri\u00f3 a lo ocurrido en las PASO.<\/strong><\/h3>\n<p>\u00abLos que caminamos la calle lo preve\u00edamos\u00bb, dijo sobre la derrota de Juntos por el Cambio en las PASO.<\/p>\n<p>\u201cLas PASO las viv\u00ed con mucha alegr\u00eda, siempre es bueno votar, la democracia. Y despu\u00e9s con angustia, zozobra, preocupado con la irresponsabilidad de dirigentes\u2026\u201d, describi\u00f3\u00a0Jorge Rial\u00a0en\u00a0C5N.<\/p>\n<p>Invitado a Sobredosis de TV, el periodista se refiri\u00f3 a la fallida conferencia de prensa de Mauricio Macri el lunes pasado. \u201cEchan le\u00f1a al fuego, los que nos gobiernan tienen cambios de humores, nos piden que los tranquilicemos a ellos\u201d.<\/p>\n<div style=\"width: 628px;\" class=\"wp-video\"><video class=\"wp-video-shortcode\" id=\"video-66085-1\" width=\"628\" height=\"360\" preload=\"metadata\" controls=\"controls\"><source type=\"video\/webm\" src=\"https:\/\/www.cordobatimes.com\/showup\/wp-content\/uploads\/2019\/08\/Jorge-Rial.webm?_=1\" \/><a href=\"https:\/\/www.cordobatimes.com\/showup\/wp-content\/uploads\/2019\/08\/Jorge-Rial.webm\">https:\/\/www.cordobatimes.com\/showup\/wp-content\/uploads\/2019\/08\/Jorge-Rial.webm<\/a><\/video><\/div>\n","protected":false},"excerpt":{"rendered":"<p>El periodista estuvo como invitado en Sobredosis de TV y se refiri\u00f3 a lo ocurrido en las PASO. \u00abLos que caminamos la calle lo preve\u00edamos\u00bb, dijo sobre la derrota de Juntos por el Cambio en las PASO. \u201cLas PASO las viv\u00ed con mucha alegr\u00eda, siempre es bueno votar, la democracia. Y despu\u00e9s con angustia, zozobra, [&hellip;]<\/p>\n","protected":false},"author":1,"featured_media":66086,"comment_status":"closed","ping_status":"closed","sticky":false,"template":"","format":"standard","meta":{"_seopress_robots_primary_cat":"","_seopress_titles_title":"","_seopress_titles_desc":"","_seopress_robots_index":"","footnotes":""},"categories":[4],"tags":[24318,24321,24319,24320],"class_list":{"0":"post-66085","1":"post","2":"type-post","3":"status-publish","4":"format-standard","5":"has-post-thumbnail","7":"category-famosos","8":"tag-jorge-rial-en-c5n","9":"tag-jorge-rial-en-sobredosis-de-tv","10":"tag-jorge-rial-mauricio-macri","11":"tag-rial-en-c5n"},"_links":{"self":[{"href":"https:\/\/www.cordobatimes.com\/showup\/wp-json\/wp\/v2\/posts\/66085","targetHints":{"allow":["GET"]}}],"collection":[{"href":"https:\/\/www.cordobatimes.com\/showup\/wp-json\/wp\/v2\/posts"}],"about":[{"href":"https:\/\/www.cordobatimes.com\/showup\/wp-json\/wp\/v2\/types\/post"}],"author":[{"embeddable":true,"href":"https:\/\/www.cordobatimes.com\/showup\/wp-json\/wp\/v2\/users\/1"}],"replies":[{"embeddable":true,"href":"https:\/\/www.cordobatimes.com\/showup\/wp-json\/wp\/v2\/comments?post=66085"}],"version-history":[{"count":0,"href":"https:\/\/www.cordobatimes.com\/showup\/wp-json\/wp\/v2\/posts\/66085\/revisions"}],"wp:featuredmedia":[{"embeddable":true,"href":"https:\/\/www.cordobatimes.com\/showup\/wp-json\/wp\/v2\/media\/66086"}],"wp:attachment":[{"href":"https:\/\/www.cordobatimes.com\/showup\/wp-json\/wp\/v2\/media?parent=66085"}],"wp:term":[{"taxonomy":"category","embeddable":true,"href":"https:\/\/www.cordobatimes.com\/showup\/wp-json\/wp\/v2\/categories?post=66085"},{"taxonomy":"post_tag","embeddable":true,"href":"https:\/\/www.cordobatimes.com\/showup\/wp-json\/wp\/v2\/tags?post=66085"}],"curies":[{"name":"wp","href":"https:\/\/api.w.org\/{rel}","templated":true}]}}