{"id":66058,"date":"2019-08-16T13:46:20","date_gmt":"2019-08-16T16:46:20","guid":{"rendered":"https:\/\/www.cordobatimes.com\/showup\/?p=66058"},"modified":"2019-08-16T13:46:20","modified_gmt":"2019-08-16T16:46:20","slug":"tendencias-de-moda-del-deportivo-al-fluorescente","status":"publish","type":"post","link":"https:\/\/www.cordobatimes.com\/showup\/moda-y-estilos\/2019\/08\/16\/tendencias-de-moda-del-deportivo-al-fluorescente\/","title":{"rendered":"Tendencias de moda: Del deportivo al fluorescente"},"content":{"rendered":"<h3><strong>Nuevas colecciones de verano 2020.<\/strong><\/h3>\n<p>La tendencia sporty con las botas estuvo presente en la pasarela de Ginebra con colores estridentes como el verde esmeralda y el print de cebra.<\/p>\n<h3><strong>GINEBRA<\/strong><\/h3>\n<p><img alt=\"\" loading=\"lazy\" decoding=\"async\" class=\"alignnone size-full wp-image-66059\" src=\"https:\/\/www.cordobatimes.com\/showup\/wp-content\/uploads\/2019\/08\/3-9.jpg\" alt=\"\" width=\"862\" height=\"566\" srcset=\"https:\/\/www.cordobatimes.com\/showup\/wp-content\/uploads\/2019\/08\/3-9.jpg 862w, https:\/\/www.cordobatimes.com\/showup\/wp-content\/uploads\/2019\/08\/3-9-640x420.jpg 640w, https:\/\/www.cordobatimes.com\/showup\/wp-content\/uploads\/2019\/08\/3-9-768x504.jpg 768w, https:\/\/www.cordobatimes.com\/showup\/wp-content\/uploads\/2019\/08\/3-9-696x457.jpg 696w, https:\/\/www.cordobatimes.com\/showup\/wp-content\/uploads\/2019\/08\/3-9-741x486.jpg 741w\" sizes=\"auto, (max-width: 862px) 100vw, 862px\" \/><\/p>\n<p>&nbsp;<\/p>\n<p><img alt=\"\" loading=\"lazy\" decoding=\"async\" class=\"alignnone size-full wp-image-66060\" src=\"https:\/\/www.cordobatimes.com\/showup\/wp-content\/uploads\/2019\/08\/4-7.jpg\" alt=\"\" width=\"852\" height=\"564\" srcset=\"https:\/\/www.cordobatimes.com\/showup\/wp-content\/uploads\/2019\/08\/4-7.jpg 852w, https:\/\/www.cordobatimes.com\/showup\/wp-content\/uploads\/2019\/08\/4-7-634x420.jpg 634w, https:\/\/www.cordobatimes.com\/showup\/wp-content\/uploads\/2019\/08\/4-7-768x508.jpg 768w, https:\/\/www.cordobatimes.com\/showup\/wp-content\/uploads\/2019\/08\/4-7-696x461.jpg 696w\" sizes=\"auto, (max-width: 852px) 100vw, 852px\" \/><\/p>\n<p>Las camperas de cuero y las faldas bordadas, un must de la colecci\u00f3n de la marca de Micaela Tinelli. El lujo y lo urbano es el sello que identifica a la marca que est\u00e1 instalado en el mercado desde el 2012<\/p>\n<h3><strong>CHIRIPA CHIMA<\/strong><\/h3>\n<p><img alt=\"\" loading=\"lazy\" decoding=\"async\" class=\"alignnone size-full wp-image-66061\" src=\"https:\/\/www.cordobatimes.com\/showup\/wp-content\/uploads\/2019\/08\/5-8.jpg\" alt=\"\" width=\"377\" height=\"565\" srcset=\"https:\/\/www.cordobatimes.com\/showup\/wp-content\/uploads\/2019\/08\/5-8.jpg 377w, https:\/\/www.cordobatimes.com\/showup\/wp-content\/uploads\/2019\/08\/5-8-280x420.jpg 280w\" sizes=\"auto, (max-width: 377px) 100vw, 377px\" \/><\/p>\n<p>Chiripa Chima fue el proyecto ganador de Semillero Uba de las dise\u00f1adoras Laura Moschioni y Denise Alfono que\u00a0 presentaron su colecci\u00f3n en el marco de la BAFWEEK. Sus dise\u00f1os est\u00e1n inspirados en\u00a0 Chirip\u00e1 (poncho del gaucho colocado como una sobreprenda inferior) Chim\u00e1 ( falda en Coreano) es la fusi\u00f3n de estas dos culturas.<\/p>\n<p><img alt=\"\" loading=\"lazy\" decoding=\"async\" class=\"alignnone size-full wp-image-66062\" src=\"https:\/\/www.cordobatimes.com\/showup\/wp-content\/uploads\/2019\/08\/6-4.jpg\" alt=\"\" width=\"384\" height=\"557\" srcset=\"https:\/\/www.cordobatimes.com\/showup\/wp-content\/uploads\/2019\/08\/6-4.jpg 384w, https:\/\/www.cordobatimes.com\/showup\/wp-content\/uploads\/2019\/08\/6-4-290x420.jpg 290w\" sizes=\"auto, (max-width: 384px) 100vw, 384px\" \/><\/p>\n<p>De g\u00e9neros en la colecci\u00f3n hay gasas, rasos, aire, anudados y colores de la pampa, el amarillo, los verdes y los marrones. Tambi\u00e9n las dise\u00f1adoras confeccionaron algunas guardas exclusivas que las hicieron para la colecci\u00f3n de verano 2020<\/p>\n<p><img alt=\"\" loading=\"lazy\" decoding=\"async\" class=\"alignnone size-full wp-image-66063\" src=\"https:\/\/www.cordobatimes.com\/showup\/wp-content\/uploads\/2019\/08\/7-1.jpg\" alt=\"\" width=\"382\" height=\"569\" srcset=\"https:\/\/www.cordobatimes.com\/showup\/wp-content\/uploads\/2019\/08\/7-1.jpg 382w, https:\/\/www.cordobatimes.com\/showup\/wp-content\/uploads\/2019\/08\/7-1-282x420.jpg 282w\" sizes=\"auto, (max-width: 382px) 100vw, 382px\" \/><\/p>\n<p>Las estudiantes de la UBA jugaron con los recursos de la vestimenta asi\u00e1tica y lograron una fusi\u00f3n de esas culturas\u00a0en tipolog\u00edas que presentaron en BAFWEEK<\/p>\n<h3><strong>CARLA ANDREA\u00a0<\/strong><\/h3>\n<p><img alt=\"\" loading=\"lazy\" decoding=\"async\" class=\"alignnone size-full wp-image-66064\" src=\"https:\/\/www.cordobatimes.com\/showup\/wp-content\/uploads\/2019\/08\/8-3.jpg\" alt=\"\" width=\"374\" height=\"544\" srcset=\"https:\/\/www.cordobatimes.com\/showup\/wp-content\/uploads\/2019\/08\/8-3.jpg 374w, https:\/\/www.cordobatimes.com\/showup\/wp-content\/uploads\/2019\/08\/8-3-289x420.jpg 289w\" sizes=\"auto, (max-width: 374px) 100vw, 374px\" \/><\/p>\n<p>Carla Andrea es uno de los proyectos ganadores de Autores de Moda BA que desfil\u00f3 en BAFWEEK. Su proyecto se llama Py\u2019aguas\u00fa y tiene prendas para hombres y para mujeres.<\/p>\n<p><img alt=\"\" loading=\"lazy\" decoding=\"async\" class=\"alignnone size-full wp-image-66065\" src=\"https:\/\/www.cordobatimes.com\/showup\/wp-content\/uploads\/2019\/08\/9-1.jpg\" alt=\"\" width=\"364\" height=\"542\" srcset=\"https:\/\/www.cordobatimes.com\/showup\/wp-content\/uploads\/2019\/08\/9-1.jpg 364w, https:\/\/www.cordobatimes.com\/showup\/wp-content\/uploads\/2019\/08\/9-1-282x420.jpg 282w\" sizes=\"auto, (max-width: 364px) 100vw, 364px\" \/><\/p>\n<p>Py\u2019aguas\u00fa est\u00e1 basado en la creencia de la dise\u00f1adora de que la materialidad y el concepto convivan en una colecci\u00f3n donde el respeto por el origen y la identidad regional sean esenciales.<\/p>\n<p><img alt=\"\" loading=\"lazy\" decoding=\"async\" class=\"alignnone size-full wp-image-66066\" src=\"https:\/\/www.cordobatimes.com\/showup\/wp-content\/uploads\/2019\/08\/10.jpg\" alt=\"\" width=\"372\" height=\"556\" srcset=\"https:\/\/www.cordobatimes.com\/showup\/wp-content\/uploads\/2019\/08\/10.jpg 372w, https:\/\/www.cordobatimes.com\/showup\/wp-content\/uploads\/2019\/08\/10-281x420.jpg 281w\" sizes=\"auto, (max-width: 372px) 100vw, 372px\" \/><\/p>\n<p>Los dise\u00f1os est\u00e1n confeccionados con bloques de descartes pigmentados con tintes naturales y adaptaci\u00f3n de \u00edtems anteriores conviven junto a recursos de terminaciones al corte, desgaste e irregularidades en el matiz, reforzando la identidad oversized y genderless caracter\u00edstica de la marca.<\/p>\n<h3><strong>VANESA KRONGOLD\u00a0<\/strong><\/h3>\n<p><img alt=\"\" loading=\"lazy\" decoding=\"async\" class=\"alignnone size-full wp-image-66067\" src=\"https:\/\/www.cordobatimes.com\/showup\/wp-content\/uploads\/2019\/08\/11.jpg\" alt=\"\" width=\"357\" height=\"530\" srcset=\"https:\/\/www.cordobatimes.com\/showup\/wp-content\/uploads\/2019\/08\/11.jpg 357w, https:\/\/www.cordobatimes.com\/showup\/wp-content\/uploads\/2019\/08\/11-283x420.jpg 283w\" sizes=\"auto, (max-width: 357px) 100vw, 357px\" \/><\/p>\n<p>La dise\u00f1adora Vanesa Krongold present\u00f3 su colecci\u00f3n en BAFWEEK una vez m\u00e1s y deslumbr\u00f3 con su l\u00ednea llamada \u201cLo Disponible\u201d. Dise\u00f1os confeccionados en tules, sedas y lycras coloridas, la creativa, impuso el color en la pasarela.<\/p>\n<p><img alt=\"\" loading=\"lazy\" decoding=\"async\" class=\"alignnone size-full wp-image-66068\" src=\"https:\/\/www.cordobatimes.com\/showup\/wp-content\/uploads\/2019\/08\/12-1.jpg\" alt=\"\" width=\"882\" height=\"553\" srcset=\"https:\/\/www.cordobatimes.com\/showup\/wp-content\/uploads\/2019\/08\/12-1.jpg 882w, https:\/\/www.cordobatimes.com\/showup\/wp-content\/uploads\/2019\/08\/12-1-670x420.jpg 670w, https:\/\/www.cordobatimes.com\/showup\/wp-content\/uploads\/2019\/08\/12-1-768x482.jpg 768w, https:\/\/www.cordobatimes.com\/showup\/wp-content\/uploads\/2019\/08\/12-1-696x436.jpg 696w\" sizes=\"auto, (max-width: 882px) 100vw, 882px\" \/><\/p>\n<p>La colecci\u00f3n est\u00e1 confeccionada con materiales que la dise\u00f1adora fue acumulando durante varios a\u00f1os. Ella lo llama, una colecci\u00f3n ecl\u00e9ctica. Un collage de texturas y contrastes, con estampas encontradas, mezcladas e intervenidas.<\/p>\n<p><img alt=\"\" loading=\"lazy\" decoding=\"async\" class=\"alignnone size-full wp-image-66069\" src=\"https:\/\/www.cordobatimes.com\/showup\/wp-content\/uploads\/2019\/08\/13.jpg\" alt=\"\" width=\"844\" height=\"547\" srcset=\"https:\/\/www.cordobatimes.com\/showup\/wp-content\/uploads\/2019\/08\/13.jpg 844w, https:\/\/www.cordobatimes.com\/showup\/wp-content\/uploads\/2019\/08\/13-648x420.jpg 648w, https:\/\/www.cordobatimes.com\/showup\/wp-content\/uploads\/2019\/08\/13-768x498.jpg 768w, https:\/\/www.cordobatimes.com\/showup\/wp-content\/uploads\/2019\/08\/13-696x451.jpg 696w\" sizes=\"auto, (max-width: 844px) 100vw, 844px\" \/><\/p>\n<p>Los dise\u00f1os de Vanesa Krongold son diferentes entre s\u00ed y son prendas que para esta colecci\u00f3n de verano 2020 cont\u00f3 con bordados a mano y tocados realizados por Juan Romero, creador de la comparsa Ita Ver\u00e1 De Goya, y piezas especiales realizadas por la dise\u00f1adora de joyer\u00eda Paloma Vega de Mendoza<\/p>\n<p>&nbsp;<\/p>\n","protected":false},"excerpt":{"rendered":"<p>Nuevas colecciones de verano 2020. La tendencia sporty con las botas estuvo presente en la pasarela de Ginebra con colores estridentes como el verde esmeralda y el print de cebra. GINEBRA &nbsp; Las camperas de cuero y las faldas bordadas, un must de la colecci\u00f3n de la marca de Micaela Tinelli. El lujo y lo [&hellip;]<\/p>\n","protected":false},"author":1,"featured_media":66059,"comment_status":"closed","ping_status":"closed","sticky":false,"template":"","format":"standard","meta":{"_seopress_robots_primary_cat":"","_seopress_titles_title":"","_seopress_titles_desc":"","_seopress_robots_index":"","footnotes":""},"categories":[228],"tags":[20853,24309,24310,20118],"class_list":{"0":"post-66058","1":"post","2":"type-post","3":"status-publish","4":"format-standard","5":"has-post-thumbnail","7":"category-moda-y-estilos","8":"tag-semana-de-la-moda","9":"tag-semana-de-la-moda-en-buenos-aires","10":"tag-tendencias-de-moda-2020","11":"tag-tendencias-de-verano-2018"},"_links":{"self":[{"href":"https:\/\/www.cordobatimes.com\/showup\/wp-json\/wp\/v2\/posts\/66058","targetHints":{"allow":["GET"]}}],"collection":[{"href":"https:\/\/www.cordobatimes.com\/showup\/wp-json\/wp\/v2\/posts"}],"about":[{"href":"https:\/\/www.cordobatimes.com\/showup\/wp-json\/wp\/v2\/types\/post"}],"author":[{"embeddable":true,"href":"https:\/\/www.cordobatimes.com\/showup\/wp-json\/wp\/v2\/users\/1"}],"replies":[{"embeddable":true,"href":"https:\/\/www.cordobatimes.com\/showup\/wp-json\/wp\/v2\/comments?post=66058"}],"version-history":[{"count":0,"href":"https:\/\/www.cordobatimes.com\/showup\/wp-json\/wp\/v2\/posts\/66058\/revisions"}],"wp:featuredmedia":[{"embeddable":true,"href":"https:\/\/www.cordobatimes.com\/showup\/wp-json\/wp\/v2\/media\/66059"}],"wp:attachment":[{"href":"https:\/\/www.cordobatimes.com\/showup\/wp-json\/wp\/v2\/media?parent=66058"}],"wp:term":[{"taxonomy":"category","embeddable":true,"href":"https:\/\/www.cordobatimes.com\/showup\/wp-json\/wp\/v2\/categories?post=66058"},{"taxonomy":"post_tag","embeddable":true,"href":"https:\/\/www.cordobatimes.com\/showup\/wp-json\/wp\/v2\/tags?post=66058"}],"curies":[{"name":"wp","href":"https:\/\/api.w.org\/{rel}","templated":true}]}}