{"id":66049,"date":"2019-08-16T10:35:22","date_gmt":"2019-08-16T13:35:22","guid":{"rendered":"https:\/\/www.cordobatimes.com\/showup\/?p=66049"},"modified":"2019-08-16T10:35:22","modified_gmt":"2019-08-16T13:35:22","slug":"netflix-hablo-sobre-la-identidad-de-alicia-sierra-de-la-casa-de-papel","status":"publish","type":"post","link":"https:\/\/www.cordobatimes.com\/showup\/cine-y-series\/2019\/08\/16\/netflix-hablo-sobre-la-identidad-de-alicia-sierra-de-la-casa-de-papel\/","title":{"rendered":"Netflix habl\u00f3 sobre la identidad de Alicia Sierra de \u00bb La Casa de Papel \u00ab"},"content":{"rendered":"<h3><strong>La serie ya termin\u00f3 el rodaje de la cuarta temporada.<\/strong><\/h3>\n<p>Los enigmas que dej\u00f3 abiertos\u00a0la tercera temporada de\u00a0La Casa de Papel\u00a0han hecho estallar la cabeza a m\u00e1s de uno en las \u00faltimas semanas. Y una de las inc\u00f3gnitas que ha generado m\u00e1s paranoia es\u00a0la verdadera identidad de Tatiana, el antiguo amor de\u00a0Berl\u00edn.<\/p>\n<p>Mientras unos\u00a0piensan que\u00a0el parecido f\u00edsico entre la inspectora Sierra y Tatiana\u00a0no puede ser una coincidencia, y creen que son la misma persona, otros tachan esa teor\u00eda\u00a0de absurda y dicen que Tatiana es en realidad\u00a0Bel\u00e9n Cuesta, escondida entre los rehenes.\u00a0Un tercer grupo defiende que\u00a0Alicia Sierra y Tatiana son hermanas. Y\u00a0el cuarto critica a los tres anteriores, a los que considera friquis, paranoicos, y seniles, y\u00a0defiende\u00a0que\u00a0Tatiana no es nadie. Y punto.<\/p>\n<p>Este cruce de opiniones le ha parecido completamente entretenido a Netflix, que buscando mantener la llamarada de la pasi\u00f3n por su serie predilecta hasta el lanzamiento de la cuarta temporada, quiso avivar un poco m\u00e1s el fuego.<\/p>\n<p>A trav\u00e9s de su cuenta de Instagram Espa\u00f1a, lanz\u00f3 un mensaje que enloqueci\u00f3 m\u00e1s si cabe a los fan\u00e1ticos.<\/p>\n<p><img alt=\"\" loading=\"lazy\" decoding=\"async\" src=\"https:\/\/www.cordobatimes.com\/showup\/wp-content\/uploads\/2019\/08\/Nombre1-1.jpg\" alt=\"\" width=\"745\" height=\"475\" class=\"alignnone size-full wp-image-66051\" srcset=\"https:\/\/www.cordobatimes.com\/showup\/wp-content\/uploads\/2019\/08\/Nombre1-1.jpg 745w, https:\/\/www.cordobatimes.com\/showup\/wp-content\/uploads\/2019\/08\/Nombre1-1-659x420.jpg 659w, https:\/\/www.cordobatimes.com\/showup\/wp-content\/uploads\/2019\/08\/Nombre1-1-696x444.jpg 696w\" sizes=\"auto, (max-width: 745px) 100vw, 745px\" \/><\/p>\n<p>Con este comentario, Netflix aviv\u00f3 la discordia sobre la verdadera identidad de la amante de Berl\u00edn.<\/p>\n<p><img alt=\"\" loading=\"lazy\" decoding=\"async\" src=\"https:\/\/www.cordobatimes.com\/showup\/wp-content\/uploads\/2019\/08\/Nombre2.jpg\" alt=\"\" width=\"743\" height=\"411\" class=\"alignnone size-full wp-image-66052\" srcset=\"https:\/\/www.cordobatimes.com\/showup\/wp-content\/uploads\/2019\/08\/Nombre2.jpg 743w, https:\/\/www.cordobatimes.com\/showup\/wp-content\/uploads\/2019\/08\/Nombre2-696x385.jpg 696w, https:\/\/www.cordobatimes.com\/showup\/wp-content\/uploads\/2019\/08\/Nombre2-741x411.jpg 741w\" sizes=\"auto, (max-width: 743px) 100vw, 743px\" \/><\/p>\n<p>Hay fan\u00e1ticos que creen que Tatiana (a la izquierda en la fotograf\u00eda) y Sierra (derecha) son la misma persona, mientras que otros creen que podr\u00edan ser hermanas <\/p>\n<p>Unas palabras pronunciadas por Tokio en el cap\u00edtulo final de la tercera  temporada, complicaron a\u00fan m\u00e1s el asunto, y se convirtieron para muchos en la pista definitiva que probar\u00eda que la inspectora Sierra ser\u00eda miembro encubierto de la banda. Y es que la atracadora m\u00e1s inestable del grupo dijo en el episodio final que El Profesor \u00abhab\u00eda ca\u00eddo en su propia trampa\u00bb, y que \u00abla guerra hab\u00eda comenzado\u00bb.<\/p>\n<p>Para muchos usuarios, El Profesor cay\u00f3 en su propia trampa porque \u00e9l lo planific\u00f3 todo, con la complicidad de Sierra: la muerte de Nairobi, el arresto de Lisboa, y tambi\u00e9n la explosi\u00f3n que hizo detonar Tokio en los instantes finales. Siempre previsible, minucioso e implacable, este ser\u00eda su as en la manga, y demostrar\u00eda que el cerebro del atraco jam\u00e1s deja un cabo suelto.<\/p>\n<p>Esta semana termin\u00f3 el rodaje de la cuarta temporada y se espera que llegue a Netflix en enero de 2020. Entonces se podr\u00e1n resolver muchas de estas dudas, pero quiz\u00e1s, no se descubra si finalmente la banda se lleva el oro del Banco de Espa\u00f1a. Y es que la actriz Itziar Itu\u00f1o, que da vida en la serie a Lisboa, o la ex inspectora Raquel Murillo, habl\u00f3 durante una entrevista con F\u00f3rmula TV sobre la posibilidad de una quinta temporada.<\/p>\n<p>\u00abEstamos terminando la cuarta y me da en la nariz que no se acaba aqu\u00ed\u00bb, dijo la actriz.<\/p>\n","protected":false},"excerpt":{"rendered":"<p>La serie ya termin\u00f3 el rodaje de la cuarta temporada. Los enigmas que dej\u00f3 abiertos\u00a0la tercera temporada de\u00a0La Casa de Papel\u00a0han hecho estallar la cabeza a m\u00e1s de uno en las \u00faltimas semanas. Y una de las inc\u00f3gnitas que ha generado m\u00e1s paranoia es\u00a0la verdadera identidad de Tatiana, el antiguo amor de\u00a0Berl\u00edn. Mientras unos\u00a0piensan que\u00a0el [&hellip;]<\/p>\n","protected":false},"author":1,"featured_media":66050,"comment_status":"closed","ping_status":"closed","sticky":false,"template":"","format":"standard","meta":{"_seopress_robots_primary_cat":"","_seopress_titles_title":"","_seopress_titles_desc":"","_seopress_robots_index":"","footnotes":""},"categories":[3],"tags":[24306,3882],"class_list":{"0":"post-66049","1":"post","2":"type-post","3":"status-publish","4":"format-standard","5":"has-post-thumbnail","7":"category-cine-y-series","8":"tag-alicia-sierra-la-casa-de-papel","9":"tag-netflix"},"_links":{"self":[{"href":"https:\/\/www.cordobatimes.com\/showup\/wp-json\/wp\/v2\/posts\/66049","targetHints":{"allow":["GET"]}}],"collection":[{"href":"https:\/\/www.cordobatimes.com\/showup\/wp-json\/wp\/v2\/posts"}],"about":[{"href":"https:\/\/www.cordobatimes.com\/showup\/wp-json\/wp\/v2\/types\/post"}],"author":[{"embeddable":true,"href":"https:\/\/www.cordobatimes.com\/showup\/wp-json\/wp\/v2\/users\/1"}],"replies":[{"embeddable":true,"href":"https:\/\/www.cordobatimes.com\/showup\/wp-json\/wp\/v2\/comments?post=66049"}],"version-history":[{"count":0,"href":"https:\/\/www.cordobatimes.com\/showup\/wp-json\/wp\/v2\/posts\/66049\/revisions"}],"wp:featuredmedia":[{"embeddable":true,"href":"https:\/\/www.cordobatimes.com\/showup\/wp-json\/wp\/v2\/media\/66050"}],"wp:attachment":[{"href":"https:\/\/www.cordobatimes.com\/showup\/wp-json\/wp\/v2\/media?parent=66049"}],"wp:term":[{"taxonomy":"category","embeddable":true,"href":"https:\/\/www.cordobatimes.com\/showup\/wp-json\/wp\/v2\/categories?post=66049"},{"taxonomy":"post_tag","embeddable":true,"href":"https:\/\/www.cordobatimes.com\/showup\/wp-json\/wp\/v2\/tags?post=66049"}],"curies":[{"name":"wp","href":"https:\/\/api.w.org\/{rel}","templated":true}]}}