{"id":66041,"date":"2019-08-15T20:13:33","date_gmt":"2019-08-15T23:13:33","guid":{"rendered":"https:\/\/www.cordobatimes.com\/showup\/?p=66041"},"modified":"2019-08-15T20:13:33","modified_gmt":"2019-08-15T23:13:33","slug":"netflix-anuncio-la-fecha-de-estreno-de-la-casa-de-las-flores-2","status":"publish","type":"post","link":"https:\/\/www.cordobatimes.com\/showup\/cine-y-series\/2019\/08\/15\/netflix-anuncio-la-fecha-de-estreno-de-la-casa-de-las-flores-2\/","title":{"rendered":"Netflix anunci\u00f3 la fecha de estreno de \u201cLa casa de las flores 2\u201d"},"content":{"rendered":"<h3>\u00a0<strong>Se conoci\u00f3 la fecha de estreno de la segunda temporada de La casa de las flores.<\/strong><\/h3>\n<p>Por fin se conoci\u00f3 la fecha de estreno de la segunda temporada de La casa de las flores: ser\u00e1 el 18 de octubre. La serie mejicana original de Netflix tuvo muy buena recepci\u00f3n por parte de los usuarios de la plataforma y en Argentina se convirti\u00f3 en todo un fen\u00f3meno. El \u00e1cido sentido del humor, el tono melodram\u00e1tico y personajes como Virginia y Paulina de la Mora, son algunos de los motivos por los que la ficci\u00f3n cal\u00f3 hondo entre los espectadores.<\/p>\n<p>En la segunda temporada, la familia se est\u00e1 cayendo a pedazos tras la inesperada muerte de la matriarca Virginia de La Mora (Ver\u00f3nica Castro no renov\u00f3 para la nueva temporda). Paulina, quien ahora vive en Madrid con Mar\u00eda Jos\u00e9 y su hijo Bruno, se ve obligada a volver a M\u00e9xico cuando se entera que el testamento de su madre ha sido impugnado.<\/p>\n<p>\u201cA su regreso, Paulina encuentra su casa peor que nunca: su padre Ernesto se ha unido a una secta de \u00e9xito pseudo-espiritual; su hermana Elena est\u00e1 viviendo una crisis de identidad a consecuencia de sus \u00faltimas relaciones amorosas; Juli\u00e1n ha encontrado un nuevo y peculiar trabajo que solo le traer\u00e1 m\u00e1s problemas\u201d, adelanta la sinopsis oficial publicada por Netflix.<\/p>\n<p>Y sigue: \u201cSin dejar a un lado la b\u00fasqueda de su ansiada venganza contra Diego, quien se fug\u00f3 con el dinero de la familia, Paulina siente la responsabilidad de rescatar a los suyos y recuperar \u2018La Casa de las Flores\u2019, pero es incapaz de ver que lo que realmente est\u00e1 poniendo en peligro es el hogar que ha decidido volver a crear al lado de Mar\u00eda Jos\u00e9\u201d.<\/p>\n<p>En su segunda temporada, La Casa de las Flores cuenta con las actuaciones de Cecilia Su\u00e1rez (Paulina de la Mora), Aislinn Derbez (Elena de la Mora), Dar\u00edo Yazbek (Juli\u00e1n de la Mora), Arturo R\u00edos (Ernesto de la Mora), Juan Pablo Medina (Diego), Luis de la Rosa (Bruno) Paco Le\u00f3n (Mar\u00eda Jos\u00e9).<\/p>\n<p>Los nuevos actores que se suman a la historia son Mariana Trevi\u00f1o (Jenny Quetzal), Mar\u00eda Le\u00f3n (Purificaci\u00f3n), Eduardo Rosa (Alejo), Loreto Peralta (Rosita), Flavio Medina (Sim\u00f3n), Anabel Ferreira (Celeste), y la colaboraci\u00f3n especial de Eduardo Casanova.<\/p>\n<p>La primera temporada de La Casa de las Flores recibi\u00f3 muchos elogios por parte de la cr\u00edtica, no s\u00f3lo del p\u00fablico. Diario El Pa\u00eds por ejemplo, public\u00f3 que la serie \u00abno oculta su condici\u00f3n de culebr\u00f3n. Pero tambi\u00e9n se reivindica como algo diferente a lo que se puede esperar. (&#8230;) Los cap\u00edtulos se pasan volando combinando nuevas tramas, golpes de humor negro y situaciones disparatadas\u00bb.<\/p>\n<p>Empire M\u00e9xico en tanto, se\u00f1al\u00f3: \u00abManolo Caro (creador de la serie) presenta una historia que pone al espectador frente al espejo de la normalidad para mostrarle el reflejo repugnante de lo que no es malo fuera, sino que es malo porque se esconde\u201d.<\/p>\n<p><iframe loading=\"lazy\" src=\"https:\/\/api.vodgc.net\/player\/v2\/embed\/playerId\/1FMX3V1500998386\/contentId\/795168#amp=1\" frameborder=\"0\" allowfullscreen width=\"650\" height=\"390\" scrolling=\"no\"><\/iframe><\/p>\n","protected":false},"excerpt":{"rendered":"<p>\u00a0Se conoci\u00f3 la fecha de estreno de la segunda temporada de La casa de las flores. Por fin se conoci\u00f3 la fecha de estreno de la segunda temporada de La casa de las flores: ser\u00e1 el 18 de octubre. La serie mejicana original de Netflix tuvo muy buena recepci\u00f3n por parte de los usuarios de [&hellip;]<\/p>\n","protected":false},"author":1,"featured_media":66042,"comment_status":"closed","ping_status":"closed","sticky":false,"template":"","format":"standard","meta":{"_seopress_robots_primary_cat":"","_seopress_titles_title":"","_seopress_titles_desc":"","_seopress_robots_index":"","footnotes":""},"categories":[3],"tags":[24304,24303],"class_list":{"0":"post-66041","1":"post","2":"type-post","3":"status-publish","4":"format-standard","5":"has-post-thumbnail","7":"category-cine-y-series","8":"tag-estreno-de-la-casa-de-las-flores-2","9":"tag-la-casa-de-las-flores-2"},"_links":{"self":[{"href":"https:\/\/www.cordobatimes.com\/showup\/wp-json\/wp\/v2\/posts\/66041","targetHints":{"allow":["GET"]}}],"collection":[{"href":"https:\/\/www.cordobatimes.com\/showup\/wp-json\/wp\/v2\/posts"}],"about":[{"href":"https:\/\/www.cordobatimes.com\/showup\/wp-json\/wp\/v2\/types\/post"}],"author":[{"embeddable":true,"href":"https:\/\/www.cordobatimes.com\/showup\/wp-json\/wp\/v2\/users\/1"}],"replies":[{"embeddable":true,"href":"https:\/\/www.cordobatimes.com\/showup\/wp-json\/wp\/v2\/comments?post=66041"}],"version-history":[{"count":0,"href":"https:\/\/www.cordobatimes.com\/showup\/wp-json\/wp\/v2\/posts\/66041\/revisions"}],"wp:featuredmedia":[{"embeddable":true,"href":"https:\/\/www.cordobatimes.com\/showup\/wp-json\/wp\/v2\/media\/66042"}],"wp:attachment":[{"href":"https:\/\/www.cordobatimes.com\/showup\/wp-json\/wp\/v2\/media?parent=66041"}],"wp:term":[{"taxonomy":"category","embeddable":true,"href":"https:\/\/www.cordobatimes.com\/showup\/wp-json\/wp\/v2\/categories?post=66041"},{"taxonomy":"post_tag","embeddable":true,"href":"https:\/\/www.cordobatimes.com\/showup\/wp-json\/wp\/v2\/tags?post=66041"}],"curies":[{"name":"wp","href":"https:\/\/api.w.org\/{rel}","templated":true}]}}