{"id":65962,"date":"2019-08-12T12:14:29","date_gmt":"2019-08-12T15:14:29","guid":{"rendered":"https:\/\/www.cordobatimes.com\/showup\/?p=65962"},"modified":"2019-08-12T12:14:29","modified_gmt":"2019-08-12T15:14:29","slug":"el-puma-rodriguez-estreno-su-primera-cancion-tras-su-operacion","status":"publish","type":"post","link":"https:\/\/www.cordobatimes.com\/showup\/musica\/2019\/08\/12\/el-puma-rodriguez-estreno-su-primera-cancion-tras-su-operacion\/","title":{"rendered":"El Puma Rodr\u00edguez estren\u00f3 su primera canci\u00f3n tras su operaci\u00f3n"},"content":{"rendered":"<h3>\u00a0<strong>El venezolano tiene fecha en el pa\u00eds a fines de agosto.\u00a0<\/strong><\/h3>\n<p>El cantante venezolano Jos\u00e9 Luis \u201cPuma\u201d Rodr\u00edguez lanz\u00f3 Agradecido, su primer simple y clip desde que se someti\u00f3 con \u00e9xito a un doble trasplante pulmonar en 2017, y se prepara para su regreso a la Argentina.<\/p>\n<p>El show en nuestro pa\u00eds est\u00e1 programado para el pr\u00f3ximo 24 de agosto, en el porte\u00f1o teatro Gran Rex, en el marco de la gira que lleva el nombre de su nuevo tema. Ese recorrido tambi\u00e9n lo llevar\u00e1 a Chile, Guatemala, M\u00e9xico, Colombia, Ecuador, Estados Unidos y Espa\u00f1a, entre otros pa\u00edses.<\/p>\n<p><img alt=\"\" loading=\"lazy\" decoding=\"async\" class=\"alignnone size-full wp-image-65964\" src=\"https:\/\/www.cordobatimes.com\/showup\/wp-content\/uploads\/2019\/08\/59422802_1269508316559562_6045777862009552896_n_1565563840.jpg\" alt=\"\" width=\"960\" height=\"540\" srcset=\"https:\/\/www.cordobatimes.com\/showup\/wp-content\/uploads\/2019\/08\/59422802_1269508316559562_6045777862009552896_n_1565563840.jpg 960w, https:\/\/www.cordobatimes.com\/showup\/wp-content\/uploads\/2019\/08\/59422802_1269508316559562_6045777862009552896_n_1565563840-747x420.jpg 747w, https:\/\/www.cordobatimes.com\/showup\/wp-content\/uploads\/2019\/08\/59422802_1269508316559562_6045777862009552896_n_1565563840-768x432.jpg 768w, https:\/\/www.cordobatimes.com\/showup\/wp-content\/uploads\/2019\/08\/59422802_1269508316559562_6045777862009552896_n_1565563840-696x392.jpg 696w\" sizes=\"auto, (max-width: 960px) 100vw, 960px\" \/><\/p>\n<p>Agradecido, coescrito con la cantautora paname\u00f1a Erika Ender (creadora del megahit\u00a0Despacito), puede escucharse en plataformas digitales y hace alusi\u00f3n a las vivencias del artista venezolano en los \u00faltimos a\u00f1os, a ra\u00edz de sus problemas de salud.<\/p>\n<p>\u201cEsta canci\u00f3n es un dibujo perfecto de lo que aconteci\u00f3 en mi vida. La maravillosa Erika Ender y yo estuvimos juntos para que saliera esta hermosa pintura, la cual forma parte de un disco ac\u00fastico, con canciones in\u00e9ditas y otras conocidas, que quise grabar hace algunos a\u00f1os. Ojal\u00e1 les guste tanto como a m\u00ed. Infinitas gracias\u201d, dijo \u201cEl Puma\u201d a trav\u00e9s de un comunicado oficial.<\/p>\n<p><iframe loading=\"lazy\" width=\"560\" height=\"315\" src=\"https:\/\/www.youtube.com\/embed\/JuBB_kmsauk\" frameborder=\"0\" allow=\"accelerometer; autoplay; encrypted-media; gyroscope; picture-in-picture\" allowfullscreen><\/iframe><\/p>\n","protected":false},"excerpt":{"rendered":"<p>\u00a0El venezolano tiene fecha en el pa\u00eds a fines de agosto.\u00a0 El cantante venezolano Jos\u00e9 Luis \u201cPuma\u201d Rodr\u00edguez lanz\u00f3 Agradecido, su primer simple y clip desde que se someti\u00f3 con \u00e9xito a un doble trasplante pulmonar en 2017, y se prepara para su regreso a la Argentina. El show en nuestro pa\u00eds est\u00e1 programado para [&hellip;]<\/p>\n","protected":false},"author":1,"featured_media":65963,"comment_status":"closed","ping_status":"closed","sticky":false,"template":"","format":"standard","meta":{"_seopress_robots_primary_cat":"","_seopress_titles_title":"","_seopress_titles_desc":"","_seopress_robots_index":"","footnotes":""},"categories":[5],"tags":[24272,15931],"class_list":{"0":"post-65962","1":"post","2":"type-post","3":"status-publish","4":"format-standard","5":"has-post-thumbnail","7":"category-musica","8":"tag-jose-luis-puma-rodriguez-lanzo-agradecido","9":"tag-puma-rodriguez"},"_links":{"self":[{"href":"https:\/\/www.cordobatimes.com\/showup\/wp-json\/wp\/v2\/posts\/65962","targetHints":{"allow":["GET"]}}],"collection":[{"href":"https:\/\/www.cordobatimes.com\/showup\/wp-json\/wp\/v2\/posts"}],"about":[{"href":"https:\/\/www.cordobatimes.com\/showup\/wp-json\/wp\/v2\/types\/post"}],"author":[{"embeddable":true,"href":"https:\/\/www.cordobatimes.com\/showup\/wp-json\/wp\/v2\/users\/1"}],"replies":[{"embeddable":true,"href":"https:\/\/www.cordobatimes.com\/showup\/wp-json\/wp\/v2\/comments?post=65962"}],"version-history":[{"count":0,"href":"https:\/\/www.cordobatimes.com\/showup\/wp-json\/wp\/v2\/posts\/65962\/revisions"}],"wp:featuredmedia":[{"embeddable":true,"href":"https:\/\/www.cordobatimes.com\/showup\/wp-json\/wp\/v2\/media\/65963"}],"wp:attachment":[{"href":"https:\/\/www.cordobatimes.com\/showup\/wp-json\/wp\/v2\/media?parent=65962"}],"wp:term":[{"taxonomy":"category","embeddable":true,"href":"https:\/\/www.cordobatimes.com\/showup\/wp-json\/wp\/v2\/categories?post=65962"},{"taxonomy":"post_tag","embeddable":true,"href":"https:\/\/www.cordobatimes.com\/showup\/wp-json\/wp\/v2\/tags?post=65962"}],"curies":[{"name":"wp","href":"https:\/\/api.w.org\/{rel}","templated":true}]}}