{"id":65901,"date":"2019-08-10T11:19:53","date_gmt":"2019-08-10T14:19:53","guid":{"rendered":"https:\/\/www.cordobatimes.com\/showup\/?p=65901"},"modified":"2019-08-10T11:19:53","modified_gmt":"2019-08-10T14:19:53","slug":"los-nominados-a-los-premios-sur-2019","status":"publish","type":"post","link":"https:\/\/www.cordobatimes.com\/showup\/cine-y-series\/2019\/08\/10\/los-nominados-a-los-premios-sur-2019\/","title":{"rendered":"Los nominados a los premios Sur 2019"},"content":{"rendered":"<h3><strong>La Academia de Artes y Ciencias Cinematogr\u00e1ficas de Argentina dio a conocer\u00a0 las producciones que competir\u00e1n en la ceremonia.<\/strong><\/h3>\n<p>La Academia de las Artes y Ciencias Cinematogr\u00e1ficas de la Argentina dio a conocer\u00a0la lista de nominados que compiten en los\u00a0premios Sur 2019.\u00a0El \u00c1ngel, la pel\u00edcula de\u00a0Luis Ortega\u00a0inspirada en la vida de\u00a0Carlos Robledo Puch,\u00a0est\u00e1 ternada en 13 categor\u00edas y se perfila como la favorita.<\/p>\n<p>El filme est\u00e1 nominado en las categor\u00edas Direcci\u00f3n, Actor protag\u00f3nico (Chino Dar\u00edn), Actriz de reparto (Mercedes Mor\u00e1n), Actor de reparto (Daniel Fanego), Revelaci\u00f3n masculina (Lorenzo Ferro), Gui\u00f3n original, Direcci\u00f3n de arte, Vestuario, Maquillaje, Fotograf\u00eda, Sonido y Monataje. Adem\u00e1s, compite por el galard\u00f3n m\u00e1s importante: el de Mejor pel\u00edcula.<\/p>\n<p>En el segundo lugar aparece\u00a0Rojo, el\u00a0multipremiado filme de\u00a0Benjam\u00edn Naishtat, que lleg\u00f3 a las diez nominaciones:\u00a0Mejor pel\u00edcula,\u00a0Direcci\u00f3n, Actor protag\u00f3nico\u00a0(Dar\u00edo Grandinetti), Gui\u00f3n original, Vestuario, Sonido, Montaje.<\/p>\n<p>Un poco m\u00e1s atr\u00e1s aparecen\u00a0las \u00f3peras primas\u00a0El amor menos pensado, de\u00a0Juan Vera, que recibi\u00f3 seis candidaturas; y\u00a0El motoarrebatador, del tucumano\u00a0Agust\u00edn Toscano, que se qued\u00f3 con cinco.<\/p>\n<p>Como Mejor pel\u00edcula, la Academia, que est\u00e1 integrada por directores, actores, productores, vestuaristas, guionistas y fot\u00f3grafos, entre otros,\u00a0postul\u00f3 a\u00a0El Angel;\u00a0Rojo;\u00a0Joel, de Carlos Sor\u00edn, y\u00a0La noche de 12 a\u00f1os, de \u00c1lvaro Brechner.<\/p>\n<div class=\"row pb-content-type-text\">\n<div class=\"col-xs-12 col-print-12\">\n<p class=\"element element-paragraph\">A continuaci\u00f3n,\u00a0<strong>la lista completa de nominados de los premios Sur 2019<\/strong>:<\/p>\n<\/div>\n<\/div>\n<div class=\"row pb-content-type-text\">\n<div class=\"col-xs-12 col-print-12\">\n<p class=\"element element-paragraph\"><strong>Mejor Pel\u00edcula<br \/>\n<\/strong><em>El \u00c1ngel<\/em>, de Luis Ortega<br \/>\n<em>Joel<\/em>, de Carlos Sor\u00edn<br \/>\n<em>La noche de 12 a\u00f1os<\/em>, de Alvaro Brechner<br \/>\n<em>Rojo<\/em>, de Benjam\u00edn Naishtat<\/p>\n<\/div>\n<\/div>\n<div class=\"row pb-content-type-text\">\n<div class=\"col-xs-12 col-print-12\">\n<p class=\"element element-paragraph\"><strong>Mejor Direcci\u00f3n<br \/>\n<\/strong>Luis Ortega (<em>El \u00c1ngel<\/em>)<br \/>\nAgust\u00edn Toscano (<em>El Motoarrebatador<\/em>)<br \/>\nAlvaro Brechner (<em>La noche de 12 a\u00f1os<\/em>)<br \/>\nBenjam\u00edn Naishtat (<em>Rojo<\/em>)<\/p>\n<\/div>\n<\/div>\n<div class=\"row pb-content-type-text\">\n<div class=\"col-xs-12 col-print-12\">\n<p class=\"element element-paragraph\"><strong>Mejor Actriz Protag\u00f3nica<br \/>\n<\/strong>Antonella Costa (<em>Dry Martina<\/em>)<br \/>\nLiliana Ju\u00e1rez (<em>El Motoarrebatador<\/em>)<br \/>\nMercedes Mor\u00e1n (<em>Familia sumergida<\/em>)<br \/>\nMercedes Funes (<em>Yo soy as\u00ed, Tita de Buenos Aires<\/em>)<\/p>\n<\/div>\n<\/div>\n<div class=\"row pb-content-type-text\">\n<div class=\"col-xs-12 col-print-12\">\n<p class=\"element element-paragraph\"><strong>Mejor Actor Protag\u00f3nico<br \/>\n<\/strong>Chino Dar\u00edn (<em>El \u00c1ngel<\/em>)<br \/>\nMiguel \u00c1ngel Sol\u00e1 (<em>El \u00faltimo traje<\/em>)<br \/>\nDar\u00edo Grandinetti (<em>Rojo<\/em>)<br \/>\nLautaro Delgado (<em>Unidad XV<\/em>)<\/p>\n<\/div>\n<\/div>\n<div class=\"row pb-content-type-text\">\n<div class=\"col-xs-12 col-print-12\">\n<p class=\"element element-paragraph\"><strong>Mejor \u00d3pera Prima<br \/>\n<\/strong><em>El amor menos pensado<\/em>, de Juan Vera<br \/>\n<em>El motoarrebatador<\/em>, de Agust\u00edn Toscano<br \/>\n<em>La reina del miedo<\/em>, de Valeria Bertucelli y Fabiana Tiscornia<br \/>\n<em>Los corroboradores<\/em>, de Luis Bernardez<\/p>\n<\/div>\n<\/div>\n<div class=\"row pb-content-type-text\">\n<div class=\"col-xs-12 col-print-12\">\n<p class=\"element element-paragraph\"><strong>Mejor Documental<br \/>\n<\/strong><em>El camino de Santiago<\/em>, de Trist\u00e1n Bauer<br \/>\n<em>La boya<\/em>, de Fernando Spiner<br \/>\n<em>Las cin\u00e9philas<\/em>, de Mar\u00eda Alvarez<br \/>\n<em>Piazzolla: los a\u00f1os del tibur\u00f3n<\/em>, de Daniel Rosenfeld<\/p>\n<\/div>\n<\/div>\n<div class=\"row pb-content-type-text\">\n<div class=\"col-xs-12 col-print-12\">\n<p class=\"element element-paragraph\"><strong>Mejor Actriz de Reparto<br \/>\n<\/strong>In\u00e9s Est\u00e9vez (<em>Acusada<\/em>)<br \/>\nAndrea Politti (<em>El amor menos pensado<\/em>)<br \/>\nMercedes Mor\u00e1n (<em>El \u00c1ngel<\/em>)<br \/>\nAndrea Frigerio (<em>Rojo<\/em>)<\/p>\n<\/div>\n<\/div>\n<div class=\"row pb-content-type-text\">\n<div class=\"col-xs-12 col-print-12\">\n<p class=\"element element-paragraph\"><strong>Mejor Actor de Reparto<br \/>\n<\/strong>Luis Rubio (<em>El amor menos pensado<\/em>)<br \/>\nDaniel Fanego (<em>El \u00c1ngel<\/em>)<br \/>\nClaudio Mart\u00ednez Bel (<em>Rojo<\/em>)<br \/>\nDiego Cremonesi (<em>Rojo<\/em>)<\/p>\n<\/div>\n<\/div>\n<div class=\"row pb-content-type-text\">\n<div class=\"col-xs-12 col-print-12\">\n<p class=\"element element-paragraph\"><strong>Revelaci\u00f3n Femenina<br \/>\n<\/strong>Camila Plaate (<em>El motoarrebatador<\/em>)<br \/>\nMora Arenillas (<em>Invisible<\/em>)<br \/>\nSandra Sandrini (<em>La cama<\/em>)<br \/>\nMercedes Funes (<em>Yo soy as\u00ed, Tita de Buenos Aires<\/em>)<\/p>\n<\/div>\n<\/div>\n<div class=\"row pb-content-type-text\">\n<div class=\"col-xs-12 col-print-12\">\n<p class=\"element element-paragraph\"><strong>Revelaci\u00f3n Masculina<br \/>\n<\/strong>Lorenzo Ferro (<em>El \u00c1ngel<\/em>)<br \/>\nJoel Noguera (<em>Joel<\/em>)<br \/>\nAlejo Mango (<em>La cama<\/em>)<br \/>\nWalter Rodr\u00edguez (<em>Marilyn<\/em>)<\/p>\n<\/div>\n<\/div>\n<div class=\"row pb-content-type-text\">\n<div class=\"col-xs-12 col-print-12\">\n<p class=\"element element-paragraph\"><strong>Mejor Gui\u00f3n Original<br \/>\n<\/strong>Juan Vera y Daniel C\u00faparo (<em>El amor menos pensado<\/em>)<br \/>\nLuis Ortega, Rodolfo Palacios y Seguio Olguin (<em>El \u00c1ngel<\/em>)<br \/>\nAgust\u00edn Toscano (<em>El motoarrebatador<\/em>)<br \/>\nBenjam\u00edn Naishtat (<em>Rojo<\/em>)<\/p>\n<\/div>\n<\/div>\n<div class=\"row pb-content-type-text\">\n<div class=\"col-xs-12 col-print-12\">\n<p class=\"element element-paragraph\"><strong>Mejor Gui\u00f3n Adaptado<br \/>\n<\/strong>Nicol\u00e1s Gil Lavedra y Emiliano Torres (<em>Las grietas de Jara<\/em>)<br \/>\nAlvaro Brechner (<em>La noche de 12 a\u00f1os<\/em>)<br \/>\nFernanda Ribeiz (<em>Natacha, la pel\u00edcula<\/em>)<br \/>\nAndr\u00e9s Aloi y Martino Zaidelis (<em>Re Loca<\/em>)<\/p>\n<\/div>\n<\/div>\n<div class=\"row pb-content-type-text\">\n<div class=\"col-xs-12 col-print-12\">\n<p class=\"element element-paragraph\"><strong>Mejor Direcci\u00f3n Arte<\/strong><br \/>\nMercedes Alfons\u00edn (<em>El amor menos pensado<\/em>)<br \/>\nJulia Freid (<em>El \u00c1ngel<\/em>)<br \/>\nMariela R\u00edpodas (<em>Familia sumergida<\/em>)<br \/>\nLaura Musso (<em>La noche de 12 a\u00f1os<\/em>)<\/p>\n<\/div>\n<\/div>\n<div class=\"row pb-content-type-text\">\n<div class=\"col-xs-12 col-print-12\">\n<p class=\"element element-paragraph\"><strong>Mejor Dise\u00f1o de Vestuario<\/strong><br \/>\nM\u00f3nica Toschi (<em>El amor menos pensado<\/em>)<br \/>\nJulio Su\u00e1rez (<em>El \u00c1ngel<\/em>)<br \/>\nMotse Sancho (<em>El \u00faltimo traje<\/em>)<br \/>\nJam Monti (<em>Rojo<\/em>)<\/p>\n<\/div>\n<\/div>\n<div class=\"row pb-content-type-text\">\n<div class=\"col-xs-12 col-print-12\">\n<p class=\"element element-paragraph\"><strong>Mejor Maquillaje y Caracterizaci\u00f3n<br \/>\n<\/strong>Alberto Moccia (<em>Animal<\/em>)<br \/>\nMarcos Berta (<em>Aterrados<\/em>)<br \/>\nMarisa Amenta (<em>El \u00c1ngel<\/em>)<br \/>\nAlmudena Fonseca (<em>La noche de 12 a\u00f1os<\/em>)<\/p>\n<\/div>\n<\/div>\n<div class=\"row pb-content-type-text\">\n<div class=\"col-xs-12 col-print-12\">\n<p class=\"element element-paragraph\"><strong>Mejor Fotograf\u00eda<br \/>\n<\/strong>Javier Juli\u00e1 (<em>Animal<\/em>)<br \/>\nJuli\u00e1n Apeztegu\u00eda (<em>El \u00c1ngel<\/em>)<br \/>\nIv\u00e1n Gierasinchuck (<em>Joel<\/em>)<br \/>\nHugo Colace (<em>Yo soy as\u00ed, Tita de Buenos Aires<\/em>)<\/p>\n<\/div>\n<\/div>\n<div class=\"row pb-content-type-text\">\n<div class=\"col-xs-12 col-print-12\">\n<p class=\"element element-paragraph\"><strong>Mejor Sonido<br \/>\n<\/strong>Guido Berenblum (<em>Acusada<\/em>)<br \/>\nJos\u00e9 Luis D\u00edaz (<em>El \u00c1ngel<\/em>)<br \/>\nFernando Ribero (<em>Rojo<\/em>)<br \/>\nJorge Stavr\u00f3pulos (<em>Te esperar\u00e9<\/em>)<\/p>\n<\/div>\n<\/div>\n<div class=\"row pb-content-type-text\">\n<div class=\"col-xs-12 col-print-12\">\n<p class=\"element element-paragraph\"><strong>Mejor Montaje<br \/>\n<\/strong>Guillermo Gatti (<em>El \u00c1ngel<\/em>)<br \/>\nAnabela Lattanzio (<em>Mi obra maestra<\/em>)<br \/>\nAlejandro Carrillo Penovi (<em>Piazzolla: los a\u00f1os del tibur\u00f3n<\/em>)<br \/>\nAndr\u00e9s Quaranta (<em>Rojo<\/em>)<\/p>\n<\/div>\n<\/div>\n<div class=\"row pb-content-type-text\">\n<div class=\"col-xs-12 col-print-12\">\n<p class=\"element element-paragraph\"><strong>Mejor M\u00fasica Original<br \/>\n<\/strong>Pedro Onetto (<em>Animal<\/em>)<br \/>\nGabriel Fern\u00e1ndez Capello (<em>La reina del miedo<\/em>)<br \/>\nEmilio Kauderer y Alejandro Kauderer (<em>Mi obra maestra<\/em>)<br \/>\nPablo Borghi (<em>No llores por m\u00ed, Inglaterra<\/em>)<\/p>\n<\/div>\n<\/div>\n<div class=\"row pb-content-type-text\">\n<div class=\"col-xs-12 col-print-12\"><\/div>\n<\/div>\n","protected":false},"excerpt":{"rendered":"<p>La Academia de Artes y Ciencias Cinematogr\u00e1ficas de Argentina dio a conocer\u00a0 las producciones que competir\u00e1n en la ceremonia. La Academia de las Artes y Ciencias Cinematogr\u00e1ficas de la Argentina dio a conocer\u00a0la lista de nominados que compiten en los\u00a0premios Sur 2019.\u00a0El \u00c1ngel, la pel\u00edcula de\u00a0Luis Ortega\u00a0inspirada en la vida de\u00a0Carlos Robledo Puch,\u00a0est\u00e1 ternada en [&hellip;]<\/p>\n","protected":false},"author":1,"featured_media":65902,"comment_status":"closed","ping_status":"closed","sticky":false,"template":"","format":"standard","meta":{"_seopress_robots_primary_cat":"","_seopress_titles_title":"","_seopress_titles_desc":"","_seopress_robots_index":"","footnotes":""},"categories":[3],"tags":[24260,24261],"class_list":{"0":"post-65901","1":"post","2":"type-post","3":"status-publish","4":"format-standard","5":"has-post-thumbnail","7":"category-cine-y-series","8":"tag-premios-sur-2019","9":"tag-premios-sur-2019-nominados"},"_links":{"self":[{"href":"https:\/\/www.cordobatimes.com\/showup\/wp-json\/wp\/v2\/posts\/65901","targetHints":{"allow":["GET"]}}],"collection":[{"href":"https:\/\/www.cordobatimes.com\/showup\/wp-json\/wp\/v2\/posts"}],"about":[{"href":"https:\/\/www.cordobatimes.com\/showup\/wp-json\/wp\/v2\/types\/post"}],"author":[{"embeddable":true,"href":"https:\/\/www.cordobatimes.com\/showup\/wp-json\/wp\/v2\/users\/1"}],"replies":[{"embeddable":true,"href":"https:\/\/www.cordobatimes.com\/showup\/wp-json\/wp\/v2\/comments?post=65901"}],"version-history":[{"count":0,"href":"https:\/\/www.cordobatimes.com\/showup\/wp-json\/wp\/v2\/posts\/65901\/revisions"}],"wp:featuredmedia":[{"embeddable":true,"href":"https:\/\/www.cordobatimes.com\/showup\/wp-json\/wp\/v2\/media\/65902"}],"wp:attachment":[{"href":"https:\/\/www.cordobatimes.com\/showup\/wp-json\/wp\/v2\/media?parent=65901"}],"wp:term":[{"taxonomy":"category","embeddable":true,"href":"https:\/\/www.cordobatimes.com\/showup\/wp-json\/wp\/v2\/categories?post=65901"},{"taxonomy":"post_tag","embeddable":true,"href":"https:\/\/www.cordobatimes.com\/showup\/wp-json\/wp\/v2\/tags?post=65901"}],"curies":[{"name":"wp","href":"https:\/\/api.w.org\/{rel}","templated":true}]}}