{"id":65871,"date":"2019-08-09T13:18:26","date_gmt":"2019-08-09T16:18:26","guid":{"rendered":"https:\/\/www.cordobatimes.com\/showup\/?p=65871"},"modified":"2019-08-09T13:37:12","modified_gmt":"2019-08-09T16:37:12","slug":"los-looks-de-la-alfombra-roja-de-los-international-emmy-awards","status":"publish","type":"post","link":"https:\/\/www.cordobatimes.com\/showup\/moda-y-estilos\/2019\/08\/09\/los-looks-de-la-alfombra-roja-de-los-international-emmy-awards\/","title":{"rendered":"Los looks de la alfombra roja de los International Emmy Awards"},"content":{"rendered":"<h3><strong>La selecci\u00f3n de los Emmy\u2019s en Argentina\u00a0 fue transmitida por Telemundo.<\/strong><\/h3>\n<p><img alt=\"\" loading=\"lazy\" decoding=\"async\" class=\"alignnone size-full wp-image-65873\" src=\"https:\/\/www.cordobatimes.com\/showup\/wp-content\/uploads\/2019\/08\/Nombre1.jpg\" alt=\"\" width=\"342\" height=\"592\" srcset=\"https:\/\/www.cordobatimes.com\/showup\/wp-content\/uploads\/2019\/08\/Nombre1.jpg 342w, https:\/\/www.cordobatimes.com\/showup\/wp-content\/uploads\/2019\/08\/Nombre1-243x420.jpg 243w\" sizes=\"auto, (max-width: 342px) 100vw, 342px\" \/><\/p>\n<p>Flor de la V<\/p>\n<p>&nbsp;<\/p>\n<p><img alt=\"\" loading=\"lazy\" decoding=\"async\" class=\"alignnone size-full wp-image-65875\" src=\"https:\/\/www.cordobatimes.com\/showup\/wp-content\/uploads\/2019\/08\/545222.jpg\" alt=\"\" width=\"312\" height=\"490\" srcset=\"https:\/\/www.cordobatimes.com\/showup\/wp-content\/uploads\/2019\/08\/545222.jpg 312w, https:\/\/www.cordobatimes.com\/showup\/wp-content\/uploads\/2019\/08\/545222-267x420.jpg 267w\" sizes=\"auto, (max-width: 312px) 100vw, 312px\" \/><\/p>\n<p>P\u00eda Slapka<\/p>\n<p><img alt=\"\" loading=\"lazy\" decoding=\"async\" class=\"alignnone size-full wp-image-65876\" src=\"https:\/\/www.cordobatimes.com\/showup\/wp-content\/uploads\/2019\/08\/2252.jpg\" alt=\"\" width=\"408\" height=\"562\" srcset=\"https:\/\/www.cordobatimes.com\/showup\/wp-content\/uploads\/2019\/08\/2252.jpg 408w, https:\/\/www.cordobatimes.com\/showup\/wp-content\/uploads\/2019\/08\/2252-305x420.jpg 305w\" sizes=\"auto, (max-width: 408px) 100vw, 408px\" \/><\/p>\n<p>Dalma Maradona<\/p>\n<p><img alt=\"\" loading=\"lazy\" decoding=\"async\" class=\"alignnone size-full wp-image-65877\" src=\"https:\/\/www.cordobatimes.com\/showup\/wp-content\/uploads\/2019\/08\/22554.jpg\" alt=\"\" width=\"390\" height=\"541\" srcset=\"https:\/\/www.cordobatimes.com\/showup\/wp-content\/uploads\/2019\/08\/22554.jpg 390w, https:\/\/www.cordobatimes.com\/showup\/wp-content\/uploads\/2019\/08\/22554-303x420.jpg 303w\" sizes=\"auto, (max-width: 390px) 100vw, 390px\" \/><\/p>\n<p>Gast\u00f3n Soffritti y Nico Riera<\/p>\n<p><img alt=\"\" loading=\"lazy\" decoding=\"async\" class=\"alignnone size-full wp-image-65878\" src=\"https:\/\/www.cordobatimes.com\/showup\/wp-content\/uploads\/2019\/08\/1211.jpg\" alt=\"\" width=\"388\" height=\"565\" srcset=\"https:\/\/www.cordobatimes.com\/showup\/wp-content\/uploads\/2019\/08\/1211.jpg 388w, https:\/\/www.cordobatimes.com\/showup\/wp-content\/uploads\/2019\/08\/1211-288x420.jpg 288w\" sizes=\"auto, (max-width: 388px) 100vw, 388px\" \/><\/p>\n<p>Malena Solda<\/p>\n<p><img alt=\"\" loading=\"lazy\" decoding=\"async\" class=\"alignnone size-full wp-image-65879\" src=\"https:\/\/www.cordobatimes.com\/showup\/wp-content\/uploads\/2019\/08\/444.jpg\" alt=\"\" width=\"380\" height=\"566\" srcset=\"https:\/\/www.cordobatimes.com\/showup\/wp-content\/uploads\/2019\/08\/444.jpg 380w, https:\/\/www.cordobatimes.com\/showup\/wp-content\/uploads\/2019\/08\/444-282x420.jpg 282w\" sizes=\"auto, (max-width: 380px) 100vw, 380px\" \/><\/p>\n<p>Malena S\u00e1nchez<\/p>\n<p><img alt=\"\" loading=\"lazy\" decoding=\"async\" class=\"alignnone size-full wp-image-65880\" src=\"https:\/\/www.cordobatimes.com\/showup\/wp-content\/uploads\/2019\/08\/1212312.jpg\" alt=\"\" width=\"394\" height=\"562\" srcset=\"https:\/\/www.cordobatimes.com\/showup\/wp-content\/uploads\/2019\/08\/1212312.jpg 394w, https:\/\/www.cordobatimes.com\/showup\/wp-content\/uploads\/2019\/08\/1212312-294x420.jpg 294w\" sizes=\"auto, (max-width: 394px) 100vw, 394px\" \/><\/p>\n<p>Fernando Dente<\/p>\n<p><img alt=\"\" loading=\"lazy\" decoding=\"async\" class=\"alignnone size-full wp-image-65881\" src=\"https:\/\/www.cordobatimes.com\/showup\/wp-content\/uploads\/2019\/08\/111.jpg\" alt=\"\" width=\"399\" height=\"556\" srcset=\"https:\/\/www.cordobatimes.com\/showup\/wp-content\/uploads\/2019\/08\/111.jpg 399w, https:\/\/www.cordobatimes.com\/showup\/wp-content\/uploads\/2019\/08\/111-301x420.jpg 301w\" sizes=\"auto, (max-width: 399px) 100vw, 399px\" \/><\/p>\n<p>Brenda Asnicar, Gast\u00f3n Soffritti y Celeste Cid<\/p>\n<p><img alt=\"\" loading=\"lazy\" decoding=\"async\" class=\"alignnone size-full wp-image-65882\" src=\"https:\/\/www.cordobatimes.com\/showup\/wp-content\/uploads\/2019\/08\/22312.jpg\" alt=\"\" width=\"399\" height=\"555\" srcset=\"https:\/\/www.cordobatimes.com\/showup\/wp-content\/uploads\/2019\/08\/22312.jpg 399w, https:\/\/www.cordobatimes.com\/showup\/wp-content\/uploads\/2019\/08\/22312-302x420.jpg 302w\" sizes=\"auto, (max-width: 399px) 100vw, 399px\" \/><\/p>\n<p>Claudia Font\u00e1n<\/p>\n<p><img alt=\"\" loading=\"lazy\" decoding=\"async\" class=\"alignnone size-full wp-image-65883\" src=\"https:\/\/www.cordobatimes.com\/showup\/wp-content\/uploads\/2019\/08\/Nombre52121.jpg\" alt=\"\" width=\"376\" height=\"569\" srcset=\"https:\/\/www.cordobatimes.com\/showup\/wp-content\/uploads\/2019\/08\/Nombre52121.jpg 376w, https:\/\/www.cordobatimes.com\/showup\/wp-content\/uploads\/2019\/08\/Nombre52121-278x420.jpg 278w\" sizes=\"auto, (max-width: 376px) 100vw, 376px\" \/><\/p>\n<p>Diego Dom\u00ednguez<\/p>\n<p><img alt=\"\" loading=\"lazy\" decoding=\"async\" class=\"alignnone size-full wp-image-65884\" src=\"https:\/\/www.cordobatimes.com\/showup\/wp-content\/uploads\/2019\/08\/1211211.jpg\" alt=\"\" width=\"388\" height=\"565\" srcset=\"https:\/\/www.cordobatimes.com\/showup\/wp-content\/uploads\/2019\/08\/1211211.jpg 388w, https:\/\/www.cordobatimes.com\/showup\/wp-content\/uploads\/2019\/08\/1211211-288x420.jpg 288w\" sizes=\"auto, (max-width: 388px) 100vw, 388px\" \/><\/p>\n<p>German \u201cTripa\u201d Tripel<\/p>\n<p>&nbsp;<\/p>\n<p><img alt=\"\" loading=\"lazy\" decoding=\"async\" class=\"alignnone size-full wp-image-65885\" src=\"https:\/\/www.cordobatimes.com\/showup\/wp-content\/uploads\/2019\/08\/656.jpg\" alt=\"\" width=\"394\" height=\"566\" srcset=\"https:\/\/www.cordobatimes.com\/showup\/wp-content\/uploads\/2019\/08\/656.jpg 394w, https:\/\/www.cordobatimes.com\/showup\/wp-content\/uploads\/2019\/08\/656-292x420.jpg 292w\" sizes=\"auto, (max-width: 394px) 100vw, 394px\" \/><\/p>\n<p>Guillermina Valdez<\/p>\n<p><img alt=\"\" loading=\"lazy\" decoding=\"async\" class=\"alignnone size-full wp-image-65886\" src=\"https:\/\/www.cordobatimes.com\/showup\/wp-content\/uploads\/2019\/08\/124545.jpg\" alt=\"\" width=\"419\" height=\"569\" srcset=\"https:\/\/www.cordobatimes.com\/showup\/wp-content\/uploads\/2019\/08\/124545.jpg 419w, https:\/\/www.cordobatimes.com\/showup\/wp-content\/uploads\/2019\/08\/124545-309x420.jpg 309w\" sizes=\"auto, (max-width: 419px) 100vw, 419px\" \/><\/p>\n<p>Brenda Asnicar<\/p>\n<p><img alt=\"\" loading=\"lazy\" decoding=\"async\" class=\"alignnone size-full wp-image-65887\" src=\"https:\/\/www.cordobatimes.com\/showup\/wp-content\/uploads\/2019\/08\/456.jpg\" alt=\"\" width=\"394\" height=\"565\" srcset=\"https:\/\/www.cordobatimes.com\/showup\/wp-content\/uploads\/2019\/08\/456.jpg 394w, https:\/\/www.cordobatimes.com\/showup\/wp-content\/uploads\/2019\/08\/456-293x420.jpg 293w\" sizes=\"auto, (max-width: 394px) 100vw, 394px\" \/><\/p>\n<p>Axel<\/p>\n","protected":false},"excerpt":{"rendered":"<p>La selecci\u00f3n de los Emmy\u2019s en Argentina\u00a0 fue transmitida por Telemundo. Flor de la V &nbsp; P\u00eda Slapka Dalma Maradona Gast\u00f3n Soffritti y Nico Riera Malena Solda Malena S\u00e1nchez Fernando Dente Brenda Asnicar, Gast\u00f3n Soffritti y Celeste Cid Claudia Font\u00e1n Diego Dom\u00ednguez German \u201cTripa\u201d Tripel &nbsp; Guillermina Valdez Brenda Asnicar Axel<\/p>\n","protected":false},"author":1,"featured_media":65889,"comment_status":"closed","ping_status":"closed","sticky":false,"template":"","format":"standard","meta":{"_seopress_robots_primary_cat":"","_seopress_titles_title":"","_seopress_titles_desc":"","_seopress_robots_index":"","footnotes":""},"categories":[228],"tags":[24255,24256],"class_list":{"0":"post-65871","1":"post","2":"type-post","3":"status-publish","4":"format-standard","5":"has-post-thumbnail","7":"category-moda-y-estilos","8":"tag-alfombra-roja-de-los-international-emmy-awards","9":"tag-international-emmy-awards"},"_links":{"self":[{"href":"https:\/\/www.cordobatimes.com\/showup\/wp-json\/wp\/v2\/posts\/65871","targetHints":{"allow":["GET"]}}],"collection":[{"href":"https:\/\/www.cordobatimes.com\/showup\/wp-json\/wp\/v2\/posts"}],"about":[{"href":"https:\/\/www.cordobatimes.com\/showup\/wp-json\/wp\/v2\/types\/post"}],"author":[{"embeddable":true,"href":"https:\/\/www.cordobatimes.com\/showup\/wp-json\/wp\/v2\/users\/1"}],"replies":[{"embeddable":true,"href":"https:\/\/www.cordobatimes.com\/showup\/wp-json\/wp\/v2\/comments?post=65871"}],"version-history":[{"count":0,"href":"https:\/\/www.cordobatimes.com\/showup\/wp-json\/wp\/v2\/posts\/65871\/revisions"}],"wp:featuredmedia":[{"embeddable":true,"href":"https:\/\/www.cordobatimes.com\/showup\/wp-json\/wp\/v2\/media\/65889"}],"wp:attachment":[{"href":"https:\/\/www.cordobatimes.com\/showup\/wp-json\/wp\/v2\/media?parent=65871"}],"wp:term":[{"taxonomy":"category","embeddable":true,"href":"https:\/\/www.cordobatimes.com\/showup\/wp-json\/wp\/v2\/categories?post=65871"},{"taxonomy":"post_tag","embeddable":true,"href":"https:\/\/www.cordobatimes.com\/showup\/wp-json\/wp\/v2\/tags?post=65871"}],"curies":[{"name":"wp","href":"https:\/\/api.w.org\/{rel}","templated":true}]}}