{"id":65868,"date":"2019-08-09T10:57:23","date_gmt":"2019-08-09T13:57:23","guid":{"rendered":"https:\/\/www.cordobatimes.com\/showup\/?p=65868"},"modified":"2019-08-09T10:57:23","modified_gmt":"2019-08-09T13:57:23","slug":"ya-salio-el-video-de-ed-sheeran-y-paulo-londra","status":"publish","type":"post","link":"https:\/\/www.cordobatimes.com\/showup\/musica\/2019\/08\/09\/ya-salio-el-video-de-ed-sheeran-y-paulo-londra\/","title":{"rendered":"Ya sali\u00f3 el video de Ed Sheeran y Paulo Londra"},"content":{"rendered":"<h3><strong>A pocos d\u00edas de que se presentara su colaboraci\u00f3n en el tema Nothing on you, publicaron\u00a0 el video oficial.<\/strong><\/h3>\n<p>Ya\u00a0 sali\u00f3 publicado el clip oficial del tema que Paulo Londra grab\u00f3 con Ed Sheeran y Dave.<\/p>\n<p>El trapero cordob\u00e9s\u00a0hab\u00eda viajado a la ciudad de Londres\u00a0d\u00edas despu\u00e9s de la publicaci\u00f3n\u00a0de su colaboraci\u00f3n con el cantante brit\u00e1nico\u00a0y aprovech\u00f3 para grabar el video oficial de\u00a0Nothing on you.<\/p>\n<p>En el clip estrenado en la noche del jueves (hora argentina) se puede ver al cordob\u00e9s junto al m\u00fasico brit\u00e1nico y al rapero Dave pedalear por las calles vac\u00edas de lo que podr\u00eda ser las afueras de Londres.<\/p>\n<p>Los tres hacen de las suyas en el tema n\u00famero once de su \u00faltimo trabajo discogr\u00e1fico llamado\u00a0No. 6 Collaborations Project\u00a0en donde comparte canciones con Camila Cabello y Justin Bieber, entre muchos otros.<\/p>\n<p><iframe loading=\"lazy\" src=\"https:\/\/www.youtube.com\/embed\/IOOcbIyoW_0\" width=\"560\" height=\"315\" frameborder=\"0\" allowfullscreen=\"allowfullscreen\"><\/iframe><\/p>\n","protected":false},"excerpt":{"rendered":"<p>A pocos d\u00edas de que se presentara su colaboraci\u00f3n en el tema Nothing on you, publicaron\u00a0 el video oficial. Ya\u00a0 sali\u00f3 publicado el clip oficial del tema que Paulo Londra grab\u00f3 con Ed Sheeran y Dave. El trapero cordob\u00e9s\u00a0hab\u00eda viajado a la ciudad de Londres\u00a0d\u00edas despu\u00e9s de la publicaci\u00f3n\u00a0de su colaboraci\u00f3n con el cantante brit\u00e1nico\u00a0y [&hellip;]<\/p>\n","protected":false},"author":1,"featured_media":65869,"comment_status":"closed","ping_status":"closed","sticky":false,"template":"","format":"standard","meta":{"_seopress_robots_primary_cat":"","_seopress_titles_title":"","_seopress_titles_desc":"","_seopress_robots_index":"","footnotes":""},"categories":[5],"tags":[24253,24254],"class_list":{"0":"post-65868","1":"post","2":"type-post","3":"status-publish","4":"format-standard","5":"has-post-thumbnail","7":"category-musica","8":"tag-ed-sheeran-y-paulo-londra","9":"tag-nothing-on-you"},"_links":{"self":[{"href":"https:\/\/www.cordobatimes.com\/showup\/wp-json\/wp\/v2\/posts\/65868","targetHints":{"allow":["GET"]}}],"collection":[{"href":"https:\/\/www.cordobatimes.com\/showup\/wp-json\/wp\/v2\/posts"}],"about":[{"href":"https:\/\/www.cordobatimes.com\/showup\/wp-json\/wp\/v2\/types\/post"}],"author":[{"embeddable":true,"href":"https:\/\/www.cordobatimes.com\/showup\/wp-json\/wp\/v2\/users\/1"}],"replies":[{"embeddable":true,"href":"https:\/\/www.cordobatimes.com\/showup\/wp-json\/wp\/v2\/comments?post=65868"}],"version-history":[{"count":0,"href":"https:\/\/www.cordobatimes.com\/showup\/wp-json\/wp\/v2\/posts\/65868\/revisions"}],"wp:featuredmedia":[{"embeddable":true,"href":"https:\/\/www.cordobatimes.com\/showup\/wp-json\/wp\/v2\/media\/65869"}],"wp:attachment":[{"href":"https:\/\/www.cordobatimes.com\/showup\/wp-json\/wp\/v2\/media?parent=65868"}],"wp:term":[{"taxonomy":"category","embeddable":true,"href":"https:\/\/www.cordobatimes.com\/showup\/wp-json\/wp\/v2\/categories?post=65868"},{"taxonomy":"post_tag","embeddable":true,"href":"https:\/\/www.cordobatimes.com\/showup\/wp-json\/wp\/v2\/tags?post=65868"}],"curies":[{"name":"wp","href":"https:\/\/api.w.org\/{rel}","templated":true}]}}