{"id":65842,"date":"2019-08-06T19:13:25","date_gmt":"2019-08-06T22:13:25","guid":{"rendered":"https:\/\/www.cordobatimes.com\/showup\/?p=65842"},"modified":"2019-08-06T19:13:25","modified_gmt":"2019-08-06T22:13:25","slug":"martin-fierro-de-la-moda-2019-la-gala-ya-tiene-fecha-y-lugar","status":"publish","type":"post","link":"https:\/\/www.cordobatimes.com\/showup\/moda-y-estilos\/2019\/08\/06\/martin-fierro-de-la-moda-2019-la-gala-ya-tiene-fecha-y-lugar\/","title":{"rendered":"Mart\u00edn Fierro de la Moda 2019: la gala ya tiene fecha y lugar"},"content":{"rendered":"<h3><strong>(APTRA) por primera vez lanzar\u00e1 los Mart\u00edn Fierro de la Moda 2019 para premiar el estilo y el look de actrices, actores, conductores, realizadores y protagonistas de los medios de comunicaci\u00f3n.<\/strong><\/h3>\n<p>Ahora la alfombra roja ser\u00e1 definitivamente la verdadera protagonista de la noche del\u00a016 de octubre, en el imponente marco del\u00a0Tattersall\u00a0de Palermo. All\u00ed se celebrar\u00e1 la primera edici\u00f3n de\u00a0Los Mart\u00edn Fierro de la Moda 2019<\/p>\n<p>La Asociaci\u00f3n de Periodistas de la Televisi\u00f3n y Radiofon\u00eda de la Argentina (APTRA ) con creatividad y atento a lo que al p\u00fablico le interesa, presenta esta nueva versi\u00f3n de los cl\u00e1sicos premios. Con ternas nuevas y originales y un jurado de notables vinculado el mundo de la moda y el dise\u00f1o, premiar\u00e1n a los mejores estilos de las principales figuras de los medios de comunicaci\u00f3n masivos del pa\u00eds.<\/p>\n<p>El periodista Luis Ventura y presidente de APTRA ya hab\u00eda anunciado que la noche elegida ser\u00e1 la del pr\u00f3ximo 16 de octubre, muy cerca de las elecciones generales del 30,\u00a0 para celebrar la primera edici\u00f3n de los\u00a0Mart\u00edn Fierro de la Moda,\u00a0 y\u00a0premiar all\u00ed a los mejores estilos y dise\u00f1adores del pa\u00eds en una noche que promete ser \u00fanica y con sorpresas.<\/p>\n<p>El primer galard\u00f3n de moda en los medios buscar\u00e1 reconocer el arte, la creatividad y el dise\u00f1o de los talentos de la industria de la moda argentina, como tambi\u00e9n a los periodistas y conductores que saben lucir un estilo e impronta propia.<\/p>\n<p>Con una gala de nivel internacional, esta edici\u00f3n contar\u00e1 con una sorprendente y enorme pasarela-alfombra roja que comenzar\u00e1 en la avenida del Libertador, seguido por dos salones vip exclusivos durante toda la ceremonia. La entrega de premios se realizar\u00e1 en formato auditorio, con un escenario rodeado de pantallas Led de \u00faltima generaci\u00f3n. Se conectar\u00e1 a una pasarela de 5 metros de largo, que permitir\u00e1 a cada ganador lucir su\u00a0look\u00a0una vez recibido su premio.<\/p>\n<p>Se incorporar\u00e1 por primera vez a la votaci\u00f3n de APTRA, un jurado de id\u00f3neos del mundo de la moda, entre los que se encuentran convocados editores de revistas, dise\u00f1adores y modelos de renombre que muy pronto se dar\u00e1n a conocer. Este jurado ser\u00e1 el encargado de votar en ternas exclusivamente pensadas para el nicho de la moda, que tambi\u00e9n pr\u00f3ximamente se anunciar\u00e1.<\/p>\n","protected":false},"excerpt":{"rendered":"<p>(APTRA) por primera vez lanzar\u00e1 los Mart\u00edn Fierro de la Moda 2019 para premiar el estilo y el look de actrices, actores, conductores, realizadores y protagonistas de los medios de comunicaci\u00f3n. Ahora la alfombra roja ser\u00e1 definitivamente la verdadera protagonista de la noche del\u00a016 de octubre, en el imponente marco del\u00a0Tattersall\u00a0de Palermo. All\u00ed se celebrar\u00e1 [&hellip;]<\/p>\n","protected":false},"author":1,"featured_media":65843,"comment_status":"closed","ping_status":"closed","sticky":false,"template":"","format":"standard","meta":{"_seopress_robots_primary_cat":"","_seopress_titles_title":"","_seopress_titles_desc":"","_seopress_robots_index":"","footnotes":""},"categories":[228],"tags":[24241,24242],"class_list":{"0":"post-65842","1":"post","2":"type-post","3":"status-publish","4":"format-standard","5":"has-post-thumbnail","7":"category-moda-y-estilos","8":"tag-martin-fierro-de-la-moda","9":"tag-martin-fierro-moda-2019"},"_links":{"self":[{"href":"https:\/\/www.cordobatimes.com\/showup\/wp-json\/wp\/v2\/posts\/65842","targetHints":{"allow":["GET"]}}],"collection":[{"href":"https:\/\/www.cordobatimes.com\/showup\/wp-json\/wp\/v2\/posts"}],"about":[{"href":"https:\/\/www.cordobatimes.com\/showup\/wp-json\/wp\/v2\/types\/post"}],"author":[{"embeddable":true,"href":"https:\/\/www.cordobatimes.com\/showup\/wp-json\/wp\/v2\/users\/1"}],"replies":[{"embeddable":true,"href":"https:\/\/www.cordobatimes.com\/showup\/wp-json\/wp\/v2\/comments?post=65842"}],"version-history":[{"count":0,"href":"https:\/\/www.cordobatimes.com\/showup\/wp-json\/wp\/v2\/posts\/65842\/revisions"}],"wp:featuredmedia":[{"embeddable":true,"href":"https:\/\/www.cordobatimes.com\/showup\/wp-json\/wp\/v2\/media\/65843"}],"wp:attachment":[{"href":"https:\/\/www.cordobatimes.com\/showup\/wp-json\/wp\/v2\/media?parent=65842"}],"wp:term":[{"taxonomy":"category","embeddable":true,"href":"https:\/\/www.cordobatimes.com\/showup\/wp-json\/wp\/v2\/categories?post=65842"},{"taxonomy":"post_tag","embeddable":true,"href":"https:\/\/www.cordobatimes.com\/showup\/wp-json\/wp\/v2\/tags?post=65842"}],"curies":[{"name":"wp","href":"https:\/\/api.w.org\/{rel}","templated":true}]}}