{"id":65831,"date":"2019-08-06T14:03:22","date_gmt":"2019-08-06T17:03:22","guid":{"rendered":"https:\/\/www.cordobatimes.com\/showup\/?p=65831"},"modified":"2019-08-06T14:03:22","modified_gmt":"2019-08-06T17:03:22","slug":"elite-2-netflix-anuncio-la-fecha-de-estreno","status":"publish","type":"post","link":"https:\/\/www.cordobatimes.com\/showup\/cine-y-series\/2019\/08\/06\/elite-2-netflix-anuncio-la-fecha-de-estreno\/","title":{"rendered":"\u201c\u00c9lite 2\u201d: Netflix anunci\u00f3 la fecha de estreno"},"content":{"rendered":"<h3><strong>La serie\u00a0 se convirti\u00f3 en un \u00e9xito y en pocos d\u00edas llegar\u00e1 la segunda temporada.\u00a0<\/strong><\/h3>\n<p>Tras su estreno en octubre del a\u00f1o pasado, \u00c9lite se convirti\u00f3 en un \u00e9xito. El p\u00fablico argentino tiene una marcada predilecci\u00f3n por las ficciones espa\u00f1olas y la serie sobre los alumnos de Las Encinas no fue la excepci\u00f3n.<\/p>\n<p>Como era de esperar, la buena recepci\u00f3n de la serie deriv\u00f3 en la confirmaci\u00f3n de una segunda temporada. Y este lunes\u00a0Netflix\u00a0revel\u00f3 la fecha de estreno y liber\u00f3 algunas im\u00e1genes como para ir calentando motores.<\/p>\n<p>\u201cUn nuevo a\u00f1o escolar ha comenzado en Las Encinas, trayendo estudiantes nuevos y antiguos. Aunque no les gustar\u00eda nada m\u00e1s que volver a la normalidad despu\u00e9s de la muerte de Marina, puede que resulte imposible ya que los secretos que llevan se convierten en una carga casi imposible de soportar\u201d, adelanta la sinopsis oficial de la segunda temporada, que\u00a0llegar\u00e1 a la plataforma el 6 de septiembre.<\/p>\n<p>Los nuevos cap\u00edtulos de\u00a0\u00c9lite\u00a0contar\u00e1n con las actuaciones de los ya conocidos Miguel Bernadeau (Guzm\u00e1n), Danna Paola (Lu), Itz\u00e1n Escamilla (Samuel), Jaime Lorente (Nano), Miguel Herran (Christian), Aron Piper (Ander), Omar Ayuso (Omar), Ester Exposito (Carla), Mina El Hammani (Nadia), \u00c1lvaro Rico (Polo). Debutan en la nueva temporada: Georgina Amoros (Cayetana), Claudia Salas (Rebeca) y Jorge Lopez (Valerio).<\/p>\n<p><img alt=\"\" loading=\"lazy\" decoding=\"async\" class=\"alignnone size-full wp-image-65833\" src=\"https:\/\/www.cordobatimes.com\/showup\/wp-content\/uploads\/2019\/08\/1_1565100536.jpg\" alt=\"\" width=\"1020\" height=\"560\" srcset=\"https:\/\/www.cordobatimes.com\/showup\/wp-content\/uploads\/2019\/08\/1_1565100536.jpg 1020w, https:\/\/www.cordobatimes.com\/showup\/wp-content\/uploads\/2019\/08\/1_1565100536-760x417.jpg 760w, https:\/\/www.cordobatimes.com\/showup\/wp-content\/uploads\/2019\/08\/1_1565100536-750x412.jpg 750w, https:\/\/www.cordobatimes.com\/showup\/wp-content\/uploads\/2019\/08\/1_1565100536-768x422.jpg 768w, https:\/\/www.cordobatimes.com\/showup\/wp-content\/uploads\/2019\/08\/1_1565100536-696x382.jpg 696w, https:\/\/www.cordobatimes.com\/showup\/wp-content\/uploads\/2019\/08\/1_1565100536-765x420.jpg 765w\" sizes=\"auto, (max-width: 1020px) 100vw, 1020px\" \/><\/p>\n<p><img alt=\"\" loading=\"lazy\" decoding=\"async\" class=\"alignnone size-full wp-image-65834\" src=\"https:\/\/www.cordobatimes.com\/showup\/wp-content\/uploads\/2019\/08\/2_1565100536.jpg\" alt=\"\" width=\"1020\" height=\"560\" srcset=\"https:\/\/www.cordobatimes.com\/showup\/wp-content\/uploads\/2019\/08\/2_1565100536.jpg 1020w, https:\/\/www.cordobatimes.com\/showup\/wp-content\/uploads\/2019\/08\/2_1565100536-760x417.jpg 760w, https:\/\/www.cordobatimes.com\/showup\/wp-content\/uploads\/2019\/08\/2_1565100536-750x412.jpg 750w, https:\/\/www.cordobatimes.com\/showup\/wp-content\/uploads\/2019\/08\/2_1565100536-768x422.jpg 768w, https:\/\/www.cordobatimes.com\/showup\/wp-content\/uploads\/2019\/08\/2_1565100536-696x382.jpg 696w, https:\/\/www.cordobatimes.com\/showup\/wp-content\/uploads\/2019\/08\/2_1565100536-765x420.jpg 765w\" sizes=\"auto, (max-width: 1020px) 100vw, 1020px\" \/> <img alt=\"\" loading=\"lazy\" decoding=\"async\" class=\"alignnone size-full wp-image-65835\" src=\"https:\/\/www.cordobatimes.com\/showup\/wp-content\/uploads\/2019\/08\/4_1565100536.jpg\" alt=\"\" width=\"1020\" height=\"560\" srcset=\"https:\/\/www.cordobatimes.com\/showup\/wp-content\/uploads\/2019\/08\/4_1565100536.jpg 1020w, https:\/\/www.cordobatimes.com\/showup\/wp-content\/uploads\/2019\/08\/4_1565100536-760x417.jpg 760w, https:\/\/www.cordobatimes.com\/showup\/wp-content\/uploads\/2019\/08\/4_1565100536-750x412.jpg 750w, https:\/\/www.cordobatimes.com\/showup\/wp-content\/uploads\/2019\/08\/4_1565100536-768x422.jpg 768w, https:\/\/www.cordobatimes.com\/showup\/wp-content\/uploads\/2019\/08\/4_1565100536-696x382.jpg 696w, https:\/\/www.cordobatimes.com\/showup\/wp-content\/uploads\/2019\/08\/4_1565100536-765x420.jpg 765w\" sizes=\"auto, (max-width: 1020px) 100vw, 1020px\" \/> <img alt=\"\" loading=\"lazy\" decoding=\"async\" class=\"alignnone size-full wp-image-65836\" src=\"https:\/\/www.cordobatimes.com\/showup\/wp-content\/uploads\/2019\/08\/5_1565100536.jpg\" alt=\"\" width=\"1020\" height=\"560\" srcset=\"https:\/\/www.cordobatimes.com\/showup\/wp-content\/uploads\/2019\/08\/5_1565100536.jpg 1020w, https:\/\/www.cordobatimes.com\/showup\/wp-content\/uploads\/2019\/08\/5_1565100536-760x417.jpg 760w, https:\/\/www.cordobatimes.com\/showup\/wp-content\/uploads\/2019\/08\/5_1565100536-750x412.jpg 750w, https:\/\/www.cordobatimes.com\/showup\/wp-content\/uploads\/2019\/08\/5_1565100536-768x422.jpg 768w, https:\/\/www.cordobatimes.com\/showup\/wp-content\/uploads\/2019\/08\/5_1565100536-696x382.jpg 696w, https:\/\/www.cordobatimes.com\/showup\/wp-content\/uploads\/2019\/08\/5_1565100536-765x420.jpg 765w\" sizes=\"auto, (max-width: 1020px) 100vw, 1020px\" \/> <img alt=\"\" loading=\"lazy\" decoding=\"async\" class=\"alignnone size-full wp-image-65837\" src=\"https:\/\/www.cordobatimes.com\/showup\/wp-content\/uploads\/2019\/08\/6_1565100536.jpg\" alt=\"\" width=\"1020\" height=\"560\" srcset=\"https:\/\/www.cordobatimes.com\/showup\/wp-content\/uploads\/2019\/08\/6_1565100536.jpg 1020w, https:\/\/www.cordobatimes.com\/showup\/wp-content\/uploads\/2019\/08\/6_1565100536-760x417.jpg 760w, https:\/\/www.cordobatimes.com\/showup\/wp-content\/uploads\/2019\/08\/6_1565100536-750x412.jpg 750w, https:\/\/www.cordobatimes.com\/showup\/wp-content\/uploads\/2019\/08\/6_1565100536-768x422.jpg 768w, https:\/\/www.cordobatimes.com\/showup\/wp-content\/uploads\/2019\/08\/6_1565100536-696x382.jpg 696w, https:\/\/www.cordobatimes.com\/showup\/wp-content\/uploads\/2019\/08\/6_1565100536-765x420.jpg 765w\" sizes=\"auto, (max-width: 1020px) 100vw, 1020px\" \/><\/p>\n<p><iframe loading=\"lazy\" src=\"https:\/\/api.vodgc.net\/player\/v2\/embed\/playerId\/1FMX3V1500998386\/contentId\/790140#amp=1\" frameborder=\"0\" allowfullscreen width=\"650\" height=\"390\" scrolling=\"no\"><\/iframe><\/p>\n","protected":false},"excerpt":{"rendered":"<p>La serie\u00a0 se convirti\u00f3 en un \u00e9xito y en pocos d\u00edas llegar\u00e1 la segunda temporada.\u00a0 Tras su estreno en octubre del a\u00f1o pasado, \u00c9lite se convirti\u00f3 en un \u00e9xito. El p\u00fablico argentino tiene una marcada predilecci\u00f3n por las ficciones espa\u00f1olas y la serie sobre los alumnos de Las Encinas no fue la excepci\u00f3n. Como era [&hellip;]<\/p>\n","protected":false},"author":1,"featured_media":65832,"comment_status":"closed","ping_status":"closed","sticky":false,"template":"","format":"standard","meta":{"_seopress_robots_primary_cat":"","_seopress_titles_title":"","_seopress_titles_desc":"","_seopress_robots_index":"","footnotes":""},"categories":[3],"tags":[24237,24238],"class_list":{"0":"post-65831","1":"post","2":"type-post","3":"status-publish","4":"format-standard","5":"has-post-thumbnail","7":"category-cine-y-series","8":"tag-elite-2","9":"tag-cuando-empieza-la-segunda-temporada-de-elite"},"_links":{"self":[{"href":"https:\/\/www.cordobatimes.com\/showup\/wp-json\/wp\/v2\/posts\/65831","targetHints":{"allow":["GET"]}}],"collection":[{"href":"https:\/\/www.cordobatimes.com\/showup\/wp-json\/wp\/v2\/posts"}],"about":[{"href":"https:\/\/www.cordobatimes.com\/showup\/wp-json\/wp\/v2\/types\/post"}],"author":[{"embeddable":true,"href":"https:\/\/www.cordobatimes.com\/showup\/wp-json\/wp\/v2\/users\/1"}],"replies":[{"embeddable":true,"href":"https:\/\/www.cordobatimes.com\/showup\/wp-json\/wp\/v2\/comments?post=65831"}],"version-history":[{"count":0,"href":"https:\/\/www.cordobatimes.com\/showup\/wp-json\/wp\/v2\/posts\/65831\/revisions"}],"wp:featuredmedia":[{"embeddable":true,"href":"https:\/\/www.cordobatimes.com\/showup\/wp-json\/wp\/v2\/media\/65832"}],"wp:attachment":[{"href":"https:\/\/www.cordobatimes.com\/showup\/wp-json\/wp\/v2\/media?parent=65831"}],"wp:term":[{"taxonomy":"category","embeddable":true,"href":"https:\/\/www.cordobatimes.com\/showup\/wp-json\/wp\/v2\/categories?post=65831"},{"taxonomy":"post_tag","embeddable":true,"href":"https:\/\/www.cordobatimes.com\/showup\/wp-json\/wp\/v2\/tags?post=65831"}],"curies":[{"name":"wp","href":"https:\/\/api.w.org\/{rel}","templated":true}]}}