{"id":65827,"date":"2019-08-05T19:44:04","date_gmt":"2019-08-05T22:44:04","guid":{"rendered":"https:\/\/www.cordobatimes.com\/showup\/?p=65827"},"modified":"2019-08-05T19:44:04","modified_gmt":"2019-08-05T22:44:04","slug":"aumentan-los-precios-de-netflix-en-argentina","status":"publish","type":"post","link":"https:\/\/www.cordobatimes.com\/showup\/cine-y-series\/2019\/08\/05\/aumentan-los-precios-de-netflix-en-argentina\/","title":{"rendered":"Aumentan los precios de Netflix en Argentina"},"content":{"rendered":"<h3><strong>Es la tercera suba que realiza la plataforma desde su desembarco en nuestro pa\u00eds.<\/strong><\/h3>\n<p>Por estos d\u00edas, los usuarios de Netflix en Argentina se encontrar\u00e1n con un aviso cuando abran su cuenta: se viene un aumento de precios. El momento en que la suba se aplique depender\u00e1 del ciclo de facturaci\u00f3n de cada suscriptor, pero d\u00edas m\u00e1s o d\u00edas menos llegar\u00e1 en la pr\u00f3xima factura.<\/p>\n<p><img alt=\"\" loading=\"lazy\" decoding=\"async\" class=\"alignnone size-full wp-image-65829\" src=\"https:\/\/www.cordobatimes.com\/showup\/wp-content\/uploads\/2019\/08\/netf_1565019158.jpg\" alt=\"\" width=\"1020\" height=\"560\" srcset=\"https:\/\/www.cordobatimes.com\/showup\/wp-content\/uploads\/2019\/08\/netf_1565019158.jpg 1020w, https:\/\/www.cordobatimes.com\/showup\/wp-content\/uploads\/2019\/08\/netf_1565019158-760x417.jpg 760w, https:\/\/www.cordobatimes.com\/showup\/wp-content\/uploads\/2019\/08\/netf_1565019158-750x412.jpg 750w, https:\/\/www.cordobatimes.com\/showup\/wp-content\/uploads\/2019\/08\/netf_1565019158-768x422.jpg 768w, https:\/\/www.cordobatimes.com\/showup\/wp-content\/uploads\/2019\/08\/netf_1565019158-696x382.jpg 696w, https:\/\/www.cordobatimes.com\/showup\/wp-content\/uploads\/2019\/08\/netf_1565019158-765x420.jpg 765w\" sizes=\"auto, (max-width: 1020px) 100vw, 1020px\" \/><\/p>\n<p>Los planes y precios que propone\u00a0Netflix\u00a0en la actualidad son:<\/p>\n<p>B\u00e1sico.\u00a0\u201cPuedes ver en 1 pantalla a la vez en definici\u00f3n est\u00e1ndar. Descarga videos en 1 tel\u00e9fono o tableta\u201d. $ 149 al mes (sin impuestos).<\/p>\n<p>Est\u00e1ndar.\u00a0\u201cPuedes ver en 2 pantallas a la vez. HD disponible. Descarga videos en 2 tel\u00e9fonos o tabletas\u201d. $ 219 al mes (sin impuestos).<\/p>\n<p>Premium.\u00a0\u201cPuedes ver en 4 pantallas a la vez. HD y Ultra HD disponibles. Descarga videos en 4 tel\u00e9fonos o tabletas\u201d. $ 299 al mes (sin impuestos).<\/p>\n<p>Una vez aplicado el aumento (un 23,4 por ciento), el Plan B\u00e1sico pasar\u00e1 a costar $ 179, el Est\u00e1ndar $ 269 y el Premium $ 369 (a los precios hay que sumarles el IVA).<\/p>\n<p>Sobre los motivos del cambi\u00f3 de tarifa (tercero desde su desembarco en Argentina),\u00a0Netflix\u00a0argument\u00f3: \u00ab\u00bfPor qu\u00e9? Porque en Netflix trabajamos d\u00eda y noche para ofrecerte un servicio superior, con m\u00e1s y mejor contenido siempre\u00bb.<\/p>\n","protected":false},"excerpt":{"rendered":"<p>Es la tercera suba que realiza la plataforma desde su desembarco en nuestro pa\u00eds. Por estos d\u00edas, los usuarios de Netflix en Argentina se encontrar\u00e1n con un aviso cuando abran su cuenta: se viene un aumento de precios. El momento en que la suba se aplique depender\u00e1 del ciclo de facturaci\u00f3n de cada suscriptor, pero [&hellip;]<\/p>\n","protected":false},"author":1,"featured_media":65828,"comment_status":"closed","ping_status":"closed","sticky":false,"template":"","format":"standard","meta":{"_seopress_robots_primary_cat":"","_seopress_titles_title":"","_seopress_titles_desc":"","_seopress_robots_index":"","footnotes":""},"categories":[3],"tags":[24235,24236],"class_list":{"0":"post-65827","1":"post","2":"type-post","3":"status-publish","4":"format-standard","5":"has-post-thumbnail","7":"category-cine-y-series","8":"tag-aumento-de-precios-en-netflix","9":"tag-netflix-aumenta-sus-precios"},"_links":{"self":[{"href":"https:\/\/www.cordobatimes.com\/showup\/wp-json\/wp\/v2\/posts\/65827","targetHints":{"allow":["GET"]}}],"collection":[{"href":"https:\/\/www.cordobatimes.com\/showup\/wp-json\/wp\/v2\/posts"}],"about":[{"href":"https:\/\/www.cordobatimes.com\/showup\/wp-json\/wp\/v2\/types\/post"}],"author":[{"embeddable":true,"href":"https:\/\/www.cordobatimes.com\/showup\/wp-json\/wp\/v2\/users\/1"}],"replies":[{"embeddable":true,"href":"https:\/\/www.cordobatimes.com\/showup\/wp-json\/wp\/v2\/comments?post=65827"}],"version-history":[{"count":0,"href":"https:\/\/www.cordobatimes.com\/showup\/wp-json\/wp\/v2\/posts\/65827\/revisions"}],"wp:featuredmedia":[{"embeddable":true,"href":"https:\/\/www.cordobatimes.com\/showup\/wp-json\/wp\/v2\/media\/65828"}],"wp:attachment":[{"href":"https:\/\/www.cordobatimes.com\/showup\/wp-json\/wp\/v2\/media?parent=65827"}],"wp:term":[{"taxonomy":"category","embeddable":true,"href":"https:\/\/www.cordobatimes.com\/showup\/wp-json\/wp\/v2\/categories?post=65827"},{"taxonomy":"post_tag","embeddable":true,"href":"https:\/\/www.cordobatimes.com\/showup\/wp-json\/wp\/v2\/tags?post=65827"}],"curies":[{"name":"wp","href":"https:\/\/api.w.org\/{rel}","templated":true}]}}