{"id":65824,"date":"2019-08-05T19:12:47","date_gmt":"2019-08-05T22:12:47","guid":{"rendered":"https:\/\/www.cordobatimes.com\/showup\/?p=65824"},"modified":"2019-08-05T19:12:47","modified_gmt":"2019-08-05T22:12:47","slug":"como-retirar-las-entradas-gratuitas-para-el-evento-de-los-60-anos-de-gustavo-cerati-en-cordoba","status":"publish","type":"post","link":"https:\/\/www.cordobatimes.com\/showup\/musica\/2019\/08\/05\/como-retirar-las-entradas-gratuitas-para-el-evento-de-los-60-anos-de-gustavo-cerati-en-cordoba\/","title":{"rendered":"C\u00f3mo retirar las entradas gratuitas para el evento de los 60 a\u00f1os de Gustavo Cerati en C\u00f3rdoba"},"content":{"rendered":"<h3><strong>Se realizar\u00e1 este s\u00e1bado en el Quality Espacio.<\/strong><\/h3>\n<p>Este s\u00e1bado 10 de agosto se realizar\u00e1 un evento denominado \u00ab6ustav0\u00bb, un juego de n\u00fameros y letras para homenajear a Gustavo Cerati quien el domingo estar\u00eda cumpliendo 60 a\u00f1os. Ser\u00e1 de 14 a 19 en el Quality, el espacio abierto con el cuenta la sala de conciertos en la zona sur de la ciudad.<\/p>\n<p>La atracci\u00f3n principal ser\u00e1 un show de Planeador V, la banda tributo que versiona a Cerati y a Soda Stereo, y que en esta oportunidad contar\u00e1 con invitados especiales para la ocasi\u00f3n. La producci\u00f3n est\u00e1 a cargo de Seba Cabral.<\/p>\n<p>La organizaci\u00f3n inform\u00f3 a trav\u00e9s de un comunicado que las entradas gratuitas y limitadas se podr\u00e1n retirar este martes 6 de agosto desde las 9 en los siguientes puntos: Radio Gamba (Obispo Oro 156) Canal Doce (Fernando Fader 3469) y Quality Espacio (Av Cruz Roja 200). Se podr\u00e1n retirar s\u00f3lo dos tickets por persona.<\/p>\n<p>Adem\u00e1s, aclaran que los menores de 16 a\u00f1os deber\u00e1n estar acompa\u00f1ados de al menos un adulto mayor y que se podr\u00e1 ingresar al predio con equipo de mate (termo, mate, yerba, az\u00facar), aunque no alimentos ni bebidas, ya que Quality contar\u00e1 con puntos para proveer comercialmente de los mismos.<\/p>\n<p><iframe loading=\"lazy\" src=\"https:\/\/www.facebook.com\/plugins\/post.php?href=https%3A%2F%2Fwww.facebook.com%2Fqualityespacio%2Fposts%2F10158624239478222&#038;width=500\" width=\"500\" height=\"709\" style=\"border:none;overflow:hidden\" scrolling=\"no\" frameborder=\"0\" allowTransparency=\"true\" allow=\"encrypted-media\"><\/iframe><\/p>\n","protected":false},"excerpt":{"rendered":"<p>Se realizar\u00e1 este s\u00e1bado en el Quality Espacio. Este s\u00e1bado 10 de agosto se realizar\u00e1 un evento denominado \u00ab6ustav0\u00bb, un juego de n\u00fameros y letras para homenajear a Gustavo Cerati quien el domingo estar\u00eda cumpliendo 60 a\u00f1os. Ser\u00e1 de 14 a 19 en el Quality, el espacio abierto con el cuenta la sala de conciertos [&hellip;]<\/p>\n","protected":false},"author":1,"featured_media":65825,"comment_status":"closed","ping_status":"closed","sticky":false,"template":"","format":"standard","meta":{"_seopress_robots_primary_cat":"","_seopress_titles_title":"","_seopress_titles_desc":"","_seopress_robots_index":"","footnotes":""},"categories":[5],"tags":[24234,24233],"class_list":{"0":"post-65824","1":"post","2":"type-post","3":"status-publish","4":"format-standard","5":"has-post-thumbnail","7":"category-musica","8":"tag-60-anos-de-gustavo-cerati-en-cordoba","9":"tag-evento-de-los-60-anos-de-gustavo-cerati-en-cordoba"},"_links":{"self":[{"href":"https:\/\/www.cordobatimes.com\/showup\/wp-json\/wp\/v2\/posts\/65824","targetHints":{"allow":["GET"]}}],"collection":[{"href":"https:\/\/www.cordobatimes.com\/showup\/wp-json\/wp\/v2\/posts"}],"about":[{"href":"https:\/\/www.cordobatimes.com\/showup\/wp-json\/wp\/v2\/types\/post"}],"author":[{"embeddable":true,"href":"https:\/\/www.cordobatimes.com\/showup\/wp-json\/wp\/v2\/users\/1"}],"replies":[{"embeddable":true,"href":"https:\/\/www.cordobatimes.com\/showup\/wp-json\/wp\/v2\/comments?post=65824"}],"version-history":[{"count":0,"href":"https:\/\/www.cordobatimes.com\/showup\/wp-json\/wp\/v2\/posts\/65824\/revisions"}],"wp:featuredmedia":[{"embeddable":true,"href":"https:\/\/www.cordobatimes.com\/showup\/wp-json\/wp\/v2\/media\/65825"}],"wp:attachment":[{"href":"https:\/\/www.cordobatimes.com\/showup\/wp-json\/wp\/v2\/media?parent=65824"}],"wp:term":[{"taxonomy":"category","embeddable":true,"href":"https:\/\/www.cordobatimes.com\/showup\/wp-json\/wp\/v2\/categories?post=65824"},{"taxonomy":"post_tag","embeddable":true,"href":"https:\/\/www.cordobatimes.com\/showup\/wp-json\/wp\/v2\/tags?post=65824"}],"curies":[{"name":"wp","href":"https:\/\/api.w.org\/{rel}","templated":true}]}}