{"id":65802,"date":"2019-08-04T12:14:31","date_gmt":"2019-08-04T15:14:31","guid":{"rendered":"https:\/\/www.cordobatimes.com\/showup\/?p=65802"},"modified":"2019-08-04T12:14:31","modified_gmt":"2019-08-04T15:14:31","slug":"despues-de-dos-anos-kevin-spacey-reaparecio-en-publico","status":"publish","type":"post","link":"https:\/\/www.cordobatimes.com\/showup\/famosos\/2019\/08\/04\/despues-de-dos-anos-kevin-spacey-reaparecio-en-publico\/","title":{"rendered":"Despu\u00e9s de dos a\u00f1os Kevin Spacey reapareci\u00f3 en p\u00fablico"},"content":{"rendered":"<h3><strong>El actor estadounidense \u00a0objeto de varias investigaciones en Estados Unidos y en Inglaterra por acusaciones de agresi\u00f3n sexual, hizo una breve aparici\u00f3n p\u00fablica.<\/strong><\/h3>\n<p>El actor estadounidense Kevin Spacey, objeto de varias investigaciones en Estados Unidos y en Inglaterra por acusaciones de agresi\u00f3n sexual, hizo una breve aparici\u00f3n p\u00fablica en Roma para recitar un poema en un museo.<\/p>\n<p>\u00abSerio, concentrado, con chaqueta y corbata, junto a una maravillosa estatua de bronce llamada &#8216;El p\u00fagil de las Termas&#8217;, una de las obras m\u00e1s bellas del museo romano de Palazzo Massimo. Es su primera aparici\u00f3n p\u00fablica desde hace dos a\u00f1os\u00bb, escribe el diario romano La Repubblica.<\/p>\n<p>\u00abKevin Spacey eligi\u00f3 Roma,\u00a0con sigilo, en secreto absoluto, sin anunciarse, aceptando leer\u00a0delante de un pu\u00f1ado de espectadores\u00a0una poes\u00eda de Gabriele Tinti\u00bb, un poeta italiano contempor\u00e1neo, \u00abque hizo &#8216;hablar&#8217; a la estatua\u00bb, a\u00f1adi\u00f3 el peri\u00f3dico.<\/p>\n<p>Las acciones judiciales contra Spacey,\u00a0acusado de atentado al pudor y de agresi\u00f3n sexual en Massachusetts (EEUU), fueron abandonadas hace unos 15 d\u00edas, pero\u00a0a\u00fan es objeto de otras investigaciones en Estados Unidos e Inglaterra.<\/p>\n<p>La carrera del actor de 60 a\u00f1os est\u00e1 en punto muerto desde que se presentaran las primeras acusaciones contra \u00e9l por agresiones sexuales en\u00a0noviembre de 2017.<\/p>\n<p>La ola de denuncias contra Kevin Spacey surgieron en medio del #MeToo, movimiento que llev\u00f3 a muchas mujeres a denunciar agresiones sexuales o acoso y que comenz\u00f3 a ra\u00edz del caso de Harvey Weinstein.<\/p>\n<p><iframe loading=\"lazy\" src=\"https:\/\/www.youtube.com\/embed\/Yu2c2HlnYwE\" width=\"560\" height=\"315\" frameborder=\"0\" allowfullscreen=\"allowfullscreen\"><\/iframe><\/p>\n","protected":false},"excerpt":{"rendered":"<p>El actor estadounidense \u00a0objeto de varias investigaciones en Estados Unidos y en Inglaterra por acusaciones de agresi\u00f3n sexual, hizo una breve aparici\u00f3n p\u00fablica. El actor estadounidense Kevin Spacey, objeto de varias investigaciones en Estados Unidos y en Inglaterra por acusaciones de agresi\u00f3n sexual, hizo una breve aparici\u00f3n p\u00fablica en Roma para recitar un poema en [&hellip;]<\/p>\n","protected":false},"author":1,"featured_media":65803,"comment_status":"closed","ping_status":"closed","sticky":false,"template":"","format":"standard","meta":{"_seopress_robots_primary_cat":"","_seopress_titles_title":"","_seopress_titles_desc":"","_seopress_robots_index":"","footnotes":""},"categories":[4],"tags":[3881,24226],"class_list":{"0":"post-65802","1":"post","2":"type-post","3":"status-publish","4":"format-standard","5":"has-post-thumbnail","7":"category-famosos","8":"tag-kevin-spacey","9":"tag-kevin-spacey-museo-romano-de-palazzo-massimo"},"_links":{"self":[{"href":"https:\/\/www.cordobatimes.com\/showup\/wp-json\/wp\/v2\/posts\/65802","targetHints":{"allow":["GET"]}}],"collection":[{"href":"https:\/\/www.cordobatimes.com\/showup\/wp-json\/wp\/v2\/posts"}],"about":[{"href":"https:\/\/www.cordobatimes.com\/showup\/wp-json\/wp\/v2\/types\/post"}],"author":[{"embeddable":true,"href":"https:\/\/www.cordobatimes.com\/showup\/wp-json\/wp\/v2\/users\/1"}],"replies":[{"embeddable":true,"href":"https:\/\/www.cordobatimes.com\/showup\/wp-json\/wp\/v2\/comments?post=65802"}],"version-history":[{"count":0,"href":"https:\/\/www.cordobatimes.com\/showup\/wp-json\/wp\/v2\/posts\/65802\/revisions"}],"wp:featuredmedia":[{"embeddable":true,"href":"https:\/\/www.cordobatimes.com\/showup\/wp-json\/wp\/v2\/media\/65803"}],"wp:attachment":[{"href":"https:\/\/www.cordobatimes.com\/showup\/wp-json\/wp\/v2\/media?parent=65802"}],"wp:term":[{"taxonomy":"category","embeddable":true,"href":"https:\/\/www.cordobatimes.com\/showup\/wp-json\/wp\/v2\/categories?post=65802"},{"taxonomy":"post_tag","embeddable":true,"href":"https:\/\/www.cordobatimes.com\/showup\/wp-json\/wp\/v2\/tags?post=65802"}],"curies":[{"name":"wp","href":"https:\/\/api.w.org\/{rel}","templated":true}]}}