{"id":65781,"date":"2019-08-02T11:38:41","date_gmt":"2019-08-02T14:38:41","guid":{"rendered":"https:\/\/www.cordobatimes.com\/showup\/?p=65781"},"modified":"2019-08-02T11:38:41","modified_gmt":"2019-08-02T14:38:41","slug":"el-padre-de-los-superheroes-de-marvel-stan-lee-tendra-una-serie-animada-basada-en-su-ninez","status":"publish","type":"post","link":"https:\/\/www.cordobatimes.com\/showup\/cine-y-series\/2019\/08\/02\/el-padre-de-los-superheroes-de-marvel-stan-lee-tendra-una-serie-animada-basada-en-su-ninez\/","title":{"rendered":"El padre de los superh\u00e9roes de Marvel Stan Lee, tendr\u00e1 una serie animada basada en su ni\u00f1ez"},"content":{"rendered":"<h3><strong>La creaci\u00f3n correr\u00e1 a cargo de POW! Entertainment, la compa\u00f1\u00eda productora de Stan Lee.<\/strong><\/h3>\n<p>La vida de\u00a0Stan Lee\u00a0fue tan importante para la\u00a0cultura pop\u00a0en el mundo que incluso despu\u00e9s de su\u00a0fallecimiento\u00a0sigue siendo fuente de\u00a0inspiraci\u00f3n\u00a0para hacer nuevas creaciones. En esta ocasi\u00f3n se trata de una\u00a0serie animada\u00a0que relatar\u00e1 las aventuras de un Lee ni\u00f1o.<\/p>\n<p>El anuncio de esta nueva historia que llevar\u00e1 como nombre The Amazing Stan, el cual es una clara referencia a la creaci\u00f3n m\u00e1s famosa y emblem\u00e1tica del escritor de novelas gr\u00e1ficas: The Amazing Spider-Man.<\/p>\n<p>La noticia se dio a conocer en la Comic-Con 2019, en San Diego, California dentro del marco del panel especial A Celebration of Stan Lee&#8217;s Life and Legacy, el cual fue una conferencia con la participaci\u00f3n de diversos panelistas quienes compartieron recuerdos con Lee, as\u00ed como la forma en que inspir\u00f3 sus trabajos.<\/p>\n<p>En este nuevo proyecto,\u00a0Marvel\u00a0no estar\u00e1 involucrada y la creaci\u00f3n correr\u00e1 a cargo de\u00a0POW! Entertainment, la compa\u00f1\u00eda productora de\u00a0Stan Lee, as\u00ed como\u00a0Pure Imagination Studios, quienes ser\u00e1n los encargados de dar vida a la\u00a0animaci\u00f3n\u00a0del peque\u00f1o creador.<\/p>\n<p><img alt=\"\" loading=\"lazy\" decoding=\"async\" class=\"alignnone size-full wp-image-65783\" src=\"https:\/\/www.cordobatimes.com\/showup\/wp-content\/uploads\/2019\/08\/02211.jpg\" alt=\"\" width=\"933\" height=\"617\" srcset=\"https:\/\/www.cordobatimes.com\/showup\/wp-content\/uploads\/2019\/08\/02211.jpg 933w, https:\/\/www.cordobatimes.com\/showup\/wp-content\/uploads\/2019\/08\/02211-635x420.jpg 635w, https:\/\/www.cordobatimes.com\/showup\/wp-content\/uploads\/2019\/08\/02211-768x508.jpg 768w, https:\/\/www.cordobatimes.com\/showup\/wp-content\/uploads\/2019\/08\/02211-696x460.jpg 696w\" sizes=\"auto, (max-width: 933px) 100vw, 933px\" \/><\/p>\n<p>El proyecto imagina un mundo a trav\u00e9s de los ojos de un joven Lee en el mundo moderno. Para Scott Petterson, escritor de otras obras de animaci\u00f3n como Phineas y Ferb, el personaje ser\u00e1 un \u00abso\u00f1ador constante\u00bb y \u00e9l y sus amigos \u00abaprender\u00e1n a asumir riesgos en la vida, explorar nuevas ideas y nunca rendirse\u00bb.<\/p>\n<p>Durante su intervenci\u00f3n, Jonhn Roberts, director de contenido de Pure Imagination, mencion\u00f3 que para \u00e9l \u00abes un honor ayudar a continuar con el legado creativo de uno de los m\u00e1s grandes narradores de historias que la cultura pop haya conocido al presentar una serie con un nuevo reparto de personajes para ni\u00f1os y adultos con quienes conectarse\u00bb.<\/p>\n<p>Adem\u00e1s, resalt\u00f3 la importancia del escritor, ya que cumpli\u00f3 sus sue\u00f1os de la infancia y \u00ablos convirti\u00f3 en un universo que presenta a superh\u00e9roes que han resonado en generaciones de todas las edades y culturas\u00bb.<\/p>\n<p>The Amazing Stan, esperan sus productores, ser\u00e1 muy bien recibida por los seguidores, pues refleja \u00abla capacidad que Stan ten\u00eda de ver el mundo con una imaginaci\u00f3n infantil\u00bb.<\/p>\n<p>Sobre el equipo que trabajar\u00e1 en la serie, Gill Champion CEO de PI Studios y uno de los productores, dijo que \u00abse necesita un equipo creativo muy especial para capturar la historia de un joven Stan y el nacimiento de sus creaciones \u00fanicas. Estamos encantados de contar esta extraordinaria historia y compartir este incre\u00edble viaje con su legi\u00f3n de fans\u00bb.<\/p>\n<p><img alt=\"\" loading=\"lazy\" decoding=\"async\" class=\"alignnone size-full wp-image-65784\" src=\"https:\/\/www.cordobatimes.com\/showup\/wp-content\/uploads\/2019\/08\/0114.jpg\" alt=\"\" width=\"1075\" height=\"630\" srcset=\"https:\/\/www.cordobatimes.com\/showup\/wp-content\/uploads\/2019\/08\/0114.jpg 1075w, https:\/\/www.cordobatimes.com\/showup\/wp-content\/uploads\/2019\/08\/0114-717x420.jpg 717w, https:\/\/www.cordobatimes.com\/showup\/wp-content\/uploads\/2019\/08\/0114-768x450.jpg 768w, https:\/\/www.cordobatimes.com\/showup\/wp-content\/uploads\/2019\/08\/0114-1024x600.jpg 1024w, https:\/\/www.cordobatimes.com\/showup\/wp-content\/uploads\/2019\/08\/0114-696x408.jpg 696w, https:\/\/www.cordobatimes.com\/showup\/wp-content\/uploads\/2019\/08\/0114-1068x626.jpg 1068w\" sizes=\"auto, (max-width: 1075px) 100vw, 1075px\" \/><\/p>\n<p>Durante la conferencia se mostr\u00f3 un adelanto de dos minutos de The Amazing Stan, sin embargo, no se dieron detalles respecto a la fecha de su lanzamiento y tampoco cu\u00e1ntos episodios tendr\u00e1 o la duraci\u00f3n de los mismos.<\/p>\n<p>Esta serie no es el \u00fanico proyecto p\u00f3stumo relacionado con Stan Lee, pues en septiembre de este a\u00f1o se publicar\u00e1 una nueva historia llamada A Trick of the Light, la cual fue escrita en conjunto con la joven autora Kat Rosenfield.<\/p>\n<p>El relato contar\u00e1 la vida de un par de superh\u00e9roes amigos que se unir\u00e1n a\u00fan m\u00e1s para salvar el mundo. Los protagonistas ser\u00e1n la prodigiosa hacker Nia y Cameron, un joven que sufri\u00f3 un accidente y adquiri\u00f3 la capacidad de manipular la tecnolog\u00eda con su mente.<\/p>\n<p>A trav\u00e9s de las redes sociales, los seguidores de Stan Lee se han pronunciado expectantes sobre este libro y muchos han expresado que su historia no decepcionar\u00e1. En este sentido, la editorial Houghton Mifflin Harcourt ha declarado que la historia estar\u00e1 \u00abllena de emocionante y vertiginosa aventura, as\u00ed como de la exuberante invenci\u00f3n que ha definido la carrera de Lee\u00bb.<\/p>\n","protected":false},"excerpt":{"rendered":"<p>La creaci\u00f3n correr\u00e1 a cargo de POW! Entertainment, la compa\u00f1\u00eda productora de Stan Lee. La vida de\u00a0Stan Lee\u00a0fue tan importante para la\u00a0cultura pop\u00a0en el mundo que incluso despu\u00e9s de su\u00a0fallecimiento\u00a0sigue siendo fuente de\u00a0inspiraci\u00f3n\u00a0para hacer nuevas creaciones. En esta ocasi\u00f3n se trata de una\u00a0serie animada\u00a0que relatar\u00e1 las aventuras de un Lee ni\u00f1o. El anuncio de esta [&hellip;]<\/p>\n","protected":false},"author":1,"featured_media":65782,"comment_status":"closed","ping_status":"closed","sticky":false,"template":"","format":"standard","meta":{"_seopress_robots_primary_cat":"","_seopress_titles_title":"","_seopress_titles_desc":"","_seopress_robots_index":"","footnotes":""},"categories":[3],"tags":[24216,24218,24217],"class_list":{"0":"post-65781","1":"post","2":"type-post","3":"status-publish","4":"format-standard","5":"has-post-thumbnail","7":"category-cine-y-series","8":"tag-padre-de-los-superheroes-de-marvel-stan-lee","9":"tag-the-amazing-spider-man","10":"tag-the-amazing-stan"},"_links":{"self":[{"href":"https:\/\/www.cordobatimes.com\/showup\/wp-json\/wp\/v2\/posts\/65781","targetHints":{"allow":["GET"]}}],"collection":[{"href":"https:\/\/www.cordobatimes.com\/showup\/wp-json\/wp\/v2\/posts"}],"about":[{"href":"https:\/\/www.cordobatimes.com\/showup\/wp-json\/wp\/v2\/types\/post"}],"author":[{"embeddable":true,"href":"https:\/\/www.cordobatimes.com\/showup\/wp-json\/wp\/v2\/users\/1"}],"replies":[{"embeddable":true,"href":"https:\/\/www.cordobatimes.com\/showup\/wp-json\/wp\/v2\/comments?post=65781"}],"version-history":[{"count":0,"href":"https:\/\/www.cordobatimes.com\/showup\/wp-json\/wp\/v2\/posts\/65781\/revisions"}],"wp:featuredmedia":[{"embeddable":true,"href":"https:\/\/www.cordobatimes.com\/showup\/wp-json\/wp\/v2\/media\/65782"}],"wp:attachment":[{"href":"https:\/\/www.cordobatimes.com\/showup\/wp-json\/wp\/v2\/media?parent=65781"}],"wp:term":[{"taxonomy":"category","embeddable":true,"href":"https:\/\/www.cordobatimes.com\/showup\/wp-json\/wp\/v2\/categories?post=65781"},{"taxonomy":"post_tag","embeddable":true,"href":"https:\/\/www.cordobatimes.com\/showup\/wp-json\/wp\/v2\/tags?post=65781"}],"curies":[{"name":"wp","href":"https:\/\/api.w.org\/{rel}","templated":true}]}}