{"id":65768,"date":"2019-08-01T17:01:16","date_gmt":"2019-08-01T20:01:16","guid":{"rendered":"https:\/\/www.cordobatimes.com\/showup\/?p=65768"},"modified":"2019-08-01T17:01:16","modified_gmt":"2019-08-01T20:01:16","slug":"luis-miguel-la-serie-diego-boneta-puso-en-duda-la-segunda-temporada","status":"publish","type":"post","link":"https:\/\/www.cordobatimes.com\/showup\/famosos\/2019\/08\/01\/luis-miguel-la-serie-diego-boneta-puso-en-duda-la-segunda-temporada\/","title":{"rendered":"\u00abLuis Miguel la serie\u00bb: Diego Boneta puso en duda la segunda temporada"},"content":{"rendered":"<h3><strong>El actor habl\u00f3 con la prensa de su pa\u00eds en el aeropuerto, cuando fue a recibir a su novia Mayte Rodr\u00edguez.<\/strong><\/h3>\n<p>Diego Boneta alert\u00f3 a todos en M\u00e9xico. Es que el propio protagonista de Luis Miguel la serie, al menos por el momento, asegur\u00f3 que la segunda temporada de la exitosa serie est\u00e1 en veremos.<\/p>\n<p>\u201cNo est\u00e1 del todo confirmado, ojal\u00e1 se pueda hacer. Hay muchas personas metidas en esto. Para m\u00ed lo m\u00e1s importante es que el equipo con el que contamos en la primera temporada, que hizo un gran trabajo, pueda estar de vuelta tambi\u00e9n, porque la verdad la serie fue un trabajo en equipo\u201d, dijo el actor mexicano.<\/p>\n<p>De todas formas, aclar\u00f3 que por su parte estar\u00eda dispuesto a encarnar nuevamente a cantante, aunque con algunas condiciones.<\/p>\n<p>\u201cA m\u00ed me encantar\u00eda siempre y cuando las personas indicadas est\u00e9n detr\u00e1s y la calidad de la serie y los guiones est\u00e9n, porque para m\u00ed es lo m\u00e1s importante. Es muy f\u00e1cil que ya con un \u00e9xito la gente diga: \u2018Ya con esto se hizo\u2019 y no es as\u00ed, es a\u00fan m\u00e1s dif\u00edcil ahora y tiene que estar bien hecho\u201d, se\u00f1al\u00f3.<\/p>\n<p>Boneta habl\u00f3 con la prensa en el aeropuerto de Ciudad de M\u00e9xico, a donde fue a recibir a su novia, la modelo y actriz chilena Mayte Rodr\u00edguez.<\/p>\n<p>Ambos se conocieron en febrero pasado, en el Festival de la Canci\u00f3n de Vi\u00f1a del Mar, donde desfilaron juntos en la alfombra roja.<\/p>\n<p>Rodr\u00edguez es hija de la tambi\u00e9n actriz Carolina Arregui y del director de cine \u00d3scar Rodr\u00edguez. Este \u00faltimo fue quien le confirm\u00f3 a la prensa chilena en abril que su hija y el actor mexicano estaban en pareja.<\/p>\n<p>Ahora, cuando los medios mexicanos los vieron besarse en el aeropuerto y le preguntaron sobre su estado sentimental, la respuesta de Boneta su clara: \u201cPues lo que se ve no se pregunta\u201d.<\/p>\n<p><img alt=\"\" loading=\"lazy\" decoding=\"async\" class=\"alignnone size-full wp-image-65770\" src=\"https:\/\/www.cordobatimes.com\/showup\/wp-content\/uploads\/2019\/08\/152.jpg\" alt=\"\" width=\"1020\" height=\"560\" srcset=\"https:\/\/www.cordobatimes.com\/showup\/wp-content\/uploads\/2019\/08\/152.jpg 1020w, https:\/\/www.cordobatimes.com\/showup\/wp-content\/uploads\/2019\/08\/152-760x417.jpg 760w, https:\/\/www.cordobatimes.com\/showup\/wp-content\/uploads\/2019\/08\/152-750x412.jpg 750w, https:\/\/www.cordobatimes.com\/showup\/wp-content\/uploads\/2019\/08\/152-768x422.jpg 768w, https:\/\/www.cordobatimes.com\/showup\/wp-content\/uploads\/2019\/08\/152-696x382.jpg 696w, https:\/\/www.cordobatimes.com\/showup\/wp-content\/uploads\/2019\/08\/152-765x420.jpg 765w\" sizes=\"auto, (max-width: 1020px) 100vw, 1020px\" \/><\/p>\n<p><iframe loading=\"lazy\" width=\"560\" height=\"315\" src=\"https:\/\/www.youtube.com\/embed\/umeBzTIprj8\" frameborder=\"0\" allow=\"accelerometer; autoplay; encrypted-media; gyroscope; picture-in-picture\" allowfullscreen><\/iframe><\/p>\n","protected":false},"excerpt":{"rendered":"<p>El actor habl\u00f3 con la prensa de su pa\u00eds en el aeropuerto, cuando fue a recibir a su novia Mayte Rodr\u00edguez. Diego Boneta alert\u00f3 a todos en M\u00e9xico. Es que el propio protagonista de Luis Miguel la serie, al menos por el momento, asegur\u00f3 que la segunda temporada de la exitosa serie est\u00e1 en veremos. [&hellip;]<\/p>\n","protected":false},"author":1,"featured_media":65769,"comment_status":"closed","ping_status":"closed","sticky":false,"template":"","format":"standard","meta":{"_seopress_robots_primary_cat":"","_seopress_titles_title":"","_seopress_titles_desc":"","_seopress_robots_index":"","footnotes":""},"categories":[4],"tags":[17749,24212],"class_list":{"0":"post-65768","1":"post","2":"type-post","3":"status-publish","4":"format-standard","5":"has-post-thumbnail","7":"category-famosos","8":"tag-luis-miguel-la-serie","9":"tag-luis-miguel-la-serie-diego-boneta"},"_links":{"self":[{"href":"https:\/\/www.cordobatimes.com\/showup\/wp-json\/wp\/v2\/posts\/65768","targetHints":{"allow":["GET"]}}],"collection":[{"href":"https:\/\/www.cordobatimes.com\/showup\/wp-json\/wp\/v2\/posts"}],"about":[{"href":"https:\/\/www.cordobatimes.com\/showup\/wp-json\/wp\/v2\/types\/post"}],"author":[{"embeddable":true,"href":"https:\/\/www.cordobatimes.com\/showup\/wp-json\/wp\/v2\/users\/1"}],"replies":[{"embeddable":true,"href":"https:\/\/www.cordobatimes.com\/showup\/wp-json\/wp\/v2\/comments?post=65768"}],"version-history":[{"count":0,"href":"https:\/\/www.cordobatimes.com\/showup\/wp-json\/wp\/v2\/posts\/65768\/revisions"}],"wp:featuredmedia":[{"embeddable":true,"href":"https:\/\/www.cordobatimes.com\/showup\/wp-json\/wp\/v2\/media\/65769"}],"wp:attachment":[{"href":"https:\/\/www.cordobatimes.com\/showup\/wp-json\/wp\/v2\/media?parent=65768"}],"wp:term":[{"taxonomy":"category","embeddable":true,"href":"https:\/\/www.cordobatimes.com\/showup\/wp-json\/wp\/v2\/categories?post=65768"},{"taxonomy":"post_tag","embeddable":true,"href":"https:\/\/www.cordobatimes.com\/showup\/wp-json\/wp\/v2\/tags?post=65768"}],"curies":[{"name":"wp","href":"https:\/\/api.w.org\/{rel}","templated":true}]}}