{"id":65735,"date":"2019-07-31T13:18:07","date_gmt":"2019-07-31T16:18:07","guid":{"rendered":"https:\/\/www.cordobatimes.com\/showup\/?p=65735"},"modified":"2019-07-31T13:18:07","modified_gmt":"2019-07-31T16:18:07","slug":"vuelven-serrat-y-sabina-a-cordoba","status":"publish","type":"post","link":"https:\/\/www.cordobatimes.com\/showup\/musica\/2019\/07\/31\/vuelven-serrat-y-sabina-a-cordoba\/","title":{"rendered":"Vuelven Serrat y Sabina a C\u00f3rdoba"},"content":{"rendered":"<h3><strong>Los cantantes espa\u00f1oles dar\u00e1n en el Orfeo Superdomo la que ser\u00e1 su \u00fanica funci\u00f3n en el interior del pa\u00eds.\u00a0<\/strong><\/h3>\n<p>Confirmado: Joan Manuel Serrat y Joaqu\u00edn Sabina regresan juntos a la ciudad de C\u00f3rdoba. El show ser\u00e1 el 13 de noviembre en el Orfeo Superdomo, y las entradas saldr\u00e1n a la venta a partir del pr\u00f3ximo 5 de agosto. Ser\u00e1 el \u00fanico concierto que la dupla dar\u00e1 en el interior del pa\u00eds.<\/p>\n<p>Serrat y Sabina empezaron a brindar estos aclamados shows juntos en 2007 y ofrecieron por \u00faltima vez en nuestro pa\u00eds en 2012. Siete a\u00f1os despu\u00e9s vuelven con una gira que a dem\u00e1s de C\u00f3rdoba incluye conciertos en Buenos Aires, Montevideo y Santiago de Chile.<\/p>\n<p>Entre los dos, cosechan much\u00edsimas canciones que han sido atesoradas de generaci\u00f3n en generaci\u00f3n, y por ah\u00ed va el repertorio de \u00abNo Hay Dos Sin Tres\u00bb, como se titula la gira.<\/p>\n<p>A partir de esta serie de conciertos se origin\u00f3 el \u00e1lbum doble Dos P\u00e1jaros De Un Tiro.<\/p>\n<p>El repertorio fue una alternancia de las grandes canciones de los dos artistas. En algunas, Serrat canta a Sabina y viceversa y en otras cantan a d\u00fao las canciones de ambos. En todas, uno se funde en el otro para ofrecer versiones nuevas.<\/p>\n<h3><strong>Valor de las entradas<\/strong><\/h3>\n<p><img alt=\"\" loading=\"lazy\" decoding=\"async\" class=\"alignnone size-full wp-image-65738\" src=\"https:\/\/www.cordobatimes.com\/showup\/wp-content\/uploads\/2019\/07\/ss_1564579296.jpg\" alt=\"\" width=\"1020\" height=\"560\" srcset=\"https:\/\/www.cordobatimes.com\/showup\/wp-content\/uploads\/2019\/07\/ss_1564579296.jpg 1020w, https:\/\/www.cordobatimes.com\/showup\/wp-content\/uploads\/2019\/07\/ss_1564579296-760x417.jpg 760w, https:\/\/www.cordobatimes.com\/showup\/wp-content\/uploads\/2019\/07\/ss_1564579296-750x412.jpg 750w, https:\/\/www.cordobatimes.com\/showup\/wp-content\/uploads\/2019\/07\/ss_1564579296-768x422.jpg 768w, https:\/\/www.cordobatimes.com\/showup\/wp-content\/uploads\/2019\/07\/ss_1564579296-696x382.jpg 696w, https:\/\/www.cordobatimes.com\/showup\/wp-content\/uploads\/2019\/07\/ss_1564579296-765x420.jpg 765w\" sizes=\"auto, (max-width: 1020px) 100vw, 1020px\" \/><\/p>\n<p>Pista A: $5950<\/p>\n<p>Pista B: $5500<\/p>\n<p>Pista C: $4750<\/p>\n<p>Pista D:\u00a0 $4000<\/p>\n<p>Sector rojo A-B-C: $4500<\/p>\n<p>Sector rojo D-E-F: $3600<\/p>\n<p>Sector rojo G-H-I: $2750<\/p>\n<p>Sector rojo J: $1500<\/p>\n<p>Sector azul y verde A: $4500<\/p>\n<p>Sector azul y verde B: $3800<\/p>\n<p>Sector azul y verde C: $2750<\/p>\n<p>Sector azul y verde D: $1500<\/p>\n<p>En todos los casos, hay que agregarle el 18 por ciento en concepto de Service Charge. Los tickets se venden a trav\u00e9s de orfeosuperdomo.com<\/p>\n","protected":false},"excerpt":{"rendered":"<p>Los cantantes espa\u00f1oles dar\u00e1n en el Orfeo Superdomo la que ser\u00e1 su \u00fanica funci\u00f3n en el interior del pa\u00eds.\u00a0 Confirmado: Joan Manuel Serrat y Joaqu\u00edn Sabina regresan juntos a la ciudad de C\u00f3rdoba. El show ser\u00e1 el 13 de noviembre en el Orfeo Superdomo, y las entradas saldr\u00e1n a la venta a partir del pr\u00f3ximo [&hellip;]<\/p>\n","protected":false},"author":1,"featured_media":65736,"comment_status":"closed","ping_status":"closed","sticky":false,"template":"","format":"standard","meta":{"_seopress_robots_primary_cat":"","_seopress_titles_title":"","_seopress_titles_desc":"","_seopress_robots_index":"","footnotes":""},"categories":[5],"tags":[24196,24197,24198],"class_list":{"0":"post-65735","1":"post","2":"type-post","3":"status-publish","4":"format-standard","5":"has-post-thumbnail","7":"category-musica","8":"tag-joan-manuel-serrat-y-joaquin-sabina","9":"tag-joan-manuel-serrat-y-joaquin-sabina-en-cordoba","10":"tag-serrat-y-sabina-en-cordoba"},"_links":{"self":[{"href":"https:\/\/www.cordobatimes.com\/showup\/wp-json\/wp\/v2\/posts\/65735","targetHints":{"allow":["GET"]}}],"collection":[{"href":"https:\/\/www.cordobatimes.com\/showup\/wp-json\/wp\/v2\/posts"}],"about":[{"href":"https:\/\/www.cordobatimes.com\/showup\/wp-json\/wp\/v2\/types\/post"}],"author":[{"embeddable":true,"href":"https:\/\/www.cordobatimes.com\/showup\/wp-json\/wp\/v2\/users\/1"}],"replies":[{"embeddable":true,"href":"https:\/\/www.cordobatimes.com\/showup\/wp-json\/wp\/v2\/comments?post=65735"}],"version-history":[{"count":0,"href":"https:\/\/www.cordobatimes.com\/showup\/wp-json\/wp\/v2\/posts\/65735\/revisions"}],"wp:featuredmedia":[{"embeddable":true,"href":"https:\/\/www.cordobatimes.com\/showup\/wp-json\/wp\/v2\/media\/65736"}],"wp:attachment":[{"href":"https:\/\/www.cordobatimes.com\/showup\/wp-json\/wp\/v2\/media?parent=65735"}],"wp:term":[{"taxonomy":"category","embeddable":true,"href":"https:\/\/www.cordobatimes.com\/showup\/wp-json\/wp\/v2\/categories?post=65735"},{"taxonomy":"post_tag","embeddable":true,"href":"https:\/\/www.cordobatimes.com\/showup\/wp-json\/wp\/v2\/tags?post=65735"}],"curies":[{"name":"wp","href":"https:\/\/api.w.org\/{rel}","templated":true}]}}