{"id":65698,"date":"2019-07-30T10:11:35","date_gmt":"2019-07-30T13:11:35","guid":{"rendered":"https:\/\/www.cordobatimes.com\/showup\/?p=65698"},"modified":"2019-07-30T10:12:24","modified_gmt":"2019-07-30T13:12:24","slug":"friends-festeja-sus-25-anos-de-estreno-con-un-parque-tematico-en-nueva-york","status":"publish","type":"post","link":"https:\/\/www.cordobatimes.com\/showup\/cine-y-series\/2019\/07\/30\/friends-festeja-sus-25-anos-de-estreno-con-un-parque-tematico-en-nueva-york\/","title":{"rendered":"\u00abFriends\u00bb festeja sus 25 a\u00f1os de estreno con un parque tem\u00e1tico en Nueva York"},"content":{"rendered":"<h3><strong>Los fans podr\u00e1n recrear m\u00edticas escenas de las 10 temporadas que cautivaron a toda una generaci\u00f3n.<\/strong><\/h3>\n<p>La m\u00edtica serie de\u00a0\u00abFriends\u00bb\u00a0est\u00e1 pr\u00f3xima a cumplir\u00a025 a\u00f1os\u00a0de la transmisi\u00f3n de su primer episodio, y para celebrarlo,\u00a0Warner Bros. llevar\u00e1 a la ciudad de\u00a0Nueva York\u00a0una nueva\u00a0experiencia inmersiva.<\/p>\n<p>En un comunicado de prensa, la empresa de entretenimiento dijo que\u00a0los fan\u00e1ticos podr\u00e1n ponerse un pavo en la cabeza, mirar por la puerta morada de Rachel y Monica,relajarse en el sill\u00f3n reclinable de Chandler\u00a0y Joey y ayudar a Ross a girar\u00a0un sof\u00e1 mientras dicen \u00abPivot!\u00bb.<\/p>\n<p>Tambi\u00e9n hay un espacio para aprender los consejos de limpieza de M\u00f3nica, una recreaci\u00f3n de la cafeter\u00eda Central Perk y el legendario sof\u00e1 naranja.<\/p>\n<p><img alt=\"\" loading=\"lazy\" decoding=\"async\" class=\"alignnone size-full wp-image-65700\" src=\"https:\/\/www.cordobatimes.com\/showup\/wp-content\/uploads\/2019\/07\/Nombre-2.jpg\" alt=\"\" width=\"740\" height=\"414\" srcset=\"https:\/\/www.cordobatimes.com\/showup\/wp-content\/uploads\/2019\/07\/Nombre-2.jpg 740w, https:\/\/www.cordobatimes.com\/showup\/wp-content\/uploads\/2019\/07\/Nombre-2-696x389.jpg 696w\" sizes=\"auto, (max-width: 740px) 100vw, 740px\" \/><\/p>\n<p>Han pasado casi\u00a025 a\u00f1os desde que se estren\u00f3 &#8216;Friends&#8217;, pero la fascinaci\u00f3n y el atractivo universal de la exitosa serie de televisi\u00f3n sigue vivo con\u00a0fan\u00e1ticos de todas las edades\u00bb, dijo Peter van Roden, vicepresidente senior de entretenimiento tem\u00e1tico global de Warner Bros, cuya divisi\u00f3n est\u00e1 produciendo la\u00a0experiencia inmersiva\u00a0en coordinaci\u00f3n con Warner Bros. Television Group y Superfly.<\/p>\n<p>La experiencia inmersiva contar\u00e1 adem\u00e1s\u00a0con una sala dedicada a cada uno de los amigos\u00a0\u2013Rachel, M\u00f3nica, Phoebe, Chandler, Joey y Ross\u2013 y ofrecer\u00e1 la oportunidad de ver de cerca parte del vestuario de estos amados personajes, as\u00ed como los objetos y muebles m\u00e1s emblem\u00e1ticos de la serie.<\/p>\n<p>Desde\u00a0el pr\u00f3ximo 7 de septiembre y hasta el 6 de octubre\u00a0los fan\u00e1ticos podr\u00e1n acceder a la muestra, situada en el\u00a0Soho neoyorquino.\u00a0\u00a0Por\u00a0USD\u00a029.50,\u00a0podr\u00e1n vivir la experiencia \u00abFriends\u00bb desde las 10 de la ma\u00f1ana hasta las 10 de la noche. Y por supuesto, tendr\u00e1 una tienda de productos tem\u00e1ticos de la serie.<\/p>\n<p>Las entradas para la experiencia de inmersi\u00f3n,\u00a0saldr\u00e1n a la venta el viernes 2 de agosto. Se recomienda comprar los boletos con anticipaci\u00f3n y llegar 10 minutos antes de la hora programada, pues los tickets s\u00f3lo son v\u00e1lidos para la fecha y hora programada.<\/p>\n<p>Para aquellos \u00abamigos\u00bb que no tengan la oportunidad de visitar la Gran Manzana, a\u00fan hay otras formar de celebrar el aniversario de la serie. Por ejemplo, adquirir un\u00a0art\u00edculo de la colecci\u00f3n\u00a0de la tienda Pottery Barn, hacer un\u00a0mega marat\u00f3n\u00a0de sus cap\u00edtulos favoritos y hacer uso del\u00a0canal de GIFs\u00a0que Warner Bros y Giphy lanzar\u00e1n pr\u00f3ximamente con m\u00e1s de 2,300 im\u00e1genes a elegir de la serie.<\/p>\n<p>Los seguidores del programa, que emiti\u00f3\u00a0236 episodios entre 1994 y 2004, tendr\u00e1n un mes para vivir la\u00a0experiencia en Nueva York. Se espera que la muestra sea similar a la que hicieron cuando se celebraron los\u00a020 a\u00f1os desde el inicio del show.<\/p>\n<p>La serie, creada y producida por\u00a0Marta Kauffman y David Crane\u00a0es considera por muchos la\u00a0mejor serie de televisi\u00f3n\u00a0de todos los tiempos.<\/p>\n<p>Hace unos meses,\u00a0The Hollywood Reporter\u00a0public\u00f3 una lista con los mejores programas de televisi\u00f3n, basado en una encuesta de 2,800 personas de la industria del entretenimiento, y el resultado arroj\u00f3 que\u00a0\u00abFriends\u00bb ocupa el primer lugar en los corazones de los televidentes.<\/p>\n<p><img alt=\"\" loading=\"lazy\" decoding=\"async\" class=\"alignnone size-full wp-image-65701\" src=\"https:\/\/www.cordobatimes.com\/showup\/wp-content\/uploads\/2019\/07\/Nombre1.jpg\" alt=\"\" width=\"732\" height=\"422\" srcset=\"https:\/\/www.cordobatimes.com\/showup\/wp-content\/uploads\/2019\/07\/Nombre1.jpg 732w, https:\/\/www.cordobatimes.com\/showup\/wp-content\/uploads\/2019\/07\/Nombre1-729x420.jpg 729w, https:\/\/www.cordobatimes.com\/showup\/wp-content\/uploads\/2019\/07\/Nombre1-696x401.jpg 696w\" sizes=\"auto, (max-width: 732px) 100vw, 732px\" \/><\/p>\n","protected":false},"excerpt":{"rendered":"<p>Los fans podr\u00e1n recrear m\u00edticas escenas de las 10 temporadas que cautivaron a toda una generaci\u00f3n. La m\u00edtica serie de\u00a0\u00abFriends\u00bb\u00a0est\u00e1 pr\u00f3xima a cumplir\u00a025 a\u00f1os\u00a0de la transmisi\u00f3n de su primer episodio, y para celebrarlo,\u00a0Warner Bros. llevar\u00e1 a la ciudad de\u00a0Nueva York\u00a0una nueva\u00a0experiencia inmersiva. En un comunicado de prensa, la empresa de entretenimiento dijo que\u00a0los fan\u00e1ticos podr\u00e1n [&hellip;]<\/p>\n","protected":false},"author":1,"featured_media":65699,"comment_status":"closed","ping_status":"closed","sticky":false,"template":"","format":"standard","meta":{"_seopress_robots_primary_cat":"","_seopress_titles_title":"","_seopress_titles_desc":"","_seopress_robots_index":"","footnotes":""},"categories":[3],"tags":[2205,24186],"class_list":{"0":"post-65698","1":"post","2":"type-post","3":"status-publish","4":"format-standard","5":"has-post-thumbnail","7":"category-cine-y-series","8":"tag-friends","9":"tag-parque-tematico-de-friends"},"_links":{"self":[{"href":"https:\/\/www.cordobatimes.com\/showup\/wp-json\/wp\/v2\/posts\/65698","targetHints":{"allow":["GET"]}}],"collection":[{"href":"https:\/\/www.cordobatimes.com\/showup\/wp-json\/wp\/v2\/posts"}],"about":[{"href":"https:\/\/www.cordobatimes.com\/showup\/wp-json\/wp\/v2\/types\/post"}],"author":[{"embeddable":true,"href":"https:\/\/www.cordobatimes.com\/showup\/wp-json\/wp\/v2\/users\/1"}],"replies":[{"embeddable":true,"href":"https:\/\/www.cordobatimes.com\/showup\/wp-json\/wp\/v2\/comments?post=65698"}],"version-history":[{"count":0,"href":"https:\/\/www.cordobatimes.com\/showup\/wp-json\/wp\/v2\/posts\/65698\/revisions"}],"wp:featuredmedia":[{"embeddable":true,"href":"https:\/\/www.cordobatimes.com\/showup\/wp-json\/wp\/v2\/media\/65699"}],"wp:attachment":[{"href":"https:\/\/www.cordobatimes.com\/showup\/wp-json\/wp\/v2\/media?parent=65698"}],"wp:term":[{"taxonomy":"category","embeddable":true,"href":"https:\/\/www.cordobatimes.com\/showup\/wp-json\/wp\/v2\/categories?post=65698"},{"taxonomy":"post_tag","embeddable":true,"href":"https:\/\/www.cordobatimes.com\/showup\/wp-json\/wp\/v2\/tags?post=65698"}],"curies":[{"name":"wp","href":"https:\/\/api.w.org\/{rel}","templated":true}]}}