{"id":65685,"date":"2019-07-29T11:37:58","date_gmt":"2019-07-29T14:37:58","guid":{"rendered":"https:\/\/www.cordobatimes.com\/showup\/?p=65685"},"modified":"2019-07-29T11:40:11","modified_gmt":"2019-07-29T14:40:11","slug":"el-calendario-oficial-de-la-proxima-edicion-del-new-york-fashion-week","status":"publish","type":"post","link":"https:\/\/www.cordobatimes.com\/showup\/moda-y-estilos\/2019\/07\/29\/el-calendario-oficial-de-la-proxima-edicion-del-new-york-fashion-week\/","title":{"rendered":"El calendario oficial de la pr\u00f3xima edici\u00f3n del New York Fashion Week"},"content":{"rendered":"<h3><strong>Arrancan los preparativos de la que sin ninguna duda es una de las semanas de la moda m\u00e1s importantes del mundo.<\/strong><\/h3>\n<p>El Consejo de Dise\u00f1adores de Moda de Am\u00e9rica (CFDA), acaba de hacer p\u00fablico el calendario oficial (preliminar) de desfiles de su pr\u00f3xima edici\u00f3n, que se celebrar\u00e1 del pr\u00f3ximo 6 al 11 de septiembre de 2019.<\/p>\n<p>Seis d\u00edas de desfiles que se encargar\u00e1 de inaugurar la firma neoyorquina de est\u00e9tica agender Telfar, a la que seguir\u00e1n las propuestas de dise\u00f1adores y firmas como Tomo Koizumi, Jeremy Scott, Helmut Lang, Brandon Maxwell, Jonathan Cohen, Vera Wang o Oscar de la Renta. Y en la que tambi\u00e9n participar\u00e1n dise\u00f1adores de habla espa\u00f1ola, como la uruguaya Gabriela Hearst, la chilena afincada en Nueva York Mar\u00eda Cornejo, o la espa\u00f1ola Alejandra Alonso Rojas. Todo ello para terminar con una brillante jornada que arrancar\u00e1 con las presentaciones de Marchesa y Micahel Kors, durante una semana de la moda a la que se encargar\u00e1 de poner su broche de oro el dise\u00f1ador Marc Jacobs.<\/p>\n<p>La edici\u00f3n de este a\u00f1o ser\u00e1 m\u00e1s reducida de lo habitual, despu\u00e9s de la decisi\u00f3n tomada por la Junta del CFDA y por su presidente, el dise\u00f1ador Tom Ford, para limitar la semana de la moda a \u00fanicamente cinco d\u00edas y cinco noches.<\/p>\n<p>\u201cHemos escuchado los comentarios, tanto de la industria de la moda nacional como internacional, para ajustar el calendario oficial de la Semana de la Moda de Nueva York\u201d, indicaba Steven Kolb, presidente y CEO del CFDA, a trav\u00e9s de un comunicado emitido por la propia organizaci\u00f3n. \u201cEstoy emocionado por el s\u00f3lido cartel de septiembre, con el que continuaremos mostrando y celebrando la creatividad y la diversidad de la moda estadounidense\u201d.<\/p>\n<h3><strong>Semana de la Moda de Nueva York: Calendario oficial de desfiles<\/strong><\/h3>\n<p><strong>Viernes &#8211; 06 septiembre<\/strong><\/p>\n<div class=\"\u201cpanel\">\n<div class=\"\u201cpanel-body\u201d\">\n<ul type=\"\u201csquare\u201d\">\n<li>18:00 &#8211; Telfar<\/li>\n<li>19:00 &#8211; Tomo Koizumi<\/li>\n<li>20:00 &#8211; Jeremy Scott<\/li>\n<\/ul>\n<\/div>\n<\/div>\n<p><strong>S\u00e1bado &#8211; 07 septiembre<\/strong><\/p>\n<div class=\"\u201cpanel\">\n<div class=\"\u201cpanel-body\u201d\">\n<ul type=\"\u201csquare\u201d\">\n<li>Snow Xue Gao (solamente con invitaci\u00f3n)<\/li>\n<li>09:00 &#8211; Khaite<\/li>\n<li>10:00 &#8211; Self Portrait<\/li>\n<li>10:00\/11:00 &#8211; Adam Lippes<\/li>\n<li>11:00 &#8211; Kate Spade New York<\/li>\n<li>12:00 &#8211; Ulla Johnson<\/li>\n<li>13:00 &#8211; Christopher John Rogers<\/li>\n<li>13:00\/15:00 &#8211; Rebecca Minkoff<\/li>\n<li>14:00 &#8211; Helmut Lang<\/li>\n<li>15:00 &#8211; Longchamp<\/li>\n<li>16:00 &#8211; Christian Siriano<\/li>\n<li>17:00 &#8211; Area<\/li>\n<li>18:00 &#8211; R13<\/li>\n<li>19:00 &#8211; Brandon Maxwell<\/li>\n<li>20:00 &#8211; Pyer Moss<\/li>\n<li>21:00 &#8211; Chromat \/ Ralph Lauren<\/li>\n<\/ul>\n<\/div>\n<\/div>\n<p>&nbsp;<\/p>\n<p><strong>Domingo &#8211; 08 septiembre<\/strong><\/p>\n<div class=\"\u201cpanel\">\n<div class=\"\u201cpanel-body\u201d\">\n<ul type=\"\u201csquare\u201d\">\n<li>10:00 &#8211; Tory Burch<\/li>\n<li>11:00 &#8211; Lou Dallas<\/li>\n<li>11:00\/12:00 &#8211; Tanya Taylor<\/li>\n<li>12:00 &#8211; Jonathan Cohen<\/li>\n<li>13:00\/14:00 &#8211; Mansur Gavriel<\/li>\n<li>14:00 &#8211; Tibi<\/li>\n<li>15:00 &#8211; Sies Marjan<\/li>\n<li>14:00\/18:00 &#8211; Rosie Assoulin \/ Victor Glemaud<\/li>\n<li>17:00 &#8211; Collina Strada \/ Nicole Miller<\/li>\n<li>18:00 &#8211; Jason Wu Collection<\/li>\n<li>19:00 &#8211; Laquan Smith<\/li>\n<li>20:30 &#8211; Tommy Hilfiger<\/li>\n<\/ul>\n<\/div>\n<\/div>\n<p><strong>Lunes &#8211; 09 septiembre<\/strong><\/p>\n<div class=\"\u201cpanel\">\n<div class=\"\u201cpanel-body\u201d\">\n<ul type=\"\u201csquare\u201d\">\n<li>09:00 &#8211; The Row<\/li>\n<li>10:00 &#8211; Carolina Herrera<\/li>\n<li>11:00 &#8211; Jonathan Simkhai<\/li>\n<li>12:00 &#8211; Barrag\u00e1n \/ Zimmermann<\/li>\n<li>13:00 &#8211; Lela Rose<\/li>\n<li>13:00\/15:00 &#8211; Alice&amp;Olivia<\/li>\n<li>14:00 &#8211; Maryam Nassir Zadeh<\/li>\n<li>13:00 &#8211; Phillip Lim<\/li>\n<li>16:00 &#8211; Veronica Beard<\/li>\n<li>17:00 &#8211; Prabal Gurung<\/li>\n<li>18:00 &#8211; Zero+Mar\u00eda Cornejo<\/li>\n<li>19:00 &#8211; Anna Sui<\/li>\n<li>20:00 &#8211; Tom Ford<\/li>\n<\/ul>\n<\/div>\n<\/div>\n<p><strong>Martes &#8211; 10 septiembre<\/strong><\/p>\n<div class=\"\u201cpanel\">\n<div class=\"\u201cpanel-body\u201d\">\n<ul type=\"\u201csquare\u201d\">\n<li>09:00\/11:00 &#8211; Alejandra Alonso Rojas \/ Theory<\/li>\n<li>10:00 &#8211; Sally Lapointe<\/li>\n<li>11:00 &#8211; Vera Wang<\/li>\n<li>12:00 &#8211; Gabriela Hearst<\/li>\n<li>13:00 &#8211; Christian Cowan<\/li>\n<li>13:00\/14:30 &#8211; Claudia Li<\/li>\n<li>14:00 &#8211; Pamela Roland \/ Studio 189<\/li>\n<li>13:00 &#8211; Cynthia Rowley \/ Eckhaus Latta<\/li>\n<li>16:00 &#8211; Luar<\/li>\n<li>17:00 &#8211; Coach 1941<\/li>\n<li>18:00 &#8211; Naeem Khan<\/li>\n<li>19:00 &#8211; Oscar de la Renta<\/li>\n<li>20:00 &#8211; Proenza Schouler<\/li>\n<\/ul>\n<\/div>\n<\/div>\n<p><strong>Mi\u00e9rcoles &#8211; 11 septiembre<\/strong><\/p>\n<div class=\"\u201cpanel\">\n<div class=\"\u201cpanel-body\u201d\">\n<ul type=\"\u201csquare\u201d\">\n<li>Marchesa (solamente con invitaci\u00f3n)<\/li>\n<li>10:00 &#8211; Michael Kors<\/li>\n<li>11:00 &#8211; Dennis Basso \/ Marina Moscone<\/li>\n<li>12:00 &#8211; Borck Collection<\/li>\n<li>13:00 &#8211; Ryan Roche<\/li>\n<li>14:00 &#8211; Matthew Adams Dolan<\/li>\n<li>15:00 &#8211; Badgley Mischka \/ Batsheva<\/li>\n<li>16:00 &#8211; Dion Lee<\/li>\n<li>17:00 &#8211; Libertine \/ Staud<\/li>\n<li>18:00 &#8211; Marc Jacobs<\/li>\n<p><iframe loading=\"lazy\" width=\"560\" height=\"315\" src=\"https:\/\/www.youtube.com\/embed\/L04iuER5emE\" frameborder=\"0\" allow=\"accelerometer; autoplay; encrypted-media; gyroscope; picture-in-picture\" allowfullscreen><\/iframe><\/p>\n","protected":false},"excerpt":{"rendered":"<p>Arrancan los preparativos de la que sin ninguna duda es una de las semanas de la moda m\u00e1s importantes del mundo. El Consejo de Dise\u00f1adores de Moda de Am\u00e9rica (CFDA), acaba de hacer p\u00fablico el calendario oficial (preliminar) de desfiles de su pr\u00f3xima edici\u00f3n, que se celebrar\u00e1 del pr\u00f3ximo 6 al 11 de septiembre de [&hellip;]<\/p>\n","protected":false},"author":1,"featured_media":65686,"comment_status":"closed","ping_status":"closed","sticky":false,"template":"","format":"standard","meta":{"_seopress_robots_primary_cat":"","_seopress_titles_title":"","_seopress_titles_desc":"","_seopress_robots_index":"","footnotes":""},"categories":[228],"tags":[24182,3775,24181],"class_list":{"0":"post-65685","1":"post","2":"type-post","3":"status-publish","4":"format-standard","5":"has-post-thumbnail","7":"category-moda-y-estilos","8":"tag-calendario-oficial-new-york-fashion-week","9":"tag-new-york-fashion-week","10":"tag-new-york-fashion-week-2019"},"_links":{"self":[{"href":"https:\/\/www.cordobatimes.com\/showup\/wp-json\/wp\/v2\/posts\/65685","targetHints":{"allow":["GET"]}}],"collection":[{"href":"https:\/\/www.cordobatimes.com\/showup\/wp-json\/wp\/v2\/posts"}],"about":[{"href":"https:\/\/www.cordobatimes.com\/showup\/wp-json\/wp\/v2\/types\/post"}],"author":[{"embeddable":true,"href":"https:\/\/www.cordobatimes.com\/showup\/wp-json\/wp\/v2\/users\/1"}],"replies":[{"embeddable":true,"href":"https:\/\/www.cordobatimes.com\/showup\/wp-json\/wp\/v2\/comments?post=65685"}],"version-history":[{"count":0,"href":"https:\/\/www.cordobatimes.com\/showup\/wp-json\/wp\/v2\/posts\/65685\/revisions"}],"wp:featuredmedia":[{"embeddable":true,"href":"https:\/\/www.cordobatimes.com\/showup\/wp-json\/wp\/v2\/media\/65686"}],"wp:attachment":[{"href":"https:\/\/www.cordobatimes.com\/showup\/wp-json\/wp\/v2\/media?parent=65685"}],"wp:term":[{"taxonomy":"category","embeddable":true,"href":"https:\/\/www.cordobatimes.com\/showup\/wp-json\/wp\/v2\/categories?post=65685"},{"taxonomy":"post_tag","embeddable":true,"href":"https:\/\/www.cordobatimes.com\/showup\/wp-json\/wp\/v2\/tags?post=65685"}],"curies":[{"name":"wp","href":"https:\/\/api.w.org\/{rel}","templated":true}]}}