{"id":65682,"date":"2019-07-29T11:07:50","date_gmt":"2019-07-29T14:07:50","guid":{"rendered":"https:\/\/www.cordobatimes.com\/showup\/?p=65682"},"modified":"2019-07-29T11:07:50","modified_gmt":"2019-07-29T14:07:50","slug":"el-abogado-de-sergio-denis-hablo-sobre-el-estado-de-salud-del-cantante","status":"publish","type":"post","link":"https:\/\/www.cordobatimes.com\/showup\/famosos\/2019\/07\/29\/el-abogado-de-sergio-denis-hablo-sobre-el-estado-de-salud-del-cantante\/","title":{"rendered":"El abogado de Sergio Denis habl\u00f3 sobre el estado de salud del cantante"},"content":{"rendered":"<h3><strong>Tras \u00a0que la \u00faltima novia del cantante indicara que est\u00e1 en \u00abestado vegetativo\u00bb, el letrado respondi\u00f3 a las preocupaciones de los fans.<\/strong><\/h3>\n<p>A cuatro meses de que\u00a0Sergio Denis\u00a0cayera del escenario a una fosa mientras daba un show y fuera internado inmediatamente, su \u00faltima novia, Ver\u00f3nica Monti, cont\u00f3 que el cantante est\u00e1 en\u00a0\u00abestado vegetativo\u00bb\u00a0y que lo \u00fanico que resta es esperar un milagro.<\/p>\n<p>Ante el testimonio de la mujer, el abogado y amigo de Sergio, Diego Colombo, charl\u00f3 con Implacables y cont\u00f3 c\u00f3mo se encuentra la salud de su cliente. \u00abLas novedades que esperamos todav\u00eda no han llegado, pero \u00e9l est\u00e1 f\u00edsicamente bien asistido y psicodinamicamente bien compensado\u00bb, comenz\u00f3 diciendo. Y agreg\u00f3: \u00abHay esperanzas\u00bb.<\/p>\n<p>Lejos de dejar el tema ah\u00ed, el letrado hizo referencia a las fuertes declaraciones de Ver\u00f3nica: \u00abSon apreciaciones de ella. Yo no puedo decir que sea un estado vegetativo. Lo que s\u00ed s\u00e9 es que \u00e9l tiene los ojos abiertos, hace peque\u00f1os movimientos y tiene una mirada fuerte&#8230;\u00bb.<\/p>\n<p>Y antes de cerrar, Diego devel\u00f3 qu\u00e9 percibe cuando va a visitar a Sergio a la cl\u00ednica y est\u00e1 en contacto con \u00e9l: \u00abCreo que Sergio nos escucha y recibe los est\u00edmulos de quienes lo visitan\u00bb.<\/p>\n","protected":false},"excerpt":{"rendered":"<p>Tras \u00a0que la \u00faltima novia del cantante indicara que est\u00e1 en \u00abestado vegetativo\u00bb, el letrado respondi\u00f3 a las preocupaciones de los fans. A cuatro meses de que\u00a0Sergio Denis\u00a0cayera del escenario a una fosa mientras daba un show y fuera internado inmediatamente, su \u00faltima novia, Ver\u00f3nica Monti, cont\u00f3 que el cantante est\u00e1 en\u00a0\u00abestado vegetativo\u00bb\u00a0y que lo [&hellip;]<\/p>\n","protected":false},"author":1,"featured_media":65683,"comment_status":"closed","ping_status":"closed","sticky":false,"template":"","format":"standard","meta":{"_seopress_robots_primary_cat":"","_seopress_titles_title":"","_seopress_titles_desc":"","_seopress_robots_index":"","footnotes":""},"categories":[4],"tags":[24180,23256],"class_list":{"0":"post-65682","1":"post","2":"type-post","3":"status-publish","4":"format-standard","5":"has-post-thumbnail","7":"category-famosos","8":"tag-abogado-de-sergio-denis","9":"tag-estado-de-salud-de-sergio-denis"},"_links":{"self":[{"href":"https:\/\/www.cordobatimes.com\/showup\/wp-json\/wp\/v2\/posts\/65682","targetHints":{"allow":["GET"]}}],"collection":[{"href":"https:\/\/www.cordobatimes.com\/showup\/wp-json\/wp\/v2\/posts"}],"about":[{"href":"https:\/\/www.cordobatimes.com\/showup\/wp-json\/wp\/v2\/types\/post"}],"author":[{"embeddable":true,"href":"https:\/\/www.cordobatimes.com\/showup\/wp-json\/wp\/v2\/users\/1"}],"replies":[{"embeddable":true,"href":"https:\/\/www.cordobatimes.com\/showup\/wp-json\/wp\/v2\/comments?post=65682"}],"version-history":[{"count":0,"href":"https:\/\/www.cordobatimes.com\/showup\/wp-json\/wp\/v2\/posts\/65682\/revisions"}],"wp:featuredmedia":[{"embeddable":true,"href":"https:\/\/www.cordobatimes.com\/showup\/wp-json\/wp\/v2\/media\/65683"}],"wp:attachment":[{"href":"https:\/\/www.cordobatimes.com\/showup\/wp-json\/wp\/v2\/media?parent=65682"}],"wp:term":[{"taxonomy":"category","embeddable":true,"href":"https:\/\/www.cordobatimes.com\/showup\/wp-json\/wp\/v2\/categories?post=65682"},{"taxonomy":"post_tag","embeddable":true,"href":"https:\/\/www.cordobatimes.com\/showup\/wp-json\/wp\/v2\/tags?post=65682"}],"curies":[{"name":"wp","href":"https:\/\/api.w.org\/{rel}","templated":true}]}}