{"id":65638,"date":"2019-07-26T10:53:18","date_gmt":"2019-07-26T13:53:18","guid":{"rendered":"https:\/\/www.cordobatimes.com\/showup\/?p=65638"},"modified":"2019-07-26T10:53:22","modified_gmt":"2019-07-26T13:53:22","slug":"paulo-londra-sumo-un-segundo-show-en-el-orfeo-tras-agotar-entradas-en-un-dia","status":"publish","type":"post","link":"https:\/\/www.cordobatimes.com\/showup\/musica\/2019\/07\/26\/paulo-londra-sumo-un-segundo-show-en-el-orfeo-tras-agotar-entradas-en-un-dia\/","title":{"rendered":"Paulo Londra sum\u00f3 un segundo show en el  Orfeo tras agotar entradas en un d\u00eda"},"content":{"rendered":"<h3><strong>Despu\u00e9s de haber vendido 10 mil entradas en poco m\u00e1s de 24 horas, el cantante agrego una nueva fecha.\u00a0<\/strong><\/h3>\n<p>El lunes se pusieron a la venta las entradas para ver a Paulo Londra en su primer Orfeo, el s\u00e1bado 7 de septiembre. Un d\u00eda despu\u00e9s s\u00f3lo quedaban entradas con visi\u00f3n restringida, y luego, nada de nada.<\/p>\n<p>La segunda funci\u00f3n estaba al caer, pero faltaba la confirmaci\u00f3n oficial para saber cu\u00e1ndo ser\u00eda la segunda fecha cordobesa del #HomeRunTour con la que el joven artista cordob\u00e9s ratifica el gran momento que pasa dentro y fuera de C\u00f3rdoba (y dentro y fuera de la Argentina).<\/p>\n<p>Ya est\u00e1n a la venta las entradas para el domingo 8 de septiembre en\u00a0www.orfeosuperdomo.com\u00a0y en Tiendas Vesta de Dinosaurio Mall de Alto Verde. El show ser\u00e1 a las 19.<\/p>\n<p>\u00abDebido a esta demanda explosiva en la boleter\u00eda, se confirma la segunda fecha para el domingo 8 de septiembre en el Orfeo Superdomo. Las entradas ya\u00a0est\u00e1n disponibles\u00bb, aseguraron desde la productora. \u00abEl cantautor que ha conquistado a fans en todo el mundo y contin\u00faa liderando los rankings con millones de reproducciones en Spotify y plataformas\u00a0on line, ahora arrasa con un \u00e9xito rotundo en la venta de tickets para la gira presentaci\u00f3n de su \u00e1lbum debut\u00bb.<\/p>\n<p>Londra\u00a0atraviesa un gran momento: est\u00e1 a punto de ingresar en el top 100 de los artistas m\u00e1s escuchados en el mundo entero, sus videos tienen millones de reproducciones, ha ganado premios (como en la \u00faltima edici\u00f3n de los Gardel) y realiz\u00f3 colaboraciones con grandes figuras internacionales como Ed Sheeran.<\/p>\n<h3><strong>Los precios<\/strong><\/h3>\n<p>Sector pista: etapa 1, parados, $ 1.500 (+ $ 270).<\/p>\n<p>Sector Rojo, A-B-C: $ 1.500 (+ $ 270), D-E-F: $ 1.000 (+ $ 180), G-H-I-K: $ 800 (+ $ 144), J: $ 700 (+ $ 126) visi\u00f3n restringida.<\/p>\n<p>Sector Verde y Azul: A: $ 1.500 (+ $ 270), B: $ 1.000 (+ $ 180), C: $ 800 (+ $ 144), D: $ 700 (+ $ 126).<\/p>\n","protected":false},"excerpt":{"rendered":"<p>Despu\u00e9s de haber vendido 10 mil entradas en poco m\u00e1s de 24 horas, el cantante agrego una nueva fecha.\u00a0 El lunes se pusieron a la venta las entradas para ver a Paulo Londra en su primer Orfeo, el s\u00e1bado 7 de septiembre. Un d\u00eda despu\u00e9s s\u00f3lo quedaban entradas con visi\u00f3n restringida, y luego, nada de [&hellip;]<\/p>\n","protected":false},"author":1,"featured_media":65639,"comment_status":"closed","ping_status":"closed","sticky":false,"template":"","format":"standard","meta":{"_seopress_robots_primary_cat":"","_seopress_titles_title":"","_seopress_titles_desc":"","_seopress_robots_index":"","footnotes":""},"categories":[5],"tags":[21367,24146],"class_list":{"0":"post-65638","1":"post","2":"type-post","3":"status-publish","4":"format-standard","5":"has-post-thumbnail","7":"category-musica","8":"tag-paulo-londra","9":"tag-paulo-londra-en-el-orfeo"},"_links":{"self":[{"href":"https:\/\/www.cordobatimes.com\/showup\/wp-json\/wp\/v2\/posts\/65638","targetHints":{"allow":["GET"]}}],"collection":[{"href":"https:\/\/www.cordobatimes.com\/showup\/wp-json\/wp\/v2\/posts"}],"about":[{"href":"https:\/\/www.cordobatimes.com\/showup\/wp-json\/wp\/v2\/types\/post"}],"author":[{"embeddable":true,"href":"https:\/\/www.cordobatimes.com\/showup\/wp-json\/wp\/v2\/users\/1"}],"replies":[{"embeddable":true,"href":"https:\/\/www.cordobatimes.com\/showup\/wp-json\/wp\/v2\/comments?post=65638"}],"version-history":[{"count":0,"href":"https:\/\/www.cordobatimes.com\/showup\/wp-json\/wp\/v2\/posts\/65638\/revisions"}],"wp:featuredmedia":[{"embeddable":true,"href":"https:\/\/www.cordobatimes.com\/showup\/wp-json\/wp\/v2\/media\/65639"}],"wp:attachment":[{"href":"https:\/\/www.cordobatimes.com\/showup\/wp-json\/wp\/v2\/media?parent=65638"}],"wp:term":[{"taxonomy":"category","embeddable":true,"href":"https:\/\/www.cordobatimes.com\/showup\/wp-json\/wp\/v2\/categories?post=65638"},{"taxonomy":"post_tag","embeddable":true,"href":"https:\/\/www.cordobatimes.com\/showup\/wp-json\/wp\/v2\/tags?post=65638"}],"curies":[{"name":"wp","href":"https:\/\/api.w.org\/{rel}","templated":true}]}}