{"id":65630,"date":"2019-07-26T10:20:49","date_gmt":"2019-07-26T13:20:49","guid":{"rendered":"https:\/\/www.cordobatimes.com\/showup\/?p=65630"},"modified":"2019-07-26T10:20:49","modified_gmt":"2019-07-26T13:20:49","slug":"tini-stoessel-presento-su-nueva-cancion-sueltate-el-pelo","status":"publish","type":"post","link":"https:\/\/www.cordobatimes.com\/showup\/musica\/2019\/07\/26\/tini-stoessel-presento-su-nueva-cancion-sueltate-el-pelo\/","title":{"rendered":"Tini Stoessel present\u00f3 su nueva canci\u00f3n  \u00abSu\u00e9ltate el pelo\u00bb"},"content":{"rendered":"<h3><strong>La joven artista lanz\u00f3 su reciente tema \u00abSu\u00e9ltate el pelo\u00bb, que ya tiene miles de reproducciones<\/strong><\/h3>\n<p>La espera termin\u00f3 y hace unas pocas horas, la nueva figura del pop argentino Tini Stoessel, dio aviso con una tierna serie de fotos en su Instastories a sus m\u00e1s de 9 millones de followers, que su reciente single \u201cSu\u00e9ltate el pelo\u201d ya est\u00e1 disponible en todas las plataformas.<\/p>\n<p><img alt=\"\" loading=\"lazy\" decoding=\"async\" class=\"alignnone size-full wp-image-65632\" src=\"https:\/\/www.cordobatimes.com\/showup\/wp-content\/uploads\/2019\/07\/tene1-219x414.jpg\" alt=\"\" width=\"219\" height=\"414\" \/><\/p>\n<p><img alt=\"\" loading=\"lazy\" decoding=\"async\" class=\"alignnone size-full wp-image-65633\" src=\"https:\/\/www.cordobatimes.com\/showup\/wp-content\/uploads\/2019\/07\/tene2-219x414.jpg\" alt=\"\" width=\"219\" height=\"414\" \/><\/p>\n<p>&nbsp;<\/p>\n<p><img alt=\"\" loading=\"lazy\" decoding=\"async\" class=\"alignnone size-full wp-image-65634\" src=\"https:\/\/www.cordobatimes.com\/showup\/wp-content\/uploads\/2019\/07\/tene3-217x414.jpg\" alt=\"\" width=\"217\" height=\"414\" \/><\/p>\n<p><img alt=\"\" loading=\"lazy\" decoding=\"async\" class=\"alignnone size-full wp-image-65635\" src=\"https:\/\/www.cordobatimes.com\/showup\/wp-content\/uploads\/2019\/07\/tene4-218x414.jpg\" alt=\"\" width=\"218\" height=\"414\" \/><\/p>\n<p><img alt=\"\" loading=\"lazy\" decoding=\"async\" class=\"alignnone size-full wp-image-65636\" src=\"https:\/\/www.cordobatimes.com\/showup\/wp-content\/uploads\/2019\/07\/tene5-217x414.jpg\" alt=\"\" width=\"217\" height=\"414\" \/><\/p>\n<p>La joven cantante, que se encuentra en plena gira de conciertos #QuieroVolverTour, est\u00e1 viviendo uno de los mejores momentos tanto art\u00edstico como personalmente.<\/p>\n<p>Con tan solo 22 a\u00f1os, Martina es una de las figuras de pop latino m\u00e1s buscadas por la industria musical. En la era de los \u201cfeat\u201d -o \u201ccolaboraciones\u201d, en su traducci\u00f3n al castellano-, ha trabajado con reconocidos int\u00e9rpretes como el d\u00fao colombiano, Cali y El Dandee; el cantante de reggaeton venezolano, Nacho; la mism\u00edsima Karol G; y hasta la revelaci\u00f3n masculina de la balada rom\u00e1ntica, Sebasti\u00e1n Yatra.<\/p>\n<p>\u201cSu\u00e9ltate el pelo\u201d es ahora su nuevo single y se estima que el videoclip alcance un mill\u00f3n de reproducciones en menos de 24 horas. En esta producci\u00f3n se la ve a Tini disfrutar con amigas, una de ellas, la famosa actriz mexicana Camila Sodi, con la que da vueltas adrenal\u00ednicas en un auto descapotable y una producci\u00f3n fotogr\u00e1fica resplandecientes en color dorado. Una canci\u00f3n movida, que invita a dejarse llevar y bailarla hasta la \u00faltima melod\u00eda.<\/p>\n<p><iframe loading=\"lazy\" width=\"560\" height=\"315\" src=\"https:\/\/www.youtube.com\/embed\/SRt0KAMCI4Q\" frameborder=\"0\" allow=\"accelerometer; autoplay; encrypted-media; gyroscope; picture-in-picture\" allowfullscreen><\/iframe><\/p>\n","protected":false},"excerpt":{"rendered":"<p>La joven artista lanz\u00f3 su reciente tema \u00abSu\u00e9ltate el pelo\u00bb, que ya tiene miles de reproducciones La espera termin\u00f3 y hace unas pocas horas, la nueva figura del pop argentino Tini Stoessel, dio aviso con una tierna serie de fotos en su Instastories a sus m\u00e1s de 9 millones de followers, que su reciente single [&hellip;]<\/p>\n","protected":false},"author":1,"featured_media":65631,"comment_status":"closed","ping_status":"closed","sticky":false,"template":"","format":"standard","meta":{"_seopress_robots_primary_cat":"","_seopress_titles_title":"","_seopress_titles_desc":"","_seopress_robots_index":"","footnotes":""},"categories":[5],"tags":[24164,24165],"class_list":{"0":"post-65630","1":"post","2":"type-post","3":"status-publish","4":"format-standard","5":"has-post-thumbnail","7":"category-musica","8":"tag-sueltate-el-pelo","9":"tag-tini-stoessel-sueltate-el-pelo"},"_links":{"self":[{"href":"https:\/\/www.cordobatimes.com\/showup\/wp-json\/wp\/v2\/posts\/65630","targetHints":{"allow":["GET"]}}],"collection":[{"href":"https:\/\/www.cordobatimes.com\/showup\/wp-json\/wp\/v2\/posts"}],"about":[{"href":"https:\/\/www.cordobatimes.com\/showup\/wp-json\/wp\/v2\/types\/post"}],"author":[{"embeddable":true,"href":"https:\/\/www.cordobatimes.com\/showup\/wp-json\/wp\/v2\/users\/1"}],"replies":[{"embeddable":true,"href":"https:\/\/www.cordobatimes.com\/showup\/wp-json\/wp\/v2\/comments?post=65630"}],"version-history":[{"count":0,"href":"https:\/\/www.cordobatimes.com\/showup\/wp-json\/wp\/v2\/posts\/65630\/revisions"}],"wp:featuredmedia":[{"embeddable":true,"href":"https:\/\/www.cordobatimes.com\/showup\/wp-json\/wp\/v2\/media\/65631"}],"wp:attachment":[{"href":"https:\/\/www.cordobatimes.com\/showup\/wp-json\/wp\/v2\/media?parent=65630"}],"wp:term":[{"taxonomy":"category","embeddable":true,"href":"https:\/\/www.cordobatimes.com\/showup\/wp-json\/wp\/v2\/categories?post=65630"},{"taxonomy":"post_tag","embeddable":true,"href":"https:\/\/www.cordobatimes.com\/showup\/wp-json\/wp\/v2\/tags?post=65630"}],"curies":[{"name":"wp","href":"https:\/\/api.w.org\/{rel}","templated":true}]}}