{"id":65622,"date":"2019-07-25T13:18:12","date_gmt":"2019-07-25T16:18:12","guid":{"rendered":"https:\/\/www.cordobatimes.com\/showup\/?p=65622"},"modified":"2019-07-25T13:18:12","modified_gmt":"2019-07-25T16:18:12","slug":"sylvester-stallone-confirmo-que-se-viene-la-serie-de-rocky-balboa","status":"publish","type":"post","link":"https:\/\/www.cordobatimes.com\/showup\/cine-y-series\/2019\/07\/25\/sylvester-stallone-confirmo-que-se-viene-la-serie-de-rocky-balboa\/","title":{"rendered":"Sylvester Stallone confirm\u00f3  que se viene la serie de Rocky Balboa"},"content":{"rendered":"<h3><strong>El actor \u00a0cont\u00f3 que est\u00e1 trabajando en una nueva pel\u00edcula y adem\u00e1s en una serie con el ic\u00f3nico boxeador como protagonista.<\/strong><\/h3>\n<p>En una extensa entrevista brindada a la revista norteamericana Variety, Sylvester Stallone \u2013el hombre que mantiene su vigencia en el cine de acci\u00f3n a sus 73 a\u00f1os\u2013 se quej\u00f3 de que nunca pudo obtener los derechos de propiedad de Rocky y que por ello obtuvo s\u00f3lo una fracci\u00f3n del dinero que le correspond\u00eda como creador del boxeador.<\/p>\n<p>\u00abDespu\u00e9s de que\u00a0Rocky II\u00a0saliera e hiciera un mont\u00f3n de dinero y luego\u00a0Rocky III\u00a0golpeara y ganara a\u00fan m\u00e1s, dije que me gustar\u00eda tener algo de propiedad, ya que lo invent\u00e9. Y eso nunca sucedi\u00f3. As\u00ed que no tengo ninguna propiedad de Rocky\u00bb, relat\u00f3 acerca del personaje que apareci\u00f3 hasta ahora en ocho filmes desde 1976.<\/p>\n<p>Aquella cinta original fue un \u00e9xito rotundo de p\u00fablico y cr\u00edtica, al punto de que obtuvo tres premios Oscar de la Academia de Hollywood, incluyendo nada menos que los galardones a mejor pel\u00edcula, mejor director para John G. Avildsen y mejor edici\u00f3n.<\/p>\n<p><img alt=\"\" loading=\"lazy\" decoding=\"async\" class=\"alignnone size-full wp-image-65625\" src=\"https:\/\/www.cordobatimes.com\/showup\/wp-content\/uploads\/2019\/07\/rocky_2_1564065724.jpeg\" alt=\"\" width=\"1020\" height=\"560\" srcset=\"https:\/\/www.cordobatimes.com\/showup\/wp-content\/uploads\/2019\/07\/rocky_2_1564065724.jpeg 1020w, https:\/\/www.cordobatimes.com\/showup\/wp-content\/uploads\/2019\/07\/rocky_2_1564065724-760x417.jpeg 760w, https:\/\/www.cordobatimes.com\/showup\/wp-content\/uploads\/2019\/07\/rocky_2_1564065724-750x412.jpeg 750w, https:\/\/www.cordobatimes.com\/showup\/wp-content\/uploads\/2019\/07\/rocky_2_1564065724-768x422.jpeg 768w, https:\/\/www.cordobatimes.com\/showup\/wp-content\/uploads\/2019\/07\/rocky_2_1564065724-696x382.jpeg 696w, https:\/\/www.cordobatimes.com\/showup\/wp-content\/uploads\/2019\/07\/rocky_2_1564065724-765x420.jpeg 765w\" sizes=\"auto, (max-width: 1020px) 100vw, 1020px\" \/><\/p>\n<p>&nbsp;<\/p>\n<p>El mismo Stallone consigui\u00f3 dos nominaciones por la cinta, como mejor actor protag\u00f3nico y mejor gui\u00f3n original.<\/p>\n<p>Luego llegar\u00edan cinco secuelas y dos\u00a0spin-off,\u00a0Creed\u00a0y\u00a0Creed II, en las que Stallone encarna ya a un\u00a0Rocky Balboa\u00a0entrenador del hijo de su antiguo rival y amigo Apollo Creed.<\/p>\n<p><img alt=\"\" loading=\"lazy\" decoding=\"async\" class=\"alignnone size-full wp-image-65626\" src=\"https:\/\/www.cordobatimes.com\/showup\/wp-content\/uploads\/2019\/07\/rocky_3_1564065724.jpg\" alt=\"\" width=\"1020\" height=\"560\" srcset=\"https:\/\/www.cordobatimes.com\/showup\/wp-content\/uploads\/2019\/07\/rocky_3_1564065724.jpg 1020w, https:\/\/www.cordobatimes.com\/showup\/wp-content\/uploads\/2019\/07\/rocky_3_1564065724-760x417.jpg 760w, https:\/\/www.cordobatimes.com\/showup\/wp-content\/uploads\/2019\/07\/rocky_3_1564065724-750x412.jpg 750w, https:\/\/www.cordobatimes.com\/showup\/wp-content\/uploads\/2019\/07\/rocky_3_1564065724-768x422.jpg 768w, https:\/\/www.cordobatimes.com\/showup\/wp-content\/uploads\/2019\/07\/rocky_3_1564065724-696x382.jpg 696w, https:\/\/www.cordobatimes.com\/showup\/wp-content\/uploads\/2019\/07\/rocky_3_1564065724-765x420.jpg 765w\" sizes=\"auto, (max-width: 1020px) 100vw, 1020px\" \/><\/p>\n<p>\u00abEstaba muy enojado; Rocky est\u00e1 en la televisi\u00f3n en todo el mundo m\u00e1s que cualquier otra pel\u00edcula ganadora del Oscar que no sea\u00a0El Padrino. Hay seis entregas, y ahora tienes\u00a0Creed\u00a0y\u00a0Creed II\u00bb, dijo Stallone.<\/p>\n<p>Pese a esos dolores de cabeza en t\u00e9rminos de derechos de explotaci\u00f3n y dividendos por los filmes, el actor asegur\u00f3 que estaba interesado en continuar con la saga.<\/p>\n<p><img alt=\"\" loading=\"lazy\" decoding=\"async\" class=\"alignnone size-full wp-image-65627\" src=\"https:\/\/www.cordobatimes.com\/showup\/wp-content\/uploads\/2019\/07\/rocky_4_1564065724.jpg\" alt=\"\" width=\"1020\" height=\"560\" srcset=\"https:\/\/www.cordobatimes.com\/showup\/wp-content\/uploads\/2019\/07\/rocky_4_1564065724.jpg 1020w, https:\/\/www.cordobatimes.com\/showup\/wp-content\/uploads\/2019\/07\/rocky_4_1564065724-760x417.jpg 760w, https:\/\/www.cordobatimes.com\/showup\/wp-content\/uploads\/2019\/07\/rocky_4_1564065724-750x412.jpg 750w, https:\/\/www.cordobatimes.com\/showup\/wp-content\/uploads\/2019\/07\/rocky_4_1564065724-768x422.jpg 768w, https:\/\/www.cordobatimes.com\/showup\/wp-content\/uploads\/2019\/07\/rocky_4_1564065724-696x382.jpg 696w, https:\/\/www.cordobatimes.com\/showup\/wp-content\/uploads\/2019\/07\/rocky_4_1564065724-765x420.jpg 765w\" sizes=\"auto, (max-width: 1020px) 100vw, 1020px\" \/><\/p>\n<p>Por un lado, manifest\u00f3 inter\u00e9s en producir una serie de televisi\u00f3n que funcionar\u00eda como una precuela de las pel\u00edculas, antes de que Rocky se convirtiera en un boxeador de renombre.<\/p>\n<p>Su segunda idea es una nueva secuela de la saga de\u00a0Rocky\u00a0ambientada en el presente, tras los hechos ocurridos en la\u00a0Creed\u00a0de 2018.<\/p>\n<p>\u00abRocky conoce a una persona joven y enojada que se qued\u00f3 atrapada en el pa\u00eds cuando viene a ver a su hermana. Lo incluye en su vida, comienzan incre\u00edbles aventuras, y terminan al sur de la frontera. Es muy, muy oportuno\u00bb, cont\u00f3 el actor, que pretende as\u00ed abordar el espinoso tema de la inmigraci\u00f3n en Estados Unidos a trav\u00e9s de su personaje m\u00e1s famoso.<\/p>\n","protected":false},"excerpt":{"rendered":"<p>El actor \u00a0cont\u00f3 que est\u00e1 trabajando en una nueva pel\u00edcula y adem\u00e1s en una serie con el ic\u00f3nico boxeador como protagonista. En una extensa entrevista brindada a la revista norteamericana Variety, Sylvester Stallone \u2013el hombre que mantiene su vigencia en el cine de acci\u00f3n a sus 73 a\u00f1os\u2013 se quej\u00f3 de que nunca pudo obtener [&hellip;]<\/p>\n","protected":false},"author":1,"featured_media":65623,"comment_status":"closed","ping_status":"closed","sticky":false,"template":"","format":"standard","meta":{"_seopress_robots_primary_cat":"","_seopress_titles_title":"","_seopress_titles_desc":"","_seopress_robots_index":"","footnotes":""},"categories":[3],"tags":[24162,24163],"class_list":{"0":"post-65622","1":"post","2":"type-post","3":"status-publish","4":"format-standard","5":"has-post-thumbnail","7":"category-cine-y-series","8":"tag-serie-de-rocky-balboa","9":"tag-sylvester-stallone-rocky-balboa"},"_links":{"self":[{"href":"https:\/\/www.cordobatimes.com\/showup\/wp-json\/wp\/v2\/posts\/65622","targetHints":{"allow":["GET"]}}],"collection":[{"href":"https:\/\/www.cordobatimes.com\/showup\/wp-json\/wp\/v2\/posts"}],"about":[{"href":"https:\/\/www.cordobatimes.com\/showup\/wp-json\/wp\/v2\/types\/post"}],"author":[{"embeddable":true,"href":"https:\/\/www.cordobatimes.com\/showup\/wp-json\/wp\/v2\/users\/1"}],"replies":[{"embeddable":true,"href":"https:\/\/www.cordobatimes.com\/showup\/wp-json\/wp\/v2\/comments?post=65622"}],"version-history":[{"count":0,"href":"https:\/\/www.cordobatimes.com\/showup\/wp-json\/wp\/v2\/posts\/65622\/revisions"}],"wp:featuredmedia":[{"embeddable":true,"href":"https:\/\/www.cordobatimes.com\/showup\/wp-json\/wp\/v2\/media\/65623"}],"wp:attachment":[{"href":"https:\/\/www.cordobatimes.com\/showup\/wp-json\/wp\/v2\/media?parent=65622"}],"wp:term":[{"taxonomy":"category","embeddable":true,"href":"https:\/\/www.cordobatimes.com\/showup\/wp-json\/wp\/v2\/categories?post=65622"},{"taxonomy":"post_tag","embeddable":true,"href":"https:\/\/www.cordobatimes.com\/showup\/wp-json\/wp\/v2\/tags?post=65622"}],"curies":[{"name":"wp","href":"https:\/\/api.w.org\/{rel}","templated":true}]}}