{"id":65608,"date":"2019-07-25T09:10:43","date_gmt":"2019-07-25T12:10:43","guid":{"rendered":"https:\/\/www.cordobatimes.com\/showup\/?p=65608"},"modified":"2019-07-25T09:10:43","modified_gmt":"2019-07-25T12:10:43","slug":"pelicula-protagonizada-por-mick-jagger-cerrara-el-festival-de-venecia","status":"publish","type":"post","link":"https:\/\/www.cordobatimes.com\/showup\/cine-y-series\/2019\/07\/25\/pelicula-protagonizada-por-mick-jagger-cerrara-el-festival-de-venecia\/","title":{"rendered":"Pel\u00edcula protagonizada por Mick Jagger cerrar\u00e1 el Festival de Venecia"},"content":{"rendered":"<h3><strong>Se acerca el Festival de Cine de Venecia y se ha conocido cu\u00e1l es el film encargado de cerrar el prestigioso evento.\u00a0\u00a0<\/strong><\/h3>\n<p>The Burnt Orange Heresy, dirigida por el italiano Giuseppe Capotondi dar\u00e1 clausura al festival el 7 de septiembre en la Sala Grande del Palacio del Cine Lido de Venecia.<\/p>\n<p>Capotondi es conocido por films como La Doppia Ora (2009) y series como Suburra y ahora trae esta nueva producci\u00f3n que ronda en torno al mundo del arte con un tinte de thriller.<\/p>\n<p>Este film cuenta con un actor muy especial: Mick Jagger, quien comparte pantalla con Claes Bang, Elizabeth Debicki, Donald Sutherland. Jagger interpreta a Cassidy, un importante coleccionista de arte que planea robar la obra maestra del pintor Jerome Debney.<\/p>\n<p>Esta no es la primera vez que el frontman de los Rolling Stones se anima a la actuaci\u00f3n pero s\u00ed es su primer papel en mucho tiempo. Para el cierre del festival estar\u00e1n presentes varios de los actores.<\/p>\n<p>La 76\u00b0 edici\u00f3n de la Muestra del Cine de Venecia tendr\u00e1 lugar del 28 agosto al 7 de septiembre y para su apertura exhibir\u00e1 el film La V\u00e9rit\u00e9, de Hirokazu Koreeda, que cuenta con las actuaciones de Catherine Deneuve, Juliette Binoche y Ethan Hawke.<\/p>\n","protected":false},"excerpt":{"rendered":"<p>Se acerca el Festival de Cine de Venecia y se ha conocido cu\u00e1l es el film encargado de cerrar el prestigioso evento.\u00a0\u00a0 The Burnt Orange Heresy, dirigida por el italiano Giuseppe Capotondi dar\u00e1 clausura al festival el 7 de septiembre en la Sala Grande del Palacio del Cine Lido de Venecia. Capotondi es conocido por [&hellip;]<\/p>\n","protected":false},"author":1,"featured_media":65609,"comment_status":"closed","ping_status":"closed","sticky":false,"template":"","format":"standard","meta":{"_seopress_robots_primary_cat":"","_seopress_titles_title":"","_seopress_titles_desc":"","_seopress_robots_index":"","footnotes":""},"categories":[3],"tags":[15901,24159,24160],"class_list":{"0":"post-65608","1":"post","2":"type-post","3":"status-publish","4":"format-standard","5":"has-post-thumbnail","7":"category-cine-y-series","8":"tag-festival-de-cine-de-venecia","9":"tag-mick-jagger-cerrara-el-festival-de-venecia","10":"tag-the-burnt-orange-heresy"},"_links":{"self":[{"href":"https:\/\/www.cordobatimes.com\/showup\/wp-json\/wp\/v2\/posts\/65608","targetHints":{"allow":["GET"]}}],"collection":[{"href":"https:\/\/www.cordobatimes.com\/showup\/wp-json\/wp\/v2\/posts"}],"about":[{"href":"https:\/\/www.cordobatimes.com\/showup\/wp-json\/wp\/v2\/types\/post"}],"author":[{"embeddable":true,"href":"https:\/\/www.cordobatimes.com\/showup\/wp-json\/wp\/v2\/users\/1"}],"replies":[{"embeddable":true,"href":"https:\/\/www.cordobatimes.com\/showup\/wp-json\/wp\/v2\/comments?post=65608"}],"version-history":[{"count":0,"href":"https:\/\/www.cordobatimes.com\/showup\/wp-json\/wp\/v2\/posts\/65608\/revisions"}],"wp:featuredmedia":[{"embeddable":true,"href":"https:\/\/www.cordobatimes.com\/showup\/wp-json\/wp\/v2\/media\/65609"}],"wp:attachment":[{"href":"https:\/\/www.cordobatimes.com\/showup\/wp-json\/wp\/v2\/media?parent=65608"}],"wp:term":[{"taxonomy":"category","embeddable":true,"href":"https:\/\/www.cordobatimes.com\/showup\/wp-json\/wp\/v2\/categories?post=65608"},{"taxonomy":"post_tag","embeddable":true,"href":"https:\/\/www.cordobatimes.com\/showup\/wp-json\/wp\/v2\/tags?post=65608"}],"curies":[{"name":"wp","href":"https:\/\/api.w.org\/{rel}","templated":true}]}}