{"id":65605,"date":"2019-07-24T11:31:38","date_gmt":"2019-07-24T14:31:38","guid":{"rendered":"https:\/\/www.cordobatimes.com\/showup\/?p=65605"},"modified":"2019-07-24T11:31:38","modified_gmt":"2019-07-24T14:31:38","slug":"primer-trailer-de-apache-la-vida-de-carlos-tevez","status":"publish","type":"post","link":"https:\/\/www.cordobatimes.com\/showup\/cine-y-series\/2019\/07\/24\/primer-trailer-de-apache-la-vida-de-carlos-tevez\/","title":{"rendered":"Primer tr\u00e1iler de \u00abApache: la vida de Carlos T\u00e9vez\u00bb"},"content":{"rendered":"<h3><strong>Netflix lanz\u00f3 el tr\u00e1iler de\u00a0Apache: La vida de Carlos T\u00e9vez, serie que recrea la historia del futbolista desde su dura infancia hasta su debut en Boca.<\/strong><\/h3>\n<p>Netflix no se queda atr\u00e1s en el terreno de biopics televisivas que hoy acapara la serie de Monz\u00f3n. El servicio streaming lanz\u00f3 el tr\u00e1iler de Apache: la vida de Carlos T\u00e9vez, serie de ocho episodios que cuenta el ascenso del jugador de f\u00fatbol profesional argentino desde su problem\u00e1tica infancia hasta su debut en Boca Juniors.<\/p>\n<p>T\u00e9vez creci\u00f3 en \u201cFuerte Apache\u201d, un barrio rodeado de pandillas y violencia derivada del tr\u00e1fico de drogas, y de all\u00ed el t\u00edtulo de la serie, que estrena el 16 de agosto.<\/p>\n<p>Producida por Torneos y dirigida por\u00a0Adri\u00e1n Caetano, contar\u00e1 con las actuaciones de Balthazar Murillo, Sof\u00eda Gala Castiglione, Vanesa Gonz\u00e1lez, Alberto Ajaka, Diego P\u00e9rez y Patricio Contreras.<\/p>\n<p><iframe loading=\"lazy\" src=\"https:\/\/www.youtube.com\/embed\/cJddE9XX2ds\" width=\"560\" height=\"315\" frameborder=\"0\" allowfullscreen=\"allowfullscreen\"><\/iframe><\/p>\n","protected":false},"excerpt":{"rendered":"<p>Netflix lanz\u00f3 el tr\u00e1iler de\u00a0Apache: La vida de Carlos T\u00e9vez, serie que recrea la historia del futbolista desde su dura infancia hasta su debut en Boca. Netflix no se queda atr\u00e1s en el terreno de biopics televisivas que hoy acapara la serie de Monz\u00f3n. El servicio streaming lanz\u00f3 el tr\u00e1iler de Apache: la vida de [&hellip;]<\/p>\n","protected":false},"author":1,"featured_media":65606,"comment_status":"closed","ping_status":"closed","sticky":false,"template":"","format":"standard","meta":{"_seopress_robots_primary_cat":"","_seopress_titles_title":"","_seopress_titles_desc":"","_seopress_robots_index":"","footnotes":""},"categories":[3],"tags":[24157,24158],"class_list":{"0":"post-65605","1":"post","2":"type-post","3":"status-publish","4":"format-standard","5":"has-post-thumbnail","7":"category-cine-y-series","8":"tag-apache-la-vida-de-carlos-tevez","9":"tag-serie-de-carlos-tevez"},"_links":{"self":[{"href":"https:\/\/www.cordobatimes.com\/showup\/wp-json\/wp\/v2\/posts\/65605","targetHints":{"allow":["GET"]}}],"collection":[{"href":"https:\/\/www.cordobatimes.com\/showup\/wp-json\/wp\/v2\/posts"}],"about":[{"href":"https:\/\/www.cordobatimes.com\/showup\/wp-json\/wp\/v2\/types\/post"}],"author":[{"embeddable":true,"href":"https:\/\/www.cordobatimes.com\/showup\/wp-json\/wp\/v2\/users\/1"}],"replies":[{"embeddable":true,"href":"https:\/\/www.cordobatimes.com\/showup\/wp-json\/wp\/v2\/comments?post=65605"}],"version-history":[{"count":0,"href":"https:\/\/www.cordobatimes.com\/showup\/wp-json\/wp\/v2\/posts\/65605\/revisions"}],"wp:featuredmedia":[{"embeddable":true,"href":"https:\/\/www.cordobatimes.com\/showup\/wp-json\/wp\/v2\/media\/65606"}],"wp:attachment":[{"href":"https:\/\/www.cordobatimes.com\/showup\/wp-json\/wp\/v2\/media?parent=65605"}],"wp:term":[{"taxonomy":"category","embeddable":true,"href":"https:\/\/www.cordobatimes.com\/showup\/wp-json\/wp\/v2\/categories?post=65605"},{"taxonomy":"post_tag","embeddable":true,"href":"https:\/\/www.cordobatimes.com\/showup\/wp-json\/wp\/v2\/tags?post=65605"}],"curies":[{"name":"wp","href":"https:\/\/api.w.org\/{rel}","templated":true}]}}