{"id":65602,"date":"2019-07-24T11:03:27","date_gmt":"2019-07-24T14:03:27","guid":{"rendered":"https:\/\/www.cordobatimes.com\/showup\/?p=65602"},"modified":"2019-07-24T11:03:27","modified_gmt":"2019-07-24T14:03:27","slug":"vuelve-abel-pintos-a-cordoba-y-tocara-en-el-kempes","status":"publish","type":"post","link":"https:\/\/www.cordobatimes.com\/showup\/musica\/2019\/07\/24\/vuelve-abel-pintos-a-cordoba-y-tocara-en-el-kempes\/","title":{"rendered":"Vuelve Abel Pintos a c\u00f3rdoba  y tocar\u00e1 en el Kempes"},"content":{"rendered":"<h3><strong>El cantante se presentar\u00e1 en el marco de la fiesta del D\u00eda del Ni\u00f1o que organiza la Provincia<\/strong><\/h3>\n<p>Para salir de gira falta bastante a\u00fan, pero me provoca mucha alegr\u00eda saber que vamos a tener un encuentro especial el 18 de agosto en el estadio Mario Kempes de la ciudad de C\u00f3rdoba para celebrar junto a todos ustedes y los amigos de Cadena 3 un nuevo D\u00eda del Ni\u00f1o\u00bb. As\u00ed anunci\u00f3 Abel Pintos en su cuenta de Twitter lo que ser\u00e1 su pr\u00f3xima actuaci\u00f3n en la ciudad.<\/p>\n<p>El show de Pintos ser\u00e1 en el marco de los festejos por el D\u00eda del Ni\u00f1o que organiza todos los a\u00f1os la Provincia junto con Cadena 3 y, seg\u00fan se supo, ser\u00e1 la \u00fanica presentaci\u00f3n del cantante bonaerense en C\u00f3rdoba lo que queda de este a\u00f1o.<\/p>\n<p>El festival comenzar\u00e1 desde las 10 y tambi\u00e9n actuar\u00e1n\u00a0Solcito Fijo, Carlitos Ponce, Destino San Javier y Dami\u00e1n C\u00f3rdoba. La entrada ser\u00e1 libre y gratuita.<\/p>\n<blockquote class=\"twitter-tweet\">\n<p dir=\"ltr\" lang=\"es\">Para salir de gira falta bastante aun, pero me provoca mucha alegr\u00eda saber que vamos a tener un encuentro especial el 18 de Agosto en el estadio Mario Kempes de la ciudad de C\u00f3rdoba para celebrar junto a todos ustedes y los amigos de <a href=\"https:\/\/twitter.com\/Cadena3Com?ref_src=twsrc%5Etfw\">@Cadena3Com<\/a> un nuevo D\u00eda del ni\u00f1o. \ud83d\ude0d<\/p>\n<p>\u2014 Abel Pintos (@AbelPintos) <a href=\"https:\/\/twitter.com\/AbelPintos\/status\/1153674989800964097?ref_src=twsrc%5Etfw\">July 23, 2019<\/a><\/p><\/blockquote>\n<p><script async src=\"https:\/\/platform.twitter.com\/widgets.js\" charset=\"utf-8\"><\/script><\/p>\n","protected":false},"excerpt":{"rendered":"<p>El cantante se presentar\u00e1 en el marco de la fiesta del D\u00eda del Ni\u00f1o que organiza la Provincia Para salir de gira falta bastante a\u00fan, pero me provoca mucha alegr\u00eda saber que vamos a tener un encuentro especial el 18 de agosto en el estadio Mario Kempes de la ciudad de C\u00f3rdoba para celebrar junto [&hellip;]<\/p>\n","protected":false},"author":1,"featured_media":65603,"comment_status":"closed","ping_status":"closed","sticky":false,"template":"","format":"standard","meta":{"_seopress_robots_primary_cat":"","_seopress_titles_title":"","_seopress_titles_desc":"","_seopress_robots_index":"","footnotes":""},"categories":[5],"tags":[10396,24156],"class_list":{"0":"post-65602","1":"post","2":"type-post","3":"status-publish","4":"format-standard","5":"has-post-thumbnail","7":"category-musica","8":"tag-abel-pintos-en-cordoba","9":"tag-abel-pintos-en-el-kempes"},"_links":{"self":[{"href":"https:\/\/www.cordobatimes.com\/showup\/wp-json\/wp\/v2\/posts\/65602","targetHints":{"allow":["GET"]}}],"collection":[{"href":"https:\/\/www.cordobatimes.com\/showup\/wp-json\/wp\/v2\/posts"}],"about":[{"href":"https:\/\/www.cordobatimes.com\/showup\/wp-json\/wp\/v2\/types\/post"}],"author":[{"embeddable":true,"href":"https:\/\/www.cordobatimes.com\/showup\/wp-json\/wp\/v2\/users\/1"}],"replies":[{"embeddable":true,"href":"https:\/\/www.cordobatimes.com\/showup\/wp-json\/wp\/v2\/comments?post=65602"}],"version-history":[{"count":0,"href":"https:\/\/www.cordobatimes.com\/showup\/wp-json\/wp\/v2\/posts\/65602\/revisions"}],"wp:featuredmedia":[{"embeddable":true,"href":"https:\/\/www.cordobatimes.com\/showup\/wp-json\/wp\/v2\/media\/65603"}],"wp:attachment":[{"href":"https:\/\/www.cordobatimes.com\/showup\/wp-json\/wp\/v2\/media?parent=65602"}],"wp:term":[{"taxonomy":"category","embeddable":true,"href":"https:\/\/www.cordobatimes.com\/showup\/wp-json\/wp\/v2\/categories?post=65602"},{"taxonomy":"post_tag","embeddable":true,"href":"https:\/\/www.cordobatimes.com\/showup\/wp-json\/wp\/v2\/tags?post=65602"}],"curies":[{"name":"wp","href":"https:\/\/api.w.org\/{rel}","templated":true}]}}