{"id":65588,"date":"2019-07-23T19:00:24","date_gmt":"2019-07-23T22:00:24","guid":{"rendered":"https:\/\/www.cordobatimes.com\/showup\/?p=65588"},"modified":"2019-07-23T19:00:24","modified_gmt":"2019-07-23T22:00:24","slug":"la-moda-de-los-70-esta-de-vuelta","status":"publish","type":"post","link":"https:\/\/www.cordobatimes.com\/showup\/moda-y-estilos\/2019\/07\/23\/la-moda-de-los-70-esta-de-vuelta\/","title":{"rendered":"La moda de los 70 est\u00e1 de vuelta"},"content":{"rendered":"<h3><strong>El revival se lleva con pantalones oxford, el flower power, el corderoy y los tonos tierra.<\/strong><\/h3>\n<p><img alt=\"\" loading=\"lazy\" decoding=\"async\" class=\"alignnone size-full wp-image-65590\" src=\"https:\/\/www.cordobatimes.com\/showup\/wp-content\/uploads\/2019\/07\/3061152w740.jpg\" alt=\"\" width=\"740\" height=\"493\" srcset=\"https:\/\/www.cordobatimes.com\/showup\/wp-content\/uploads\/2019\/07\/3061152w740.jpg 740w, https:\/\/www.cordobatimes.com\/showup\/wp-content\/uploads\/2019\/07\/3061152w740-630x420.jpg 630w, https:\/\/www.cordobatimes.com\/showup\/wp-content\/uploads\/2019\/07\/3061152w740-696x464.jpg 696w\" sizes=\"auto, (max-width: 740px) 100vw, 740px\" \/><\/p>\n<p>Camisa estampada pantal\u00f3n de corderoy, botineta de punta redondeada y cartera de cuero.<\/p>\n<p><img alt=\"\" loading=\"lazy\" decoding=\"async\" class=\"alignnone size-full wp-image-65591\" src=\"https:\/\/www.cordobatimes.com\/showup\/wp-content\/uploads\/2019\/07\/3061147w740.jpg\" alt=\"\" width=\"740\" height=\"1036\" srcset=\"https:\/\/www.cordobatimes.com\/showup\/wp-content\/uploads\/2019\/07\/3061147w740.jpg 740w, https:\/\/www.cordobatimes.com\/showup\/wp-content\/uploads\/2019\/07\/3061147w740-300x420.jpg 300w, https:\/\/www.cordobatimes.com\/showup\/wp-content\/uploads\/2019\/07\/3061147w740-731x1024.jpg 731w, https:\/\/www.cordobatimes.com\/showup\/wp-content\/uploads\/2019\/07\/3061147w740-696x974.jpg 696w\" sizes=\"auto, (max-width: 740px) 100vw, 740px\" \/><\/p>\n<p>Saco y pantal\u00f3n de corderoy blusa con lazo bandolera de charol<\/p>\n<p><img alt=\"\" loading=\"lazy\" decoding=\"async\" class=\"alignnone size-full wp-image-65592\" src=\"https:\/\/www.cordobatimes.com\/showup\/wp-content\/uploads\/2019\/07\/3061148w740.jpg\" alt=\"\" width=\"740\" height=\"1155\" srcset=\"https:\/\/www.cordobatimes.com\/showup\/wp-content\/uploads\/2019\/07\/3061148w740.jpg 740w, https:\/\/www.cordobatimes.com\/showup\/wp-content\/uploads\/2019\/07\/3061148w740-269x420.jpg 269w, https:\/\/www.cordobatimes.com\/showup\/wp-content\/uploads\/2019\/07\/3061148w740-656x1024.jpg 656w, https:\/\/www.cordobatimes.com\/showup\/wp-content\/uploads\/2019\/07\/3061148w740-696x1086.jpg 696w\" sizes=\"auto, (max-width: 740px) 100vw, 740px\" \/><\/p>\n<p>Saco pr\u00edncipe de Gales camisa estampada \u00a0falda con botones aros<\/p>\n<p><img alt=\"\" loading=\"lazy\" decoding=\"async\" class=\"alignnone size-full wp-image-65593\" src=\"https:\/\/www.cordobatimes.com\/showup\/wp-content\/uploads\/2019\/07\/3061154w740.jpg\" alt=\"\" width=\"740\" height=\"1036\" srcset=\"https:\/\/www.cordobatimes.com\/showup\/wp-content\/uploads\/2019\/07\/3061154w740.jpg 740w, https:\/\/www.cordobatimes.com\/showup\/wp-content\/uploads\/2019\/07\/3061154w740-300x420.jpg 300w, https:\/\/www.cordobatimes.com\/showup\/wp-content\/uploads\/2019\/07\/3061154w740-731x1024.jpg 731w, https:\/\/www.cordobatimes.com\/showup\/wp-content\/uploads\/2019\/07\/3061154w740-696x974.jpg 696w\" sizes=\"auto, (max-width: 740px) 100vw, 740px\" \/><\/p>\n<p>Saco, camisa y pantal\u00f3n estampado de sat\u00e9n polera \u00a0stilettos bandolera de cuero aros.<\/p>\n<p><img alt=\"\" loading=\"lazy\" decoding=\"async\" class=\"alignnone size-full wp-image-65594\" src=\"https:\/\/www.cordobatimes.com\/showup\/wp-content\/uploads\/2019\/07\/3061150w740.jpg\" alt=\"\" width=\"740\" height=\"1173\" srcset=\"https:\/\/www.cordobatimes.com\/showup\/wp-content\/uploads\/2019\/07\/3061150w740.jpg 740w, https:\/\/www.cordobatimes.com\/showup\/wp-content\/uploads\/2019\/07\/3061150w740-265x420.jpg 265w, https:\/\/www.cordobatimes.com\/showup\/wp-content\/uploads\/2019\/07\/3061150w740-646x1024.jpg 646w, https:\/\/www.cordobatimes.com\/showup\/wp-content\/uploads\/2019\/07\/3061150w740-696x1103.jpg 696w\" sizes=\"auto, (max-width: 740px) 100vw, 740px\" \/><\/p>\n<p>Saco con apliques top y falda con lunares<\/p>\n","protected":false},"excerpt":{"rendered":"<p>El revival se lleva con pantalones oxford, el flower power, el corderoy y los tonos tierra. Camisa estampada pantal\u00f3n de corderoy, botineta de punta redondeada y cartera de cuero. Saco y pantal\u00f3n de corderoy blusa con lazo bandolera de charol Saco pr\u00edncipe de Gales camisa estampada \u00a0falda con botones aros Saco, camisa y pantal\u00f3n estampado [&hellip;]<\/p>\n","protected":false},"author":1,"featured_media":65589,"comment_status":"closed","ping_status":"closed","sticky":false,"template":"","format":"standard","meta":{"_seopress_robots_primary_cat":"","_seopress_titles_title":"","_seopress_titles_desc":"","_seopress_robots_index":"","footnotes":""},"categories":[228],"tags":[24153,24152,24154],"class_list":{"0":"post-65588","1":"post","2":"type-post","3":"status-publish","4":"format-standard","5":"has-post-thumbnail","7":"category-moda-y-estilos","8":"tag-los-70-vuelven-a-ser-tendencia","9":"tag-moda-de-los-70","10":"tag-tendencias-de-moda-2019"},"_links":{"self":[{"href":"https:\/\/www.cordobatimes.com\/showup\/wp-json\/wp\/v2\/posts\/65588","targetHints":{"allow":["GET"]}}],"collection":[{"href":"https:\/\/www.cordobatimes.com\/showup\/wp-json\/wp\/v2\/posts"}],"about":[{"href":"https:\/\/www.cordobatimes.com\/showup\/wp-json\/wp\/v2\/types\/post"}],"author":[{"embeddable":true,"href":"https:\/\/www.cordobatimes.com\/showup\/wp-json\/wp\/v2\/users\/1"}],"replies":[{"embeddable":true,"href":"https:\/\/www.cordobatimes.com\/showup\/wp-json\/wp\/v2\/comments?post=65588"}],"version-history":[{"count":0,"href":"https:\/\/www.cordobatimes.com\/showup\/wp-json\/wp\/v2\/posts\/65588\/revisions"}],"wp:featuredmedia":[{"embeddable":true,"href":"https:\/\/www.cordobatimes.com\/showup\/wp-json\/wp\/v2\/media\/65589"}],"wp:attachment":[{"href":"https:\/\/www.cordobatimes.com\/showup\/wp-json\/wp\/v2\/media?parent=65588"}],"wp:term":[{"taxonomy":"category","embeddable":true,"href":"https:\/\/www.cordobatimes.com\/showup\/wp-json\/wp\/v2\/categories?post=65588"},{"taxonomy":"post_tag","embeddable":true,"href":"https:\/\/www.cordobatimes.com\/showup\/wp-json\/wp\/v2\/tags?post=65588"}],"curies":[{"name":"wp","href":"https:\/\/api.w.org\/{rel}","templated":true}]}}