{"id":65582,"date":"2019-07-23T12:07:40","date_gmt":"2019-07-23T15:07:40","guid":{"rendered":"https:\/\/www.cordobatimes.com\/showup\/?p=65582"},"modified":"2019-07-23T12:07:40","modified_gmt":"2019-07-23T15:07:40","slug":"la-casa-de-papel-y-la-casa-de-las-flores-tendran-su-propio-libro","status":"publish","type":"post","link":"https:\/\/www.cordobatimes.com\/showup\/cine-y-series\/2019\/07\/23\/la-casa-de-papel-y-la-casa-de-las-flores-tendran-su-propio-libro\/","title":{"rendered":"\u00abLa casa de papel\u00bb y \u00abLa casa de las flores\u00bb tendr\u00e1n  su propio libro"},"content":{"rendered":"<h3><strong>Series\u00a0 exitosas de Netflix como La casa de papel, La casa de las flores y \u00c9lite tendr\u00e1n sus propias narraciones en libros.<\/strong><\/h3>\n<p>De manera inversa al orden habitual que consiste en tomar la trama de un libro y trasladarla al formato audiovisual, la editorial Planeta y Neflix se han asociado para llevar al formato impreso la series La casa de papel, \u00c9lite y La casa de las flores, tres de las sagas m\u00e1s exitosas que ha emitido la plataforma. Escritores cuyos nombres se desconocen y guionistas de estas series ser\u00e1n los encargados de crear nuevas historias para los personajes de estas exitosas producciones televisivas en espa\u00f1ol que han conquistado al p\u00fablico espa\u00f1ol y latinoamericano.<\/p>\n<p>El proyecto no contempla adaptar literalmente a la literatura el contenido ya conocido de personajes como el Profesor o Tokio (La Casa de Papel), Christian y Mina (\u00c9lite) o Cecilia (La casa de las flores), sino que a partir de estos universos ya conocidos se narrar\u00e1m nuevas historias.<\/p>\n<p>Para Jes\u00fas Badenes, director de la Divisi\u00f3n de Libros de Grupo Planeta, la elecci\u00f3n de estas tres series se debe a que tienen un tema en com\u00fan, \u00abel gran \u00e9xito y la gran capacidad de atracci\u00f3n de publico\u00bb. \u00abLa casa de las flores\u00bb est\u00e1 \u00abm\u00e1s basada en el entorno latinoamericano\u00bb, y \u00abLa casa de papel\u00bb y \u00ab\u00c9lite\u00bb son \u00abtremendamente globales\u00bb, especific\u00f3.<\/p>\n","protected":false},"excerpt":{"rendered":"<p>Series\u00a0 exitosas de Netflix como La casa de papel, La casa de las flores y \u00c9lite tendr\u00e1n sus propias narraciones en libros. De manera inversa al orden habitual que consiste en tomar la trama de un libro y trasladarla al formato audiovisual, la editorial Planeta y Neflix se han asociado para llevar al formato impreso [&hellip;]<\/p>\n","protected":false},"author":1,"featured_media":65583,"comment_status":"closed","ping_status":"closed","sticky":false,"template":"","format":"standard","meta":{"_seopress_robots_primary_cat":"","_seopress_titles_title":"","_seopress_titles_desc":"","_seopress_robots_index":"","footnotes":""},"categories":[3],"tags":[24149,24150],"class_list":{"0":"post-65582","1":"post","2":"type-post","3":"status-publish","4":"format-standard","5":"has-post-thumbnail","7":"category-cine-y-series","8":"tag-la-casa-de-papel-y-la-casa-de-las-flores","9":"tag-libros-de-series"},"_links":{"self":[{"href":"https:\/\/www.cordobatimes.com\/showup\/wp-json\/wp\/v2\/posts\/65582","targetHints":{"allow":["GET"]}}],"collection":[{"href":"https:\/\/www.cordobatimes.com\/showup\/wp-json\/wp\/v2\/posts"}],"about":[{"href":"https:\/\/www.cordobatimes.com\/showup\/wp-json\/wp\/v2\/types\/post"}],"author":[{"embeddable":true,"href":"https:\/\/www.cordobatimes.com\/showup\/wp-json\/wp\/v2\/users\/1"}],"replies":[{"embeddable":true,"href":"https:\/\/www.cordobatimes.com\/showup\/wp-json\/wp\/v2\/comments?post=65582"}],"version-history":[{"count":0,"href":"https:\/\/www.cordobatimes.com\/showup\/wp-json\/wp\/v2\/posts\/65582\/revisions"}],"wp:featuredmedia":[{"embeddable":true,"href":"https:\/\/www.cordobatimes.com\/showup\/wp-json\/wp\/v2\/media\/65583"}],"wp:attachment":[{"href":"https:\/\/www.cordobatimes.com\/showup\/wp-json\/wp\/v2\/media?parent=65582"}],"wp:term":[{"taxonomy":"category","embeddable":true,"href":"https:\/\/www.cordobatimes.com\/showup\/wp-json\/wp\/v2\/categories?post=65582"},{"taxonomy":"post_tag","embeddable":true,"href":"https:\/\/www.cordobatimes.com\/showup\/wp-json\/wp\/v2\/tags?post=65582"}],"curies":[{"name":"wp","href":"https:\/\/api.w.org\/{rel}","templated":true}]}}