{"id":65579,"date":"2019-07-23T11:48:56","date_gmt":"2019-07-23T14:48:56","guid":{"rendered":"https:\/\/www.cordobatimes.com\/showup\/?p=65579"},"modified":"2019-07-23T11:48:56","modified_gmt":"2019-07-23T14:48:56","slug":"el-hermano-de-sergio-denis-hablo-de-el-actual-estado-de-salud-del-cantante","status":"publish","type":"post","link":"https:\/\/www.cordobatimes.com\/showup\/famosos\/2019\/07\/23\/el-hermano-de-sergio-denis-hablo-de-el-actual-estado-de-salud-del-cantante\/","title":{"rendered":"El hermano de Sergio Denis habl\u00f3 de el actual estado de salud del cantante"},"content":{"rendered":"<h3><strong>Carlos Hoffmann se refiri\u00f3 a la salud del m\u00fasico.<\/strong><\/h3>\n<p>Pasaron m\u00e1s de cuatro meses desde el tr\u00e1gico accidente que sufri\u00f3 Sergio Denis en el escenario, y el cantante a\u00fan contin\u00faa internado sin se\u00f1ales de mejor\u00eda.<\/p>\n<p>En di\u00e1logo con el\u00a0Diario de Cuyo, Carlos Hoffmann, hermano del interprete, cont\u00f3 que Sergio sigue \u201cinm\u00f3vil y dormido, igual que el primer d\u00eda que ingres\u00f3 al hospital\u201d. Recordemos que se encuentra internado en la cl\u00ednica de rehabilitaci\u00f3n ALCLA, en Buenos Aires, lugar donde fue trasladado desde Tucum\u00e1n el pasado 13 de abril.<\/p>\n<p>\u00abEst\u00e1 perfecto f\u00edsicamente, pero no reacciona. No hay nada que hacer\u00bb, sostuvo el familiar del artista. Mientras tanto, en el \u00faltimo parte m\u00e9dico que dio a conocer el hijo de Denis, se explica que \u00abse encuentra compensado hemodin\u00e1micamente, sin intercurrencias agudas y con respiraci\u00f3n espont\u00e1nea\u00bb.<\/p>\n<p>Juan Alberto Mateyko, amigo de Denis, estuvo presente este viernes en el programa\u00a0Mi Otro Yo\u00a0que se emite por Canal C y all\u00ed se mostr\u00f3 muy preocupado por el cantante. \u201cEst\u00e1 mal, s\u00f3lo se puede esperar un milagro. Est\u00e1 en una situaci\u00f3n similar a la que estuvo Gustavo Cerati. En su familia todav\u00eda se ilusionan, le hablan\u201d, indic\u00f3.<\/p>\n<h3><strong>El accidente<\/strong><\/h3>\n<p>La ca\u00edda de Sergio Denis ocurri\u00f3 a mediados de marzo, durante un show que el cantante desarrollaba en el Teatro Mercedes Sosa de Tucum\u00e1n por el D\u00eda de la Mujer. Mientras cantaba\u00a0Te Llamo para Despedirme, cay\u00f3 en una fosa de cuatro metros delante de todo el p\u00fablico y desde entonces familiares, amigos, fans y allegados rezan por su recuperaci\u00f3n<\/p>\n","protected":false},"excerpt":{"rendered":"<p>Carlos Hoffmann se refiri\u00f3 a la salud del m\u00fasico. Pasaron m\u00e1s de cuatro meses desde el tr\u00e1gico accidente que sufri\u00f3 Sergio Denis en el escenario, y el cantante a\u00fan contin\u00faa internado sin se\u00f1ales de mejor\u00eda. En di\u00e1logo con el\u00a0Diario de Cuyo, Carlos Hoffmann, hermano del interprete, cont\u00f3 que Sergio sigue \u201cinm\u00f3vil y dormido, igual que [&hellip;]<\/p>\n","protected":false},"author":1,"featured_media":65580,"comment_status":"closed","ping_status":"closed","sticky":false,"template":"","format":"standard","meta":{"_seopress_robots_primary_cat":"","_seopress_titles_title":"","_seopress_titles_desc":"","_seopress_robots_index":"","footnotes":""},"categories":[4],"tags":[24148,1268],"class_list":{"0":"post-65579","1":"post","2":"type-post","3":"status-publish","4":"format-standard","5":"has-post-thumbnail","7":"category-famosos","8":"tag-estado-de-salud-actual-de-sergio-denis","9":"tag-sergio-denis"},"_links":{"self":[{"href":"https:\/\/www.cordobatimes.com\/showup\/wp-json\/wp\/v2\/posts\/65579","targetHints":{"allow":["GET"]}}],"collection":[{"href":"https:\/\/www.cordobatimes.com\/showup\/wp-json\/wp\/v2\/posts"}],"about":[{"href":"https:\/\/www.cordobatimes.com\/showup\/wp-json\/wp\/v2\/types\/post"}],"author":[{"embeddable":true,"href":"https:\/\/www.cordobatimes.com\/showup\/wp-json\/wp\/v2\/users\/1"}],"replies":[{"embeddable":true,"href":"https:\/\/www.cordobatimes.com\/showup\/wp-json\/wp\/v2\/comments?post=65579"}],"version-history":[{"count":0,"href":"https:\/\/www.cordobatimes.com\/showup\/wp-json\/wp\/v2\/posts\/65579\/revisions"}],"wp:featuredmedia":[{"embeddable":true,"href":"https:\/\/www.cordobatimes.com\/showup\/wp-json\/wp\/v2\/media\/65580"}],"wp:attachment":[{"href":"https:\/\/www.cordobatimes.com\/showup\/wp-json\/wp\/v2\/media?parent=65579"}],"wp:term":[{"taxonomy":"category","embeddable":true,"href":"https:\/\/www.cordobatimes.com\/showup\/wp-json\/wp\/v2\/categories?post=65579"},{"taxonomy":"post_tag","embeddable":true,"href":"https:\/\/www.cordobatimes.com\/showup\/wp-json\/wp\/v2\/tags?post=65579"}],"curies":[{"name":"wp","href":"https:\/\/api.w.org\/{rel}","templated":true}]}}